{"id":608242,"date":"2026-07-29T19:01:15","date_gmt":"2026-07-29T19:01:15","guid":{"rendered":"https:\/\/www.europesays.com\/it\/608242\/"},"modified":"2026-07-29T19:01:15","modified_gmt":"2026-07-29T19:01:15","slug":"sole-il-dermatologo-avverte-labbronzatura-non-e-sinonimo-di-salute-la-pelle-produce-la-melanina-per-difendersi-da-unaggressione","status":"publish","type":"post","link":"https:\/\/www.europesays.com\/it\/608242\/","title":{"rendered":"Sole, il dermatologo avverte: \u00abL&#8217;abbronzatura non \u00e8 sinonimo di salute, la pelle produce la melanina per difendersi da un&#8217;aggressione\u00bb"},"content":{"rendered":"<p><strong>Anche l&#8217;Airc, l&#8217;Associazione Italiana per la Ricerca sul Cancro,<\/strong> ha tuonato via social contro le fake news che circolano sulle creme solari che favorirebbero l&#8217;insorgere del melanoma definendole assolutamente false e prive di basi scientifiche.<\/p>\n<p><strong>A insorgere, infine, la Sidemast, Societ\u00e0 italiana di dermatologia e malattie sessualmente trasmesse:<\/strong> \u00abNegare che i raggi UV causino i tumori della pelle \u00e8 mistificazione e follia. I raggi Uv sono cancerogeni e la fotoprotezione rappresenta uno strumento fondamentale di prevenzione. I falsi messaggi sono di per s\u00e9 negativi ma quando mandati da medici sono estremamente pericolosi\u00bb.<\/p>\n<p><strong>Per ribadire l&#8217;importanza della protezione solare e sfatare qualunque eventuale dubbio sulla questione,<\/strong> abbiamo interpellato il <strong>Dottor Andrea Di Stefano<\/strong>,\u00a0medico specialista in dermatologia e venereologia a Monza, <strong>esperto di diagnosi dermatoscopica dei tumori cutanei e fondatore di<\/strong> <a data-offer-url=\"https:\/\/www.dcderma.com\/mappatura-nei-monza\/\" class=\"external-link\" data-event-click=\"{&quot;element&quot;:&quot;ExternalLink&quot;,&quot;outgoingURL&quot;:&quot;https:\/\/www.dcderma.com\/mappatura-nei-monza\/&quot;}\" href=\"https:\/\/www.dcderma.com\/mappatura-nei-monza\/\" rel=\"nofollow noopener\" target=\"_blank\"><strong>D&amp;C Derma<\/strong><\/a><strong>, clinica dermatologica online e studio professionale.<\/strong><\/p>\n<p>Perch\u00e9 il sole pu\u00f2 essere cancerogeno?<\/p>\n<p><strong>\u00ab<\/strong><a href=\"https:\/\/www.google.com\/search?q=Il+melanoma+vanity+fair&amp;sca_esv=5fc228418363e72d&amp;sxsrf=APpeQnujHr51U2H4O-wfbti489QG1LgKsg%3A1785315343664&amp;ei=D8BpasCEKKeA9u8PmKK0iAU&amp;ved=0ahUKEwiAyPv2wfeVAxUngP0HHRgRDVEQ4dUDCBA&amp;uact=5&amp;oq=Il+melanoma+vanity+fair&amp;gs_lp=Egxnd3Mtd2l6LXNlcnAiF0lsIG1lbGFub21hIHZhbml0eSBmYWlyMggQIRigARjDBDIIECEYoAEYwwRIwghQAFinBnAAeACQAQCYAYQBoAHnAqoBAzAuM7gBA8gBAPgBAfgBApgCA6AC_ALCAgQQIxgnwgIGEAAYBxgewgILEAAYgAQYsQMYgwHCAgQQABgDwgIFEAAYgATCAgoQIRgKGKABGMMEmAMAkgcDMC4zoAf1CrIHAzAuM7gH_ALCBwUwLjIuMcgHDIAIAQ&amp;sclient=gws-wiz-serp\" rel=\"nofollow noopener\" target=\"_blank\"><strong>Il melanoma<\/strong><\/a> <strong>\u00e8 il tumore pi\u00f9 aggressivo della pelle.<\/strong> Se non diagnosticato precocemente, \u00e8 mortale per via della sua capacit\u00e0 di metastatizzare con rapidit\u00e0 e aggressivit\u00e0. Non v&#8217;\u00e8 alcun dubbio che le <strong>esposizioni<\/strong> intense (anche una unica per i soggetti predisposti oncogeneticamente al melanoma) oppure intermittenti ma frequenti <strong>ai raggi UV siano una delle principali cause di insorgenza del melanoma e di numerosi altri tumori<\/strong> della pelle e degli annessi cutanei\u00bb, sottolinea l&#8217;esperto che \u00e8 anche traduttore e revisore della versione italiana di uno dei pi\u00f9 autorevoli manuali nel ramo della dermatoscopia: quello del Professor Harald Kittler.<\/p>\n<p>\u00c8 vero che le scottature giovanili sono le pi\u00f9 pericolose?<\/p>\n<p><strong>\u00ab\u00c8 importantissimo proteggersi sempre con un solare adeguato al proprio fototipo<\/strong> e alle proprie esigenze cutanee (sensibilit\u00e0, dermatiti). Ancora pi\u00f9 importante \u00e8 <a href=\"https:\/\/www.vanityfair.it\/article\/crema-solare-bambini-come-sceglierla-migliori\" rel=\"nofollow noopener\" target=\"_blank\">proteggere i bambini<\/a>, perch\u00e9 sappiamo perfettamente che le scottature in et\u00e0 infantile e adolescenziale sono praticamente dei &#8220;conti salatissimi&#8221; che si pagano amaramente anche dopo numerosi decenni. La pelle \u00e8, infatti, un organo che ricorda e pertanto ogni danno inflitto al Dna delle sue cellule potrebbe estrinsecarsi sotto forma di tumore anche 20 o 30 anni (quando cala la naturale capacit\u00e0 delle cellule di autoripararsi) dopo scottature o esposizioni sconsiderate. <strong>Proteggersi \u00e8 importante a tutte le et\u00e0, ovviamente, nessuno deve ritenersi esonerato<\/strong>. La prevenzione \u00e8 la principale arma contro il melanoma e contro tante altre neoplasie che insorgono sul nostro importantissimo rivestimento. Ricordo, inoltre, che \u00e8 fondamentale sottoporsi a una visita specialistica dermatologica almeno una volta all&#8217;anno per valutare le condizioni dei propri nei, senza mai tralasciare un adeguato autocontrollo trimestrale seguendo i consigli del proprio dermatologo di fiducia\u00bb.<\/p>\n","protected":false},"excerpt":{"rendered":"Anche l&#8217;Airc, l&#8217;Associazione Italiana per la Ricerca sul Cancro, ha tuonato via social contro le fake news che&hellip;\n","protected":false},"author":3,"featured_media":608243,"comment_status":"","ping_status":"","sticky":false,"template":"","format":"standard","meta":{"footnotes":"","_share_on_mastodon":"0"},"categories":[175],"tags":[239,1537,90,89,240,360,1900,24289],"class_list":["post-608242","post","type-post","status-publish","format-standard","has-post-thumbnail","category-salute","tag-health","tag-it","tag-italia","tag-italy","tag-salute","tag-sole","tag-tumore","tag-viso"],"share_on_mastodon":{"url":"https:\/\/pubeurope.com\/@it\/117004814676521438","error":""},"_links":{"self":[{"href":"https:\/\/www.europesays.com\/it\/wp-json\/wp\/v2\/posts\/608242","targetHints":{"allow":["GET"]}}],"collection":[{"href":"https:\/\/www.europesays.com\/it\/wp-json\/wp\/v2\/posts"}],"about":[{"href":"https:\/\/www.europesays.com\/it\/wp-json\/wp\/v2\/types\/post"}],"author":[{"embeddable":true,"href":"https:\/\/www.europesays.com\/it\/wp-json\/wp\/v2\/users\/3"}],"replies":[{"embeddable":true,"href":"https:\/\/www.europesays.com\/it\/wp-json\/wp\/v2\/comments?post=608242"}],"version-history":[{"count":0,"href":"https:\/\/www.europesays.com\/it\/wp-json\/wp\/v2\/posts\/608242\/revisions"}],"wp:featuredmedia":[{"embeddable":true,"href":"https:\/\/www.europesays.com\/it\/wp-json\/wp\/v2\/media\/608243"}],"wp:attachment":[{"href":"https:\/\/www.europesays.com\/it\/wp-json\/wp\/v2\/media?parent=608242"}],"wp:term":[{"taxonomy":"category","embeddable":true,"href":"https:\/\/www.europesays.com\/it\/wp-json\/wp\/v2\/categories?post=608242"},{"taxonomy":"post_tag","embeddable":true,"href":"https:\/\/www.europesays.com\/it\/wp-json\/wp\/v2\/tags?post=608242"}],"curies":[{"name":"wp","href":"https:\/\/api.w.org\/{rel}","templated":true}]}}