{"id":608507,"date":"2026-07-29T22:38:15","date_gmt":"2026-07-29T22:38:15","guid":{"rendered":"https:\/\/www.europesays.com\/it\/608507\/"},"modified":"2026-07-29T22:38:15","modified_gmt":"2026-07-29T22:38:15","slug":"filippo-bisciglia-tutto-sul-conduttore-di-temptation-island-eta-dove-vive-fidanzata-patrimonio-la-malattia-da-bambino-e-la-fine-della-relazione-con-pamela-camassa","status":"publish","type":"post","link":"https:\/\/www.europesays.com\/it\/608507\/","title":{"rendered":"Filippo Bisciglia, tutto sul conduttore di Temptation Island: et\u00e0, dove vive, fidanzata, patrimonio, la malattia da bambino e la fine della relazione con Pamela Camassa"},"content":{"rendered":"<p>C&#8217;\u00e8 grande attesa per il grande finale di stagione di Temptation Island. Al timone confermatissimo Filippo Bisciglia, che quest&#8217;anno per\u00f2 \u00e8 stato pi\u00f9 volte criticato dagli spettatori per i suoi interventi durante i fal\u00f2. Uno dei volti pi\u00f9 riconoscibili dei reality e dell&#8217;intrattenimento, negli anni \u00e8 diventato il narratore e il simbolo del programma del viaggio dei sentimenti. Ma nell&#8217;ultimo anno il suo nome \u00e8 tornato al centro dell\u2019attenzione anche per la fine della lunga relazione con <a href=\"https:\/\/www.ilmessaggero.it\/t\/pamela-camassa\" rel=\"nofollow noopener\" target=\"_blank\">Pamela Camassa<\/a>, chiusa dopo 17 anni con un annuncio condiviso sui social.<\/p>\n","protected":false},"excerpt":{"rendered":"C&#8217;\u00e8 grande attesa per il grande finale di stagione di Temptation Island. Al timone confermatissimo Filippo Bisciglia, che&hellip;\n","protected":false},"author":3,"featured_media":608508,"comment_status":"","ping_status":"","sticky":false,"template":"","format":"standard","meta":{"footnotes":"","_share_on_mastodon":"0"},"categories":[174],"tags":[20330,685,203,5849,204,1537,90,89,2656,8204,1673],"class_list":["post-608507","post","type-post","status-publish","format-standard","has-post-thumbnail","category-intrattenimento","tag-bisciglia","tag-canale-5","tag-entertainment","tag-filippo-bisciglia","tag-intrattenimento","tag-it","tag-italia","tag-italy","tag-stasera-in-tv","tag-temptation","tag-temptation-island"],"share_on_mastodon":{"url":"https:\/\/pubeurope.com\/@it\/117005667931629651","error":""},"_links":{"self":[{"href":"https:\/\/www.europesays.com\/it\/wp-json\/wp\/v2\/posts\/608507","targetHints":{"allow":["GET"]}}],"collection":[{"href":"https:\/\/www.europesays.com\/it\/wp-json\/wp\/v2\/posts"}],"about":[{"href":"https:\/\/www.europesays.com\/it\/wp-json\/wp\/v2\/types\/post"}],"author":[{"embeddable":true,"href":"https:\/\/www.europesays.com\/it\/wp-json\/wp\/v2\/users\/3"}],"replies":[{"embeddable":true,"href":"https:\/\/www.europesays.com\/it\/wp-json\/wp\/v2\/comments?post=608507"}],"version-history":[{"count":0,"href":"https:\/\/www.europesays.com\/it\/wp-json\/wp\/v2\/posts\/608507\/revisions"}],"wp:featuredmedia":[{"embeddable":true,"href":"https:\/\/www.europesays.com\/it\/wp-json\/wp\/v2\/media\/608508"}],"wp:attachment":[{"href":"https:\/\/www.europesays.com\/it\/wp-json\/wp\/v2\/media?parent=608507"}],"wp:term":[{"taxonomy":"category","embeddable":true,"href":"https:\/\/www.europesays.com\/it\/wp-json\/wp\/v2\/categories?post=608507"},{"taxonomy":"post_tag","embeddable":true,"href":"https:\/\/www.europesays.com\/it\/wp-json\/wp\/v2\/tags?post=608507"}],"curies":[{"name":"wp","href":"https:\/\/api.w.org\/{rel}","templated":true}]}}