{"id":608665,"date":"2026-07-30T01:07:13","date_gmt":"2026-07-30T01:07:13","guid":{"rendered":"https:\/\/www.europesays.com\/it\/608665\/"},"modified":"2026-07-30T01:07:13","modified_gmt":"2026-07-30T01:07:13","slug":"vuelta-a-burgos-2026-primoz-roglic-sara-al-via-presente-anche-giulio-pellizzari","status":"publish","type":"post","link":"https:\/\/www.europesays.com\/it\/608665\/","title":{"rendered":"Vuelta a Burgos 2026, Primoz Roglic sar\u00e0 al via. Presente anche Giulio Pellizzari"},"content":{"rendered":"<p>Concluso il Tour de France con il quinto titolo di Tadej Pogacar, l\u2019attenzione del ciclismo internazionale si sposta ora verso il terzo grande giro della stagione, <strong>la Vuelta a Espa\u00f1a.<\/strong> Uno dei protagonisti dell\u2019edizione 2026<strong> sar\u00e0 sicuramente Primoz Roglic<\/strong>, che va a caccia della quinta affermazione sulle strade spagnole anche se potrebbe trovarsi di fronte come principale rivale proprio l\u2019illustre connazionale della UAE, che non ha ancora sciolto i dubbi sulla sua presenza.<\/p>\n<p>Sicuramente Roglic ci sar\u00e0 e per preparare al meglio questo appuntamento <strong>ha deciso di presentarsi al via della Vuelta a Burgos 2026<\/strong>, che sar\u00e0 in programma dal 4 all\u20198 agosto. L\u2019annuncio ufficiale \u00e8 stato dato dagli organizzatori, che hanno confermato la presenza del capitano della Red Bull-Bora-hansgrohe.<\/p>\n<p><strong>Roglic aveva partecipato alla Vuelta a Burgos nel 2023<\/strong>, conquistando due tappe e vincendo poi anche la classifica generale. Lo sloveno avr\u00e0 al suo fianco Giulio Pellizzari. Il corridore marchigiano sar\u00e0 il secondo uomo di punta della Red Bull e sicuramente avr\u00e0 come principale compito quello di supportare il proprio capitano.<\/p>\n<p>Pellizzari non sar\u00e0 l\u2019unico italiano della Red Bull-Bora-hansgrohe sulle strade spagnole. Infatti saranno al via <strong>anche il giovane Davide Donati,<\/strong> che fa parte della squadra junior della Red Bull e che gi\u00e0 si \u00e8 messo in luce quest\u2019anno con ottime gare tra i professionisti. Presente anche <strong>Gianni Moscon,<\/strong> che far\u00e0 parte della squadra insieme anche al colombiano Daniel Felipe Mart\u00ednez, al neozelandese Laurence Pithie e all\u2019australiano Luke Tuckwell.<\/p>\n","protected":false},"excerpt":{"rendered":"Concluso il Tour de France con il quinto titolo di Tadej Pogacar, l\u2019attenzione del ciclismo internazionale si sposta&hellip;\n","protected":false},"author":3,"featured_media":608666,"comment_status":"","ping_status":"","sticky":false,"template":"","format":"standard","meta":{"footnotes":"","_share_on_mastodon":"0"},"categories":[1456],"tags":[1824,1825,17601,15703,17087,1537,90,89,1879,245,244,319889],"class_list":["post-608665","post","type-post","status-publish","format-standard","has-post-thumbnail","category-ciclismo","tag-ciclismo","tag-cycling","tag-davide-donati","tag-gianni-moscon","tag-giulio-pellizzari","tag-it","tag-italia","tag-italy","tag-primoz-roglic","tag-sport","tag-sports","tag-vuelta-a-burgos-2026"],"share_on_mastodon":{"url":"https:\/\/pubeurope.com\/@it\/117006253844622761","error":""},"_links":{"self":[{"href":"https:\/\/www.europesays.com\/it\/wp-json\/wp\/v2\/posts\/608665","targetHints":{"allow":["GET"]}}],"collection":[{"href":"https:\/\/www.europesays.com\/it\/wp-json\/wp\/v2\/posts"}],"about":[{"href":"https:\/\/www.europesays.com\/it\/wp-json\/wp\/v2\/types\/post"}],"author":[{"embeddable":true,"href":"https:\/\/www.europesays.com\/it\/wp-json\/wp\/v2\/users\/3"}],"replies":[{"embeddable":true,"href":"https:\/\/www.europesays.com\/it\/wp-json\/wp\/v2\/comments?post=608665"}],"version-history":[{"count":0,"href":"https:\/\/www.europesays.com\/it\/wp-json\/wp\/v2\/posts\/608665\/revisions"}],"wp:featuredmedia":[{"embeddable":true,"href":"https:\/\/www.europesays.com\/it\/wp-json\/wp\/v2\/media\/608666"}],"wp:attachment":[{"href":"https:\/\/www.europesays.com\/it\/wp-json\/wp\/v2\/media?parent=608665"}],"wp:term":[{"taxonomy":"category","embeddable":true,"href":"https:\/\/www.europesays.com\/it\/wp-json\/wp\/v2\/categories?post=608665"},{"taxonomy":"post_tag","embeddable":true,"href":"https:\/\/www.europesays.com\/it\/wp-json\/wp\/v2\/tags?post=608665"}],"curies":[{"name":"wp","href":"https:\/\/api.w.org\/{rel}","templated":true}]}}