{"id":608921,"date":"2026-07-30T06:09:20","date_gmt":"2026-07-30T06:09:20","guid":{"rendered":"https:\/\/www.europesays.com\/it\/608921\/"},"modified":"2026-07-30T06:09:20","modified_gmt":"2026-07-30T06:09:20","slug":"fabio-rovazzi-e-il-successo-di-battiti-live-la-passione-per-i-video-dal-nonno-lincontro-e-la-lite-con-fedez-gli-amori-e-il-desiderio-di-diventare-papa","status":"publish","type":"post","link":"https:\/\/www.europesays.com\/it\/608921\/","title":{"rendered":"Fabio Rovazzi e il successo di Battiti Live: la passione per i video dal nonno, l&#8217;incontro e la lite con Fedez, gli amori e il desiderio di diventare pap\u00e0"},"content":{"rendered":"<p>&#13;<br \/>\n                               &#13;<br \/>\n                                                &#13;<br \/>\n                &#13;<\/p>\n<p>Il <a href=\"https:\/\/www.leggo.it\/t\/tim-battiti-live\" rel=\"nofollow noopener\" target=\"_blank\">Tim Battiti Live<\/a> \u00e8 arrivato all&#8217;atto finale. Gioved\u00ec 30 luglio, in prima serata su Canale 5, va in onda l&#8217;ultimo appuntamento dello show musicale dell&#8217;estate condotto da <a href=\"https:\/\/www.leggo.it\/t\/ilary-blasi\" rel=\"nofollow noopener\" target=\"_blank\">Ilary Blasi<\/a>, con <strong><a href=\"https:\/\/www.leggo.it\/t\/fabio-rovazzi\" rel=\"nofollow noopener\" target=\"_blank\">Fabio Rovazzi<\/a><\/strong> e <a href=\"https:\/\/www.leggo.it\/t\/daniele-battaglia\" rel=\"nofollow noopener\" target=\"_blank\">Daniele Battaglia<\/a>. Dal palco sul mare di Trani si alterneranno alcuni dei protagonisti della musica italiana, mentre non mancheranno le performance &#8220;on the road&#8221;, ambientate\u00a0tra Manfredonia e Alberobello. Per il cantante e conduttore milanese si tratta dell&#8217;ennesima conferma di una carriera sempre pi\u00f9 trasversale, capace di spaziare dalla musica alla televisione fino al cinema. Ma chi \u00e8 davvero? Dalla vita privata al successo di Andiamo a comandare, fino al desiderio di diventare padre e al rapporto, tra amicizia e rottura, con Fedez, ecco tutto quello che c&#8217;\u00e8 da sapere.<\/p>\n<p>&#13;<br \/>\n&#13;<br \/>\nChi \u00e8 Fabio Rovazzi\u00a0&#13;<br \/>\n&#13;<\/p>\n<p>Fabio Rovazzi, pseudonimo di Fabio Piccolrovazzi, \u00e8 nato a Milano il 18 gennaio 1994 ed \u00e8 cresciuto nel quartiere Lambrate. Prima di diventare un cantante e un personaggio televisivo, il suo mondo era quello dei video. Dopo aver frequentato il liceo artistico, ha lasciato gli studi al quarto anno per seguire la sua vera passione: raccontare storie attraverso immagini e montaggi. I primi passi li muove come videomaker, realizzando contenuti per locali notturni e collaborando con alcuni youtuber. Nel 2014 arriva la svolta: apre una pagina Facebook dove pubblica vlog e scherzi\u00a0che conquistano rapidamente il pubblico del web. Proprio grazie a uno di questi contenuti viene notato da Fedez, un incontro che inizialmente nasce come collaborazione professionale ma che presto si trasforma in una vera amicizia.<\/p>\n<p>&#13;<br \/>\n&#13;<\/p>\n<p>Dietro l&#8217;immagine dell&#8217;artista comico e irriverente, per\u00f2, c&#8217;\u00e8 sempre stata una forte passione per la musica e per la creativit\u00e0. Come ha raccontato a Vanity Fair, tutto \u00e8 nato da bambino, quando il nonno gli regal\u00f2 una telecamera: \u00abHo rifatto anche alcune scene di Star Wars in camera mia\u00bb.<\/p>\n<p>&#13;<br \/>\n&#13;<br \/>\n&#13;<br \/>\n&#13;<br \/>\nLa vita privata&#13;<br \/>\n&#13;<br \/>\n<img decoding=\"async\" alt=\"\" src=\"https:\/\/www.europesays.com\/it\/wp-content\/uploads\/2026\/07\/rovazzi_karen_29133432.jpg\"\/>&#13;<br \/>\nRovazzi e Karen &#8211; Foto: LaPresse&#13;<br \/>\n&#13;<br \/>\n&#13;<\/p>\n<p><strong><a href=\"https:\/\/www.leggo.it\/t\/fabio-rovazzi-\" rel=\"nofollow noopener\" target=\"_blank\">Fabio Rovazzi <\/a><\/strong>\u00e8 sempre stato molto riservato sulla propria vita sentimentale. Dal 2019 al 2022 \u00e8 stato legato alla youtuber e influencer <a href=\"https:\/\/www.leggo.it\/t\/karen-rebecca-casiraghi\" rel=\"nofollow noopener\" target=\"_blank\">Karen Rebecca Casiraghi<\/a>, conosciuta come Karen Kokeshi. A confermare la fine della relazione \u00e8 stato lo stesso artista con un messaggio pubblicato sui social: \u00abCome sapete non amo parlare pubblicamente della mia vita privata\u2026 ma in questo caso mi sembra corretto. Me lo state chiedendo in tanti da un po&#8217;\u2026 e meritate una risposta. So che vi siete affezionati alla storia tra me e Karen, ne abbiamo fatte di cotte e di crude e ci siamo davvero divertiti insieme. Purtroppo, a volte, le cose belle finiscono\u00bb.<\/p>\n<p>&#13;<br \/>\n&#13;<\/p>\n<p>Rovazzi ha poi precisato che la separazione \u00e8 avvenuta serenamente: \u00abIo e Karen ci siamo lasciati d&#8217;accordo, insieme, senza farci del male. Ci tengo a sottolineare che non \u00e8 finita per un motivo particolare\u00bb. Oggi \u00e8 legato a Lucia Pizzuti, laureata in Nutrizione e lontana dal mondo dello spettacolo. I due vivono la relazione con grande discrezione.<\/p>\n<p>&#13;<br \/>\n&#13;<br \/>\n&#13;<br \/>\n&#13;<br \/>\nLa carriera&#13;<br \/>\n&#13;<\/p>\n<p>La consacrazione per <strong><a href=\"https:\/\/www.leggo.it\/t\/fabio-rovazzi\" rel=\"nofollow noopener\" target=\"_blank\">Fabio Rovazzi<\/a><\/strong>\u00a0arriva nel 2016 con Andiamo a comandare, brano nato quasi come un gioco e realizzato insieme a Danti dei Two Fingerz. Il singolo diventa uno dei tormentoni pi\u00f9 riconoscibili dell\u2019estate italiana, raggiunge la vetta delle classifiche e viene certificato multiplatino. Il successo apre la strada a una carriera ricca di collaborazioni: nello stesso anno Rovazzi compare nei videoclip di Vorrei ma non posto di Fedez e J-Ax e di Che ne sanno i 2000 di Gabry Ponte. Seguono Tutto molto interessante, Volare con Gianni Morandi, Faccio quello che voglio, Senza pensieri con Loredana Bert\u00e8 e J-Ax, La mia felicit\u00e0 con Eros Ramazzotti, La discoteca italiana con Orietta Berti, Maranza con Il Pagante e Red Flag con Paola Iezzi e Dani Faiv.<\/p>\n<p>&#13;<br \/>\n&#13;<br \/>\n&#13;<br \/>\n&#13;<\/p>\n<p>Nel 2025 pubblica Cabaret con Orietta Berti e Fuckyourclique, mentre nel 2026 celebra dieci anni di carriera con La Costiera Amalfitana, realizzata con <a href=\"https:\/\/www.leggo.it\/t\/arisa\" rel=\"nofollow noopener\" target=\"_blank\">Arisa<\/a> e <a href=\"https:\/\/www.leggo.it\/t\/nino-d%e2%80%99angelo\" rel=\"nofollow noopener\" target=\"_blank\">Nino D\u2019Angelo<\/a>. \u00ab\u00c8 un periodo molto bello. \u00c8 un\u2019estate particolare, nel senso pi\u00f9 positivo del termine. <\/p>\n<p>E anche sul piano personale va tutto molto bene\u00bb, ha raccontato al nostro giornale. Parallelamente alla musica, Rovazzi ha portato avanti anche il percorso televisivo e cinematografico: dal film Il vegetale nel 2018 a Con chi viaggi nel 2022, passando per Le Iene e il debutto ne I Cesaroni \u2013 Il ritorno. Negli anni ha sviluppato anche una forte passione per la conduzione, nata dall\u2019esperienza con Pippo Baudo a Sanremo Giovani nel 2018 e oggi proseguita con Battiti Live.&#13;<br \/>\n&#13;<br \/>\n&#13;<br \/>\n&#13;<br \/>\nIl desiderio di diventare padre&#13;<br \/>\n&#13;<br \/>\n<img decoding=\"async\" alt=\"\" src=\"https:\/\/www.europesays.com\/it\/wp-content\/uploads\/2026\/07\/rovazzi_e_lucia_29133509.jpg\"\/>&#13;<br \/>\nA sinistra Rovazzi e Lucia Pizzuti al red carpet del Diavolo Veste Prada 2 (Ipa)&#13;<br \/>\n&#13;<br \/>\n&#13;<\/p>\n<p>Negli ultimi mesi <strong><a href=\"https:\/\/www.leggo.it\/t\/fabio-rovazzi\" rel=\"nofollow noopener\" target=\"_blank\">Fabio Rovazzi<\/a><\/strong> ha raccontato un lato pi\u00f9 maturo e riflessivo della propria personalit\u00e0, parlando apertamente del desiderio di diventare <a href=\"https:\/\/www.leggo.it\/t\/padre\" rel=\"nofollow noopener\" target=\"_blank\">padre<\/a>. Un pensiero che non nasce dalla pressione del tempo, ma dalla voglia di costruire qualcosa di importante insieme alla persona che ama. In un&#8217;intervista a Vanity Fair ha spiegato di voler assecondare soprattutto i tempi della compagna Lucia Pizzuti: \u00abMi piacerebbe molto, ovviamente non devo prendere solo io la decisione, devo rispettare l\u2019altra parte. Lucia si \u00e8 appena laureata, non vorrei interrompere la sua carriera, rispetto i suoi tempi\u00bb.<\/p>\n<p>&#13;<br \/>\n&#13;<\/p>\n<p>Rovazzi ha raccontato di sentirsi pronto a vivere questa esperienza: \u00abHo 31 anni e, se fai un calcolo, \u00e8 il momento migliore per poter vivere un figlio e condividere con lui le tue passioni\u00bb. Immaginando come potrebbe essere diventare padre e crescere un figlio, Rovazzi ha spiegato di voler trasmettere soprattutto le passioni che lo hanno accompagnato nella vita: \u00abNon gli farei ascoltare la mia musica, anche perch\u00e9 il destino lo porter\u00e0 gi\u00e0 ad ascoltarla. Vorrei dargli quegli spunti che ho vissuto io, che ero malato di Led Zeppelin, The Who ed Elio e le Storie Tese\u00bb.<\/p>\n<p>&#13;<br \/>\n&#13;<br \/>\n&#13;<br \/>\n&#13;<br \/>\nL&#8217;incontro e la lite con Fedez&#13;<br \/>\n&#13;<\/p>\n<p><img decoding=\"async\" alt=\"\" src=\"https:\/\/www.europesays.com\/it\/wp-content\/uploads\/2026\/07\/rovazzi_fedez_29133843.jpg\"\/><\/p>\n<p>&#13;<br \/>\n&#13;<\/p>\n<p>Il rapporto tra <strong><a href=\"https:\/\/www.leggo.it\/t\/fabio-rovazzi\" rel=\"nofollow noopener\" target=\"_blank\">Fabio Rovazzi<\/a><\/strong> e <a href=\"https:\/\/www.leggo.it\/t\/fedez\" rel=\"nofollow noopener\" target=\"_blank\">Fedez<\/a> \u00e8 stato uno dei capitoli pi\u00f9 importanti della sua carriera. I due si incontrano quando Rovazzi \u00e8 ancora un giovane creator del web: Fedez nota uno dei suoi video e decide di coinvolgerlo nei suoi progetti. Da quell&#8217;incontro nasce una collaborazione, ma soprattutto un&#8217;amicizia che porta Rovazzi a entrare in contatto anche con J-Ax e con il mondo della musica. Con il successo, per\u00f2, il confine tra amicizia e lavoro diventa sempre pi\u00f9 sottile. Ospite del podcast <a href=\"https:\/\/www.leggo.it\/t\/muschio-selvaggio\" rel=\"nofollow noopener\" target=\"_blank\">Muschio Selvaggio<\/a>, Rovazzi ha raccontato che proprio il denaro e gli interessi professionali hanno finito per compromettere il rapporto: \u00abAbbiamo iniziato a lavorare insieme poi sono arrivati i soldi ed \u00e8 fisiologico che vada tutto a puttane\u00bb.<\/p>\n<p>&#13;<br \/>\n&#13;<\/p>\n<p>Anche Fedez ha riconosciuto le difficolt\u00e0 vissute in quel periodo: \u00abEravamo un po\u2019 troppo legati al vil denaro\u00bb, ammettendo che il successo e le dinamiche lavorative avevano avuto un peso nel deterioramento dell&#8217;amicizia. Oggi entrambi sembrano guardare a quella storia con maggiore consapevolezza, riconoscendo gli errori commessi e il valore di un legame che, nonostante tutto, ha segnato una parte fondamentale delle loro vite.<\/p>\n<p>                                &#13;<br \/>\n                &#13;<br \/>\n&#13;<br \/>\n                Ultimo aggiornamento: gioved\u00ec 30 luglio 2026, 07:36&#13;<br \/>\n                <br \/>&#13;<br \/>\n                &#13;<br \/>\n                  &#13;<br \/>\n                    &#13;<br \/>\n                        \u00a9 RIPRODUZIONE RISERVATA&#13;<\/p>\n<p>&#13;<\/p>\n<p>                    &#13;<\/p>\n","protected":false},"excerpt":{"rendered":"&#13; &#13; &#13; &#13; Il Tim Battiti Live \u00e8 arrivato all&#8217;atto finale. Gioved\u00ec 30 luglio, in prima serata&hellip;\n","protected":false},"author":3,"featured_media":608922,"comment_status":"","ping_status":"","sticky":false,"template":"","format":"standard","meta":{"footnotes":"","_share_on_mastodon":"0"},"categories":[1451],"tags":[1621,1620,203,32190,466,217,204,1537,90,89,41581,259810],"class_list":["post-608921","post","type-post","status-publish","format-standard","has-post-thumbnail","category-celebrita","tag-celebrita","tag-celebrities","tag-entertainment","tag-fabio-rovazzi","tag-fedez","tag-ilary-blasi","tag-intrattenimento","tag-it","tag-italia","tag-italy","tag-orietta-berti","tag-tim-battiti-live"],"share_on_mastodon":{"url":"https:\/\/pubeurope.com\/@it\/117007442226033845","error":""},"_links":{"self":[{"href":"https:\/\/www.europesays.com\/it\/wp-json\/wp\/v2\/posts\/608921","targetHints":{"allow":["GET"]}}],"collection":[{"href":"https:\/\/www.europesays.com\/it\/wp-json\/wp\/v2\/posts"}],"about":[{"href":"https:\/\/www.europesays.com\/it\/wp-json\/wp\/v2\/types\/post"}],"author":[{"embeddable":true,"href":"https:\/\/www.europesays.com\/it\/wp-json\/wp\/v2\/users\/3"}],"replies":[{"embeddable":true,"href":"https:\/\/www.europesays.com\/it\/wp-json\/wp\/v2\/comments?post=608921"}],"version-history":[{"count":0,"href":"https:\/\/www.europesays.com\/it\/wp-json\/wp\/v2\/posts\/608921\/revisions"}],"wp:featuredmedia":[{"embeddable":true,"href":"https:\/\/www.europesays.com\/it\/wp-json\/wp\/v2\/media\/608922"}],"wp:attachment":[{"href":"https:\/\/www.europesays.com\/it\/wp-json\/wp\/v2\/media?parent=608921"}],"wp:term":[{"taxonomy":"category","embeddable":true,"href":"https:\/\/www.europesays.com\/it\/wp-json\/wp\/v2\/categories?post=608921"},{"taxonomy":"post_tag","embeddable":true,"href":"https:\/\/www.europesays.com\/it\/wp-json\/wp\/v2\/tags?post=608921"}],"curies":[{"name":"wp","href":"https:\/\/api.w.org\/{rel}","templated":true}]}}