{"id":608992,"date":"2026-07-30T07:17:16","date_gmt":"2026-07-30T07:17:16","guid":{"rendered":"https:\/\/www.europesays.com\/it\/608992\/"},"modified":"2026-07-30T07:17:16","modified_gmt":"2026-07-30T07:17:16","slug":"palermo-sequestrati-migliaia-di-motorini-elettrici-venduti-come-e-bike","status":"publish","type":"post","link":"https:\/\/www.europesays.com\/it\/608992\/","title":{"rendered":"Palermo, sequestrati migliaia di motorini elettrici venduti come e-bike"},"content":{"rendered":"<p>Migliaia di motorini elettrici, importati dalla Cina, venduti illegalmente come bici con pedalata assistita sono stati sequestrati da finanzieri del comando provinciale di Palermo. Non erano conformi alle norme di sicurezza europee e italiane, non sicuri per la circolazione e pericolosi per la salute dei consumatori. Il provvedimento \u00e8 avvenuto in esecuzione di un decreto emesso dal Gip di Palmi (Reggio Calabria) su richiesta della procura calabrese. Nell&#8217;inchiesta sono indagati un imprenditore palermitano e una societ\u00e0 per frode in commercio e falso in atto pubblico Il provvedimento \u00e8 stato eseguito nei confronti di magazzini di grossisti e venditori al dettaglio di tutta Italia con la collaborazione delle Fiamme gialle di Calabria, Campania, Puglia, Lombardia, Sardegna e Toscana.<\/p>\n<p>\u00a0<\/p>\n<p>\t\t\tIndagato un imprenditore<\/p>\n<p>Sotto la lente dei finanzieri un imprenditore palermitano, indagato, e la documentazione che attestava la presunta conformit\u00e0 ai requisiti di sicurezza delle e-bike importate dalla Cina. Secondo quanto accertato dai Finanzieri del primo nucleo Operativo metropolitano del gruppo di Palermo, con l&#8217;ausilio del gruppo di Gioia Tauro, la stessa documentazione sarebbe stata presentata in occasione dell&#8217;importazione, dal 2023 ad oggi, di almeno 6.885 veicoli agli uffici doganali competenti per le procedure di sdoganamento e di immissione in libera pratica. Uffici che, ingannati dalla falsa documentazione, hanno proceduto a emettere i provvedimenti di svincolo dei velocipedi non sicuri il cui valore complessivo sul mercato \u00e8 stimato in circa 5 milioni di euro. <\/p>\n<p>I successivi riscontri, effettuati anche grazie all&#8217;ausilio dei competenti ministeri delle Infrastrutture e del Made in Italy, e delle associazioni di categoria, avrebbero invece svelato un sistema di certificazioni ingannevole. <\/p>\n<p>Biciclette a pedalata assistita<\/p>\n<p>Note come e-bike ed Epac, le biciclette a pedalata assistita sono dotate di un motore elettrico ausiliario avente potenza massima pari a 250 Watt, la cui alimentazione \u00e8 interrotta o \u00e8 progressivamente ridotta se il ciclista smette di pedalare e comunque prima che la velocit\u00e0 raggiunga i 25 km l&#8217;ora. Le e-bike sono soggette alle direttiva europea &#8216;Macchine&#8217; che ne regola la produzione per garantire i requisiti di conformit\u00e0, sicurezza e tutela della salute. <\/p>\n<p>\u00a0<\/p>\n<p>Parallelamente, sono in corso di svolgimento ulteriori approfondimenti della Guardia di finanza per accertare l&#8217;integrazione di violazioni di natura amministrativa, alle disposizioni del Codice del Consumo sull&#8217;effettuazione di pratiche commerciali scorrette o ingannevoli da parte di esercenti con al pubblicazione, su siti internet e sui social network. Un rapporto sar\u00e0 vagliato dalle autorit\u00e0 competenti con la collaborazione dei nuclei speciali Antitrust e\u00a0 Beni e servizi delle Fiamme gialle.<\/p>\n","protected":false},"excerpt":{"rendered":"Migliaia di motorini elettrici, importati dalla Cina, venduti illegalmente come bici con pedalata assistita sono stati sequestrati da&hellip;\n","protected":false},"author":3,"featured_media":608940,"comment_status":"","ping_status":"","sticky":false,"template":"","format":"standard","meta":{"footnotes":"","_share_on_mastodon":"0"},"categories":[6],"tags":[14,158,8,1537,90,89,11899,7,15,82,9,83,10,6652,9501,13,11,80,84,12,81,85],"class_list":["post-608992","post","type-post","status-publish","format-standard","has-post-thumbnail","category-ultime-notizie","tag-cronaca","tag-guardia-di-finanza","tag-headlines","tag-it","tag-italia","tag-italy","tag-mobilita-sostenibile","tag-news","tag-notizie","tag-notizie-di-cronaca","tag-notizie-principali","tag-notiziedicronaca","tag-notizieprincipali","tag-palermo","tag-scooter","tag-titoli","tag-ultime-notizie","tag-ultime-notizie-di-cronaca","tag-ultime-notizie-e-news-di-oggi","tag-ultimenotizie","tag-ultimenotiziedicronaca","tag-ultimenotizieenewsdioggi"],"share_on_mastodon":{"url":"https:\/\/pubeurope.com\/@it\/117007708843372170","error":""},"_links":{"self":[{"href":"https:\/\/www.europesays.com\/it\/wp-json\/wp\/v2\/posts\/608992","targetHints":{"allow":["GET"]}}],"collection":[{"href":"https:\/\/www.europesays.com\/it\/wp-json\/wp\/v2\/posts"}],"about":[{"href":"https:\/\/www.europesays.com\/it\/wp-json\/wp\/v2\/types\/post"}],"author":[{"embeddable":true,"href":"https:\/\/www.europesays.com\/it\/wp-json\/wp\/v2\/users\/3"}],"replies":[{"embeddable":true,"href":"https:\/\/www.europesays.com\/it\/wp-json\/wp\/v2\/comments?post=608992"}],"version-history":[{"count":0,"href":"https:\/\/www.europesays.com\/it\/wp-json\/wp\/v2\/posts\/608992\/revisions"}],"wp:featuredmedia":[{"embeddable":true,"href":"https:\/\/www.europesays.com\/it\/wp-json\/wp\/v2\/media\/608940"}],"wp:attachment":[{"href":"https:\/\/www.europesays.com\/it\/wp-json\/wp\/v2\/media?parent=608992"}],"wp:term":[{"taxonomy":"category","embeddable":true,"href":"https:\/\/www.europesays.com\/it\/wp-json\/wp\/v2\/categories?post=608992"},{"taxonomy":"post_tag","embeddable":true,"href":"https:\/\/www.europesays.com\/it\/wp-json\/wp\/v2\/tags?post=608992"}],"curies":[{"name":"wp","href":"https:\/\/api.w.org\/{rel}","templated":true}]}}