{"id":609070,"date":"2026-07-30T08:37:13","date_gmt":"2026-07-30T08:37:13","guid":{"rendered":"https:\/\/www.europesays.com\/it\/609070\/"},"modified":"2026-07-30T08:37:13","modified_gmt":"2026-07-30T08:37:13","slug":"fiat-fara-rinascere-autobianchi-grazie-alla-pandina","status":"publish","type":"post","link":"https:\/\/www.europesays.com\/it\/609070\/","title":{"rendered":"Fiat far\u00e0 rinascere Autobianchi, grazie alla Pandina"},"content":{"rendered":"<p>Tra i marchi di propriet\u00e0 del Gruppo Stellantis c\u2019\u00e8 anche <strong>Autobianchi<\/strong>, storico brand, nato nel 1955, che oggi non \u00e8 pi\u00f9 attivo, pur restando parte integrante della storia del settore delle quattro ruote in Italia.<\/p>\n<p>L\u2019azienda si prepara a rispolverare il marchio, senza puntare, per\u00f2, su nuovi modelli. Dovrebbe debuttare a breve, infatti, una <strong>versione<\/strong> <strong>speciale<\/strong> della <strong>Fiat<\/strong> <strong>Pandina<\/strong> dedicata proprio ad Autobianchi.<\/p>\n<p>I test del modello sono in corso e alcune foto spia anticipano l\u2019arrivo del nuovo modello, atteso nel giro di pochi mesi come parte di un nuovo aggiornamento della segmento A del marchio torinese.\n<\/p>\n<p>Le prime immagini<\/p>\n<p>A rivelare le prime immagini del progetto \u00e8 stato Walter Vayr, con il suo account Instagram gabetzspyunit, che ha pubblicato alcune foto spia con protagonista un prototipo della Pandina in fase di test.<\/p>\n<p>La descrizione delle foto \u00e8 chiara e non lascia spazio a interpretazioni: secondo l\u2019insider si tratta della <strong>Fiat Pandina \u201cAutobianchi Tributo\u201d<\/strong>, una serie speciale che arriver\u00e0 in occasione del debutto del <strong>Model Year 2027<\/strong> della city car prodotta a Pomigliano d\u2019Arco.<\/p>\n<blockquote class=\"instagram-media\" data-instgrm-captioned=\"\" data-instgrm-permalink=\"https:\/\/www.instagram.com\/p\/DbAVgqMoQk_\/?utm_source=ig_embed&amp;utm_campaign=loading\" data-instgrm-version=\"14\" style=\" background:#FFF; border:0; border-radius:3px; box-shadow:0 0 1px 0 rgba(0,0,0,0.5),0 1px 10px 0 rgba(0,0,0,0.15); margin: 1px; max-width:100%; min-width:326px; padding:0; width:99.375%; width:-webkit-calc(100% - 2px); width:calc(100% - 2px);\"\/>\n<p>Le novit\u00e0<\/p>\n<p>Il progetto \u00e8 sicuramente interessante, anche perch\u00e9 riporter\u00e0 sul mercato un marchio storico come Autobianchi, diventato negli anni molto apprezzato dagli appassionati e dai collezionisti di auto d\u2019epoca.<\/p>\n<p>Di recente, inoltre, si \u00e8 parlato di un interessamento da parte di un\u2019azienda cinese, che puntava ad acquistare Autobianchi e Innocenti, due brand non utilizzati dal Gruppo Stellantis. Per il momento, per\u00f2, non sembra che ci siano margini per un\u2019operazione di questo tipo.<\/p>\n<p>Come detto in precedenza, Stellantis non ha in programma un rilancio del brand ma intende comunque omaggiarlo con una serie speciale, destinata probabilmente al solo mercato italiano, della Pandina.<\/p>\n<p>Il modello dovrebbe presentare <strong>alcune personalizzazioni<\/strong>, ospitando anche lo storico logo Autobianchi. Il prototipo in fase di test ha una livrea mimetica e, quindi, non \u00e8 possibile capire quali saranno le novit\u00e0 di design in arrivo per la vettura.<\/p>\n<p>Di certo, Fiat dovrebbe sfruttare l\u2019occasione per <strong>aggiornare la dotazione<\/strong> della Pandina, intervenendo su vari aspetti del progetto e adeguando il modello ai nuovi standard richiesti dall\u2019UE, soprattutto in tema di sicurezza.<\/p>\n<p>Dal punto di vista tecnico, non ci saranno particolari novit\u00e0, con la vettura che continuer\u00e0 a presentare il suo motore<strong> 1.0 mild hybrid da 65 CV<\/strong>, abbinato alla trazione anteriore e al cambio manuale.<\/p>\n<p>Un eventuale successo della serie limitata potrebbe spingere Fiat a creare altri progetti analoghi, ricorrendo a nuove versioni di Autobianchi Tributo per il prossimo futuro.<\/p>\n<p>Il debutto della nuova versione della Pandina (e della nuova edizione Tributo) \u00e8 atteso per le prossime settimane, probabilmente dopo l\u2019estate, con una commercializzazione prevista entro la fine dell\u2019anno.<\/p>\n<p>Ulteriori dettagli in merito, quindi, arriveranno molto presto.<\/p>\n<p>\t<script async src=\"\/\/www.instagram.com\/embed.js\"><\/script><\/p>\n","protected":false},"excerpt":{"rendered":"Tra i marchi di propriet\u00e0 del Gruppo Stellantis c\u2019\u00e8 anche Autobianchi, storico brand, nato nel 1955, che oggi&hellip;\n","protected":false},"author":3,"featured_media":609071,"comment_status":"","ping_status":"","sticky":false,"template":"","format":"standard","meta":{"footnotes":"","_share_on_mastodon":"0"},"categories":[172],"tags":[178,2765,177,8903,1537,90,89,718],"class_list":["post-609070","post","type-post","status-publish","format-standard","has-post-thumbnail","category-affari","tag-affari","tag-auto","tag-business","tag-fiat","tag-it","tag-italia","tag-italy","tag-stellantis"],"share_on_mastodon":{"url":"https:\/\/pubeurope.com\/@it\/117008023307730112","error":""},"_links":{"self":[{"href":"https:\/\/www.europesays.com\/it\/wp-json\/wp\/v2\/posts\/609070","targetHints":{"allow":["GET"]}}],"collection":[{"href":"https:\/\/www.europesays.com\/it\/wp-json\/wp\/v2\/posts"}],"about":[{"href":"https:\/\/www.europesays.com\/it\/wp-json\/wp\/v2\/types\/post"}],"author":[{"embeddable":true,"href":"https:\/\/www.europesays.com\/it\/wp-json\/wp\/v2\/users\/3"}],"replies":[{"embeddable":true,"href":"https:\/\/www.europesays.com\/it\/wp-json\/wp\/v2\/comments?post=609070"}],"version-history":[{"count":0,"href":"https:\/\/www.europesays.com\/it\/wp-json\/wp\/v2\/posts\/609070\/revisions"}],"wp:featuredmedia":[{"embeddable":true,"href":"https:\/\/www.europesays.com\/it\/wp-json\/wp\/v2\/media\/609071"}],"wp:attachment":[{"href":"https:\/\/www.europesays.com\/it\/wp-json\/wp\/v2\/media?parent=609070"}],"wp:term":[{"taxonomy":"category","embeddable":true,"href":"https:\/\/www.europesays.com\/it\/wp-json\/wp\/v2\/categories?post=609070"},{"taxonomy":"post_tag","embeddable":true,"href":"https:\/\/www.europesays.com\/it\/wp-json\/wp\/v2\/tags?post=609070"}],"curies":[{"name":"wp","href":"https:\/\/api.w.org\/{rel}","templated":true}]}}