{"id":609353,"date":"2026-07-30T12:34:15","date_gmt":"2026-07-30T12:34:15","guid":{"rendered":"https:\/\/www.europesays.com\/it\/609353\/"},"modified":"2026-07-30T12:34:15","modified_gmt":"2026-07-30T12:34:15","slug":"sfera-ebbasta-la-possibile-scaletta-del-concerto-a-palermo-i-sky-tg24","status":"publish","type":"post","link":"https:\/\/www.europesays.com\/it\/609353\/","title":{"rendered":"Sfera Ebbasta, la possibile scaletta del concerto a Palermo I Sky TG24"},"content":{"rendered":"<p>Dopo il concerto a Salerno, il 1\u00b0 agosto <strong>Sfera<\/strong> <strong>Ebbasta<\/strong> porter\u00e0 la sua musica a <strong>Palermo<\/strong>. Ecco tutto quello che c\u2019\u00e8 da sapere sull\u2019atteso spettacolo del trapper: dall\u2019orario di inizio alle canzoni che potrebbero essere proposte.<\/p>\n<p>\t\t \tsfera ebbasta a palermo, la possibile scaletta<\/p>\n<p>Nuovo appuntamento live con\u00a0<a data-intcmp=\"skytg24_foglia articolo_interlink_text\" href=\"https:\/\/tg24.sky.it\/spettacolo\/musica\/2026\/07\/09\/sfera-ebbasta-concerto-milano-san-siro\" rel=\"nofollow noopener\" target=\"_blank\">Sfera Ebbasta<\/a>. Dopo i grandi spettacoli allo stadio San Siro, il trapper \u00e8 attualmente impegnato con il tour estivo. <strong>Sabato 1\u00b0 agosto<\/strong> la voce di Bottiglie priv\u00e8 si esibir\u00e0 al <strong>Velodromo Paolo Borsellino<\/strong> di Palermo. Stando a quanto comunicato dal sito di <a data-intcmp-qp=\"skytg24_foglia articolo_interlink_text\" href=\"https:\/\/www.ticketone.it\/event\/sfera-ebbasta-velodromo-borsellino-21461922\/\" rel=\"nofollow noopener\" target=\"_blank\">Ticketone<\/a>, lo spettacolo avr\u00e0 inizio alle <strong>ore 21.00<\/strong>. Al momento massimo riserbo sulla scaletta, attesi i successi dell\u2019artista: da Giovani re a Rockstar passando per Happy Birthday e Mademoiselle. Queste le canzoni proposte mercoled\u00ec 8 luglio al concerto di Milano:<\/p>\n<p>\u00a0<\/p>\n<p>1. INTRO<\/p>\n<p>2. CINY<\/p>\n<p>3. PANETTE<\/p>\n<p>4. CAVALLINI<\/p>\n<p>5. LINGERIE ft Tedua<\/p>\n<p>6. PARLATO<\/p>\n<p>7. XDVR<\/p>\n<p>8. FIORI DEL MALE + DARKMONEY ft Pyrex<\/p>\n<p>9. BRNBQ<\/p>\n<p>10. BANG BANG<\/p>\n<p>11. ACCENSIONE \u201cMONEY GANG\u201d<\/p>\n<p>12. 20 COLLANE<\/p>\n<p>13. SERPENTI A SONAGLI<\/p>\n<p>14. RICCHI PER SEMPRE<\/p>\n<p>15. ROCKSTAR<\/p>\n<p>16. PARLATO<\/p>\n<p>17. CUPIDO<\/p>\n<p>18. HAPPY BIRTHDAY<\/p>\n<p>19. PABLO<\/p>\n<p>20. SCIROPPO ft Drefgold<\/p>\n<p>21. TRAN TRAN<\/p>\n<p>22. PIENXA EN MI ft Feid<\/p>\n<p>23. LUNA (solo Feid)<\/p>\n<p>24. INTERMEZZO<\/p>\n<p>25. NOTTI<\/p>\n<p>26. BOTTIGLIE PRIV\u00c9<\/p>\n<p>27. 15 PIANI ft Marracash<\/p>\n<p>28. TIK TOK ft Marracash + Gu\u00e8<\/p>\n<p>29. COOKIES\u2019N CREAM ft Gu\u00e8 + Anna<\/p>\n<p>30. VDLC<\/p>\n<p>31. GIOVANI RE<\/p>\n<p>32. MOMENTO \u201cMONEY GANG\u201d<\/p>\n<p>33. CALCOLATICI + G63<\/p>\n<p>34. PIOVE ft Lazza<\/p>\n<p>35. D&amp;G ft Shiva<\/p>\n<p>36. NON METTERCI BECCO ft Shiva<\/p>\n<p>37. NEON ft Shiva<\/p>\n<p>38. AYAYAY<\/p>\n<p>39. BIS<\/p>\n<p>40. VISIERA A BECCO<\/p>\n<p>\u00a0<\/p>\n<p>\u00a0<\/p>\n<p>\t\t\t<a class=\"c-inline-card j-inline-card c-inline-card--with-image\" href=\"https:\/\/tg24.sky.it\/spettacolo\/musica\/2026\/07\/09\/sfera-ebbasta-concerto-milano-san-siro\" rel=\"follow nofollow noopener\" data-intcmp=\"skytg24_articolo_approfondimenti_inline\" target=\"_blank\"><\/p>\n<p>\t\t\t         <img decoding=\"async\" crossorigin=\"anonymous\" alt=\"\"  loading=\"lazy\"  src=\"https:\/\/www.europesays.com\/it\/wp-content\/uploads\/2026\/07\/1783943956_598_crediti-foto-nino-saetti.jpg\"\/><\/p>\n<p>\n\t\t\t         Approfondimento<br \/>\n\t\t\t         Sfera Ebbasta celebra 10 anni di carriera a San Siro. Annunciato album\n\t\t\t      <\/p>\n<p>\t\t\t<\/a><\/p>\n<p>Sfera Ebbasta chiuder\u00e0 la tourn\u00e9e estiva con lo spettacolo in scena venerd\u00ec 14 agosto a <strong>Gallipoli<\/strong> per l\u2019Oversound Music Festival. A gennaio l\u2019artista torner\u00e0 in concerto nei palazzetti con una serie di date in quattro citt\u00e0 italiane: <strong>Torino<\/strong>, <strong>Roma<\/strong>, <strong>Milano<\/strong> e <strong>Bologna<\/strong>. Questo il calendario completo con tutti i dettagli del tour:<\/p>\n<ul>\n<li>30 gennaio 2027, Torino &#8211; Inalpi Arena<\/li>\n<li>2 febbraio 2027, Roma &#8211; Palazzo dello Sport<\/li>\n<li>3 febbraio 2027, Roma &#8211; Palazzo dello Sport<\/li>\n<li>5 febbraio 2027, Milano &#8211; Unipol Dome<\/li>\n<li>6 febbraio 2027, Milano &#8211; Unipol Dome<\/li>\n<li>13 febbraio 2027, Bologna &#8211; Unipol Arena<\/li>\n<\/ul>\n<p>\t\t\t<a class=\"c-inline-card j-inline-card c-inline-card--with-image\" href=\"https:\/\/tg24.sky.it\/spettacolo\/musica\/2026\/07\/10\/tormentoni-estate-2026\" rel=\"follow nofollow noopener\" data-intcmp=\"skytg24_articolo_approfondimenti_inline\" target=\"_blank\"><\/p>\n<p>\t\t\t         <img decoding=\"async\" crossorigin=\"anonymous\" alt=\"\"  loading=\"lazy\"  src=\"https:\/\/www.europesays.com\/it\/wp-content\/uploads\/2026\/07\/1783943957_932_tormentoni-estivi-2026-ipa.jpg\"\/><\/p>\n<p>\n\t\t\t         Approfondimento<br \/>\n\t\t\t         I tormentoni dell&#8217;estate (fino al momento), da Irama a Zara Larsson\n\t\t\t      <\/p>\n<p>\t\t\t<\/a><\/p>\n","protected":false},"excerpt":{"rendered":"Dopo il concerto a Salerno, il 1\u00b0 agosto Sfera Ebbasta porter\u00e0 la sua musica a Palermo. Ecco tutto&hellip;\n","protected":false},"author":3,"featured_media":609354,"comment_status":"","ping_status":"","sticky":false,"template":"","format":"standard","meta":{"footnotes":"","_share_on_mastodon":"0"},"categories":[1443],"tags":[2943,203,204,1537,90,89,1538,1539,7601],"class_list":["post-609353","post","type-post","status-publish","format-standard","has-post-thumbnail","category-musica","tag-concerti","tag-entertainment","tag-intrattenimento","tag-it","tag-italia","tag-italy","tag-music","tag-musica","tag-sfera-ebbasta"],"share_on_mastodon":{"url":"https:\/\/pubeurope.com\/@it\/117008956238548396","error":""},"_links":{"self":[{"href":"https:\/\/www.europesays.com\/it\/wp-json\/wp\/v2\/posts\/609353","targetHints":{"allow":["GET"]}}],"collection":[{"href":"https:\/\/www.europesays.com\/it\/wp-json\/wp\/v2\/posts"}],"about":[{"href":"https:\/\/www.europesays.com\/it\/wp-json\/wp\/v2\/types\/post"}],"author":[{"embeddable":true,"href":"https:\/\/www.europesays.com\/it\/wp-json\/wp\/v2\/users\/3"}],"replies":[{"embeddable":true,"href":"https:\/\/www.europesays.com\/it\/wp-json\/wp\/v2\/comments?post=609353"}],"version-history":[{"count":0,"href":"https:\/\/www.europesays.com\/it\/wp-json\/wp\/v2\/posts\/609353\/revisions"}],"wp:featuredmedia":[{"embeddable":true,"href":"https:\/\/www.europesays.com\/it\/wp-json\/wp\/v2\/media\/609354"}],"wp:attachment":[{"href":"https:\/\/www.europesays.com\/it\/wp-json\/wp\/v2\/media?parent=609353"}],"wp:term":[{"taxonomy":"category","embeddable":true,"href":"https:\/\/www.europesays.com\/it\/wp-json\/wp\/v2\/categories?post=609353"},{"taxonomy":"post_tag","embeddable":true,"href":"https:\/\/www.europesays.com\/it\/wp-json\/wp\/v2\/tags?post=609353"}],"curies":[{"name":"wp","href":"https:\/\/api.w.org\/{rel}","templated":true}]}}