{"id":609462,"date":"2026-07-30T14:01:12","date_gmt":"2026-07-30T14:01:12","guid":{"rendered":"https:\/\/www.europesays.com\/it\/609462\/"},"modified":"2026-07-30T14:01:12","modified_gmt":"2026-07-30T14:01:12","slug":"voli-estate-2027-easyjet-aperte-le-prenotazioni","status":"publish","type":"post","link":"https:\/\/www.europesays.com\/it\/609462\/","title":{"rendered":"Voli estate 2027 easyJet, aperte le prenotazioni"},"content":{"rendered":"<p>Chi \u00e8 appena tornato dalle vacanze potrebbe gi\u00e0 sognare la prossima <strong>fuga in costume da bagno e infradito<\/strong>. Accanto a chi sta prenotando mete da <strong>foliage<\/strong> autunnale e <strong>mercatini di Natale<\/strong> c\u2019\u00e8 anche chi sogna la<strong> prossima estate e con easyJet<\/strong> programmarla \u00e8 facile: la compagnia aerea ha aperto il calendario delle <strong>prenotazioni fino al 26 settembre 2027<\/strong>. Ecco le mete consigliate.\n<\/p>\n<p>Da Milano Linate a Spalato<\/p>\n<p>Per passare dalla citt\u00e0 al blu dell\u2019Adriatico pu\u00f2 bastare un <strong>volo da Milano Linate<\/strong>. Tra le tariffe disponibili per <strong>Spalato<\/strong> si trovano proposte a <strong>meno di 37 euro a tratta<\/strong>: un buon punto di partenza per organizzare qualche giorno in Croazia senza aspettare l\u2019ultimo minuto.<\/p>\n<p>Molti considerano <a href=\"https:\/\/siviaggia.it\/idee-di-viaggio\/spalato-split-citta-pittoresca-croazia\/133952\/\" rel=\"nofollow noopener\" target=\"_blank\">Spalato<\/a> come base per raggiungere le <a href=\"https:\/\/siviaggia.it\/vacanze-bambini\/vacanze-famiglia-korcula-bello-isole-dalmate\/186071\/\" rel=\"nofollow noopener\" target=\"_blank\">isole dalmate<\/a>, ed \u00e8 vero ma anche il suo centro storico con il palazzo di Diocleziano merita attenzione. Per chi volesse fare un tuffo senza allontanarsi troppo, magari per un weekend, c\u2019\u00e8 la spiaggia sabbiosa di <strong>Ba\u010dvice<\/strong><strong>. <\/strong>Alternative? Le spiagge limpide che si trovano ai piedi di Marjan come Ka\u0161uni.<\/p>\n<p>Da Napoli a Corf\u00f9<\/p>\n<p><strong>Da Napoli a Corf\u00f9 con meno di 28 euro<\/strong>? Assolutamente fattibile per chi prenota gi\u00e0 ora le vacanze per l\u2019estate 2027 con easyJet. La promozione ha un numero limitato di posti e potrebbero cambiare per esaurimento o aumento della domanda.<\/p>\n<p><a href=\"https:\/\/siviaggia.it\/vacanze-natura\/corfu-trail-tappe-percorso\/585893\/\" rel=\"nofollow noopener\" target=\"_blank\">Corf\u00f9<\/a> ha quel mix che conquista proprio tutti: mare, paesini, strade immerse negli ulivi e una citt\u00e0 piena di carattere. Il<strong> centro storico di Corf\u00f9 Town<\/strong>, riconosciuto dall\u2019UNESCO, porta ancora i segni delle diverse dominazioni che hanno attraversato l\u2019isola. Passeggiate senza una direzione precisa tra edifici dai colori chiari, portici, piazze e fortezze affacciate sul mare. \u00c8 il modo migliore per scoprirla. Non perdetevi le insenature di <a href=\"https:\/\/siviaggia.it\/posti-incredibili\/paleokastritsa-beach-corfu-grecia\/590678\/\" rel=\"nofollow noopener\" target=\"_blank\">Paleokastritsa<\/a> queste baie sono un sogno.<\/p>\n<p>Da Palermo a Maiorca<\/p>\n<p>Partite da <strong>Palermo<\/strong> e, con meno di 43 euro a tratta, potete ritrovarvi a <a href=\"https:\/\/siviaggia.it\/idee-di-viaggio\/cosa-vedere-a-palma-di-maiorca\/207832\/\" rel=\"nofollow noopener\" target=\"_blank\">Maiorca<\/a>. Un\u2019occasione imperdibile per godersi una delle perle delle Baleari a un prezzo competitivo per la stagione estiva. Un giorno va assolutamente dedicato alla citt\u00e0 di Palma e al suo centro storico dove fermarsi per godersi piazze ombreggiate, boutique e cortili. Se avete modo salite su un rooftop per godervi la vista dall\u2019alto; ci sono ristoranti e locali che offrono questo servizio.<\/p>\n<p>E per fare il bagno? C\u2019\u00e8 davvero l\u2019imbarazzo della scelta tra localit\u00e0 vicine alla citt\u00e0 e baie e calette pi\u00f9 appartate. L costa \u00e8 un sogno e le <a href=\"https:\/\/siviaggia.it\/posti-incredibili\/cala-mesquida-best-beaches-in-europe-2026-di-european-best-destinations\/597104\/\" rel=\"nofollow noopener\" target=\"_blank\">spiagge di Palma di Maiorca<\/a> sono tutte ben collegate, anche se muoversi in auto o in motorino \u00e8 decisamente pi\u00f9 pratico. Per chi vuole vedere un altro lato dell\u2019isola consigliamo di raggiungere Serra da Tramuntana dove montagne e borghi di pietra regalano scorci sul mare unici.Potete fermarvi a Valldemossa, raggiungere S\u00f3ller o semplicemente scegliere una strada e vedere dove porta.<\/p>\n<p>Se avete voglia di vedere un\u2019altra Maiorca, guidate verso la <strong>Serra de Tramuntana<\/strong>. Qui il paesaggio cambia: montagne, curve panoramiche, borghi in pietra e scorci sul mare. Potete fermarvi a Valldemossa, raggiungere S\u00f3ller o semplicemente scegliere una strada e vedere dove porta.<\/p>\n","protected":false},"excerpt":{"rendered":"Chi \u00e8 appena tornato dalle vacanze potrebbe gi\u00e0 sognare la prossima fuga in costume da bagno e infradito.&hellip;\n","protected":false},"author":3,"featured_media":609463,"comment_status":"","ping_status":"","sticky":false,"template":"","format":"standard","meta":{"footnotes":"","_share_on_mastodon":"0"},"categories":[172],"tags":[178,177,183,335980,1533,1537,90,89,15],"class_list":["post-609462","post","type-post","status-publish","format-standard","has-post-thumbnail","category-affari","tag-affari","tag-business","tag-compagnie-aeree","tag-dalmazia","tag-estate","tag-it","tag-italia","tag-italy","tag-notizie"],"share_on_mastodon":{"url":"https:\/\/pubeurope.com\/@it\/117009297445512581","error":""},"_links":{"self":[{"href":"https:\/\/www.europesays.com\/it\/wp-json\/wp\/v2\/posts\/609462","targetHints":{"allow":["GET"]}}],"collection":[{"href":"https:\/\/www.europesays.com\/it\/wp-json\/wp\/v2\/posts"}],"about":[{"href":"https:\/\/www.europesays.com\/it\/wp-json\/wp\/v2\/types\/post"}],"author":[{"embeddable":true,"href":"https:\/\/www.europesays.com\/it\/wp-json\/wp\/v2\/users\/3"}],"replies":[{"embeddable":true,"href":"https:\/\/www.europesays.com\/it\/wp-json\/wp\/v2\/comments?post=609462"}],"version-history":[{"count":0,"href":"https:\/\/www.europesays.com\/it\/wp-json\/wp\/v2\/posts\/609462\/revisions"}],"wp:featuredmedia":[{"embeddable":true,"href":"https:\/\/www.europesays.com\/it\/wp-json\/wp\/v2\/media\/609463"}],"wp:attachment":[{"href":"https:\/\/www.europesays.com\/it\/wp-json\/wp\/v2\/media?parent=609462"}],"wp:term":[{"taxonomy":"category","embeddable":true,"href":"https:\/\/www.europesays.com\/it\/wp-json\/wp\/v2\/categories?post=609462"},{"taxonomy":"post_tag","embeddable":true,"href":"https:\/\/www.europesays.com\/it\/wp-json\/wp\/v2\/tags?post=609462"}],"curies":[{"name":"wp","href":"https:\/\/api.w.org\/{rel}","templated":true}]}}