{"id":609806,"date":"2026-07-30T18:56:20","date_gmt":"2026-07-30T18:56:20","guid":{"rendered":"https:\/\/www.europesays.com\/it\/609806\/"},"modified":"2026-07-30T18:56:20","modified_gmt":"2026-07-30T18:56:20","slug":"teresa-langella-ricorda-lincidente-del-marito-le-tue-urla-la-mia-paura-di-perderti-e-il-lento-recupero","status":"publish","type":"post","link":"https:\/\/www.europesays.com\/it\/609806\/","title":{"rendered":"Teresa Langella ricorda l&#8217;incidente del marito: &#8220;Le tue urla, la mia paura di perderti&#8221; e il lento recupero"},"content":{"rendered":"<p>\u201cDoveva essere una normale sera di luglio, una pizza insieme, i piani semplici di una famiglia\u201d. Inizia cos\u00ec il racconto di Teresa Langella che sui social ripercorre gli istanti drammatici che hanno segnato per sempre la sua vita e quella del marito Andrea Dal Corso, coinvolto in un tragico <a href=\"https:\/\/Today.it\/gossip\/vip\/uomini-donne-incidente-andrea-dal-corso.html\" rel=\"nofollow noopener\" target=\"_blank\">incidente stradale<\/a> nel quale \u00e8 morta una donna.<\/p>\n<p>\u201cLe tue urla in vivavoce, il mio terrore di perderti e la consapevolezza spaventosa di quanto tutto possa cambiare in una frazione di secondo in un impatto frontale inevitabile &#8211; scrive l&#8217;ex tronista &#8211; Nessuno ti prepara al dopo. Nessuno ti spiega cosa si prova a dover imboccare, lavare, stringere la persona che ami quando \u00e8 totalmente indifesa, privata persino dei gesti pi\u00f9 semplici. Inizialmente c\u2019\u00e8 la resistenza, il pudore, la fatica di accettare una fragilit\u00e0 cosi improvvisa. E poi, in quell attimo esatto, capisci il vero senso di quella promessa detta all\u2019altare: stringersi forte e restare, qualunque cosa accada\u201d.<\/p>\n<p>La coppia solo oggi, a distanza di tempo, parla della dedicata vicenda che li ha visti coinvolti. \u201cQuello che ci \u00e8 successo ci ha fatto toccare con mano la fragilit\u00e0 della vita nel modo pi\u00f9 duro &#8211; sottolinea Teresa &#8211; Ci ha lasciato dentro un dolore immenso per una vita spezzata, che non si pu\u00f2 dimenticare e che porteremo sempre con noi, ma ci ha anche consegnato il pi\u00f9 grande dei miracoli: amore mio, tu sei qui. Prenderci cura l\u2019uno dell\u2019altra non \u00e8 mai stato un dovere, e oggi, un pezzettino alla volta, lo custodiamo come la cosa pi\u00f9 preziosa che abbiamo. Non date mai nulla per scontato\u201d.<\/p>\n<p>Per quanto si pu\u00f2 capire dai social, il recupero di Andrea Dal Corso sar\u00e0 ancora lungo, entrambe le braccia hanno subito pesanti traumi, e oltre al gesso, si \u00e8 parlato anche di un intervento chirurgico per rimettere in sede l&#8217;arto. Traumi fortunatamente risolvibili ma che lasceranno sicuramente un segno indelebile nella vita di entrambi.<\/p>\n<p>La coppia, a settembre, festegger\u00e0 il secondo anniversario di <a href=\"https:\/\/www.today.it\/~go\/i\/61715206124778\" rel=\"nofollow noopener\" target=\"_blank\">matrimonio<\/a>. Una relazione nata sette anni fa nata a Uomini e donne. Dopo qualche iniziale tentennamento e un No da parte di Andrea al momento della scelta, i due si sono ritrovati e trasferiti stabilmente in Veneto, terra d&#8217;origine di Andrea Dal Corso. Luogo dove si \u00e8 consumato il terribile incidente.<\/p>\n<blockquote class=\"instagram-media\" style=\"background-color:#FFF;border-radius:3px;border-width:0;box-shadow:0 0 1px 0 rgba(0,0,0,0.5),0 1px 10px 0 rgba(0,0,0,0.15);margin:1px;max-width:540px;min-width:326px;padding:0;width:calc(100% - 2px);\" data-instgrm-captioned=\"\" data-instgrm-permalink=\"https:\/\/www.instagram.com\/reel\/DbadmZuINUU\/?utm_source=ig_embed&amp;utm_campaign=loading\" data-instgrm-version=\"14\"\/>\n<p>\u00a0<\/p>\n<p>      <script async src=\"\/\/www.instagram.com\/embed.js\"><\/script><\/p>\n","protected":false},"excerpt":{"rendered":"\u201cDoveva essere una normale sera di luglio, una pizza insieme, i piani semplici di una famiglia\u201d. Inizia cos\u00ec&hellip;\n","protected":false},"author":3,"featured_media":609807,"comment_status":"","ping_status":"","sticky":false,"template":"","format":"standard","meta":{"footnotes":"","_share_on_mastodon":"0"},"categories":[174],"tags":[203,204,1537,90,89,9240],"class_list":["post-609806","post","type-post","status-publish","format-standard","has-post-thumbnail","category-intrattenimento","tag-entertainment","tag-intrattenimento","tag-it","tag-italia","tag-italy","tag-uomini-e-donne"],"share_on_mastodon":{"url":"https:\/\/pubeurope.com\/@it\/117010457423995438","error":""},"_links":{"self":[{"href":"https:\/\/www.europesays.com\/it\/wp-json\/wp\/v2\/posts\/609806","targetHints":{"allow":["GET"]}}],"collection":[{"href":"https:\/\/www.europesays.com\/it\/wp-json\/wp\/v2\/posts"}],"about":[{"href":"https:\/\/www.europesays.com\/it\/wp-json\/wp\/v2\/types\/post"}],"author":[{"embeddable":true,"href":"https:\/\/www.europesays.com\/it\/wp-json\/wp\/v2\/users\/3"}],"replies":[{"embeddable":true,"href":"https:\/\/www.europesays.com\/it\/wp-json\/wp\/v2\/comments?post=609806"}],"version-history":[{"count":0,"href":"https:\/\/www.europesays.com\/it\/wp-json\/wp\/v2\/posts\/609806\/revisions"}],"wp:featuredmedia":[{"embeddable":true,"href":"https:\/\/www.europesays.com\/it\/wp-json\/wp\/v2\/media\/609807"}],"wp:attachment":[{"href":"https:\/\/www.europesays.com\/it\/wp-json\/wp\/v2\/media?parent=609806"}],"wp:term":[{"taxonomy":"category","embeddable":true,"href":"https:\/\/www.europesays.com\/it\/wp-json\/wp\/v2\/categories?post=609806"},{"taxonomy":"post_tag","embeddable":true,"href":"https:\/\/www.europesays.com\/it\/wp-json\/wp\/v2\/tags?post=609806"}],"curies":[{"name":"wp","href":"https:\/\/api.w.org\/{rel}","templated":true}]}}