{"id":609870,"date":"2026-07-30T19:48:15","date_gmt":"2026-07-30T19:48:15","guid":{"rendered":"https:\/\/www.europesays.com\/it\/609870\/"},"modified":"2026-07-30T19:48:15","modified_gmt":"2026-07-30T19:48:15","slug":"calciomercato-2026-ultime-news-di-oggi-in-diretta-live-36","status":"publish","type":"post","link":"https:\/\/www.europesays.com\/it\/609870\/","title":{"rendered":"Calciomercato 2026, ultime news di oggi in diretta live"},"content":{"rendered":"<p>\\n  <\/p>\n<li>Juventus, Carnevali: \\&#8221;Per Kolo Muani siamo alla fase conclusiva\\&#8221;<\/li>\n<p>\\n  <\/p>\n<li><a href=\"\\&quot;https:\/\/sport.sky.it\/calciomercato\/calciomercato-serie-a-estate-2026-acquisti-ufficiali\\&quot;\" data-intcmp=\"\\&quot;skysport_liveblog_interlink_text\\&quot;\">Ufficiale, John Stones \u00e8 un giocatore dell&#8217;Inter<\/a><\/li>\n<p>\\n  <\/p>\n<li><a href=\"\\&quot;https:\/\/sport.sky.it\/calciomercato\/2026\/07\/30\/juventus-alajbegovic-calciomercato-news\\&quot;\" data-intcmp=\"\\&quot;skysport_liveblog_interlink_text\\&quot;\">Juventus-Alajbegovic, accordo di massima col Bayer Leverkusen<\/a><\/li>\n<p>\\n  <\/p>\n<li><a href=\"\\&quot;https:\/\/sport.sky.it\/calciomercato\/2026\/07\/30\/roma-koulierakis-calciomercato-news\\&quot;\" data-intcmp=\"\\&quot;skysport_liveblog_interlink_text\\&quot;\">Roma-Koulierakis, accordo di massima: 17 milioni pi\u00f9 bonus<\/a><\/li>\n<p>\\n  <\/p>\n<li><a href=\"\\&quot;https:\/\/sport.sky.it\/calciomercato\/2026\/07\/30\/calciomercato-roma-fresneda-read-news\\&quot;\" data-intcmp=\"\\&quot;skysport_liveblog_interlink_text\\&quot;\">E per la fascia destra in lista Read e Fresneda<\/a><\/li>\n<p>\\n  <\/p>\n<li><a href=\"\\&quot;https:\/\/sport.sky.it\/calciomercato\/2026\/07\/29\/torino-fitz-jim-calciomercato-news\\&quot;\" data-intcmp=\"\\&quot;skysport_liveblog_interlink_text\\&quot;\">Torino, fatta per Fitz-Jim: operazione da 2,5 milioni pi\u00f9 rivendita<\/a><\/li>\n<p>\\n  <\/p>\n<li><a href=\"\\&quot;https:\/\/sport.sky.it\/calciomercato\/allenatori-serie-a-2026-2027-situazione-panchine-squadre\\&quot;\" data-intcmp=\"\\&quot;skysport_liveblog_interlink_text\\&quot;\">Tutti gli allenatori ufficiali in Serie A<\/a><\/li>\n<p>\\n  <\/p>\n<li><a href=\"\\&quot;https:\/\/sport.sky.it\/calciomercato\/tabellone\\&quot;\" data-intcmp=\"\\&quot;skysport_liveblog_interlink_text\\&quot;\">Tabellone mercato Serie A<\/a><\/li>\n<p>\\n  <\/p>\n<li><a href=\"\\&quot;https:\/\/sport.sky.it\/calciomercato\/calciomercato-serie-a-estate-2026-acquisti-ufficiali\\&quot;\" data-intcmp=\"\\&quot;skysport_liveblog_interlink_text\\&quot;\">Serie A, gli acquisti ufficiali<\/a><\/li>\n<p>\\n  <\/p>\n<li><a href=\"\\&quot;https:\/\/sport.sky.it\/calciomercato\/calciomercato-serie-b-estate-2026-acquisti-ufficiali#00\\&quot;\" data-intcmp=\"\\&quot;skysport_liveblog_interlink_text\\&quot;\">Le trattative concluse in Serie B<\/a><\/li>\n<p>\\n  <\/p>\n<li><a href=\"\\&quot;https:\/\/sport.sky.it\/calciomercato\/calciomercato-2026-acquisti-ufficiali-estero-estate\\&quot;\" data-intcmp=\"\\&quot;skysport_liveblog_interlink_text\\&quot;\">Tutti i colpi di mercato all&#8217;estero<\/a><\/li>\n<p>\\n&#8221;,&#8221;postId&#8221;:&#8221;968bf0ca-f14a-4435-a2ef-454caaf678bf&#8221;,&#8221;postLink&#8221;:{&#8220;title&#8221;:&#8221;&#8221;,&#8221;url&#8221;:&#8221;&#8221;,&#8221;imageSrc&#8221;:&#8221;&#8221;}}],&#8221;posts&#8221;:[{&#8220;timestamp&#8221;:&#8221;2026-07-30T19:16:15.909Z&#8221;,&#8221;timestampUtcIt&#8221;:&#8221;2026-07-30T21:16:15+0200&#8243;,&#8221;video&#8221;:{&#8220;videoId&#8221;:&#8221;1115115&#8243;,&#8221;videoPageUrl&#8221;:&#8221;https:\/\/video.sky.it\/sport\/calciomercato\/serie-a\/video\/carnevali-juve-kolo-muani-alajbegovic-intervista-sky-1115115&#8243;},&#8221;altBackground&#8221;:true,&#8221;title&#8221;:&#8221;Juventus, parla Carnevali: \\&#8221;Stiamo definendo per Kolo e Alajbegovic\\&#8221;&#8221;,&#8221;content&#8221;:&#8221;<\/p>\n<p>Le parole dell&#8217;ad bianconero <strong>Giovanni Carnevali <\/strong>sulle due trattative di mercato principali.<\/p>\n<p>&#8220;,&#8221;postId&#8221;:&#8221;069929e1-1fa0-4952-9993-95feab4fa983&#8243;,&#8221;postLink&#8221;:{&#8220;title&#8221;:&#8221;&#8221;,&#8221;url&#8221;:&#8221;&#8221;,&#8221;imageSrc&#8221;:&#8221;&#8221;}},{&#8220;timestamp&#8221;:&#8221;2026-07-30T18:40:00.914Z&#8221;,&#8221;timestampUtcIt&#8221;:&#8221;2026-07-30T20:40:00+0200&#8243;,&#8221;altBackground&#8221;:false,&#8221;title&#8221;:&#8221;Folgore Caratese, ora \u00e8 anche ufficiale l&#8217;arrivo di Ndoj&#8221;,&#8221;content&#8221;:&#8221;<\/p>\n<p>La <strong>Folgore Caratese<\/strong> ha appena ufficializzato l&#8217;arrivo del centrocampista classe 1996 <strong>Emanuele Ndoj<\/strong>, svincolato dopo l&#8217;esperienza con la maglia dell&#8217;<strong>Ascoli.<\/strong><\/p>\n<p>&#8220;,&#8221;postId&#8221;:&#8221;c2d21912-b81c-40da-881e-ddcc56ca8c0a&#8221;,&#8221;postLink&#8221;:{&#8220;title&#8221;:&#8221;&#8221;,&#8221;url&#8221;:&#8221;&#8221;,&#8221;imageSrc&#8221;:&#8221;&#8221;}},{&#8220;timestamp&#8221;:&#8221;2026-07-30T18:20:00.081Z&#8221;,&#8221;timestampUtcIt&#8221;:&#8221;2026-07-30T20:20:00+0200&#8243;,&#8221;altBackground&#8221;:false,&#8221;title&#8221;:&#8221;Crotone, chiuso l&#8217;arrivo di Ruggiero dal Trapani&#8221;,&#8221;content&#8221;:&#8221;<\/p>\n<p>Il <strong>Crotone <\/strong>ha chiuso un acquisto importante per rinforzare il reparto offensivo: \u00e8 in dirittura d&#8217;arrivo, infatti, l&#8217;acquisto di <strong>Zak Ruggiero<\/strong> dal <strong>Trapani<\/strong>. L&#8217;attaccante classe 2001 si unir\u00e0 dunque alla formazione calabrese dopo aver trascorso l&#8217;ultima stagione in Serie C con la maglia <strong>dell&#8217;Audace Cerignola<\/strong>, mettendo a referto <strong>33 presenze<\/strong> alle quali si aggiungono<strong> 4 gol<\/strong>.<\/p>\n<p>&#8220;,&#8221;postId&#8221;:&#8221;7aa2eb09-51de-4627-9eb5-8776cff4a9f4&#8243;,&#8221;postLink&#8221;:{&#8220;title&#8221;:&#8221;&#8221;,&#8221;url&#8221;:&#8221;&#8221;,&#8221;imageSrc&#8221;:&#8221;&#8221;}},{&#8220;timestamp&#8221;:&#8221;2026-07-30T18:02:41.531Z&#8221;,&#8221;timestampUtcIt&#8221;:&#8221;2026-07-30T20:02:41+0200&#8243;,&#8221;altBackground&#8221;:false,&#8221;title&#8221;:&#8221;Ufficiale, John Stones \u00e8 un giocatore dell&#8217;Inter&#8221;,&#8221;content&#8221;:&#8221;<\/p>\n<p>Si attende l&#8217;ufficialit\u00e0 che \u00e8 appena arrivata: <strong>John Stones \u00e8 un nuovo giocatore dell&#8217;Inter.\u00a0<\/strong><\/p>\n<p>&#8220;,&#8221;social&#8221;:{&#8220;socialType&#8221;:&#8221;instagram&#8221;,&#8221;src&#8221;:&#8221;https:\/\/www.instagram.com\/p\/DbbSHdEgfKO\/?utm_source=ig_embed&amp;utm_campaign=loading&#8221;,&#8221;cookieAllowed&#8221;:true},&#8221;postId&#8221;:&#8221;48259aba-2ff3-4c26-962d-45a8b00f4569&#8243;,&#8221;postLink&#8221;:{&#8220;title&#8221;:&#8221;&#8221;,&#8221;url&#8221;:&#8221;&#8221;,&#8221;imageSrc&#8221;:&#8221;&#8221;}},{&#8220;timestamp&#8221;:&#8221;2026-07-30T17:52:04.708Z&#8221;,&#8221;timestampUtcIt&#8221;:&#8221;2026-07-30T19:52:04+0200&#8243;,&#8221;altBackground&#8221;:false,&#8221;title&#8221;:&#8221;Juventus, Carnevali: \\&#8221;Per Kolo Muani siamo alla fase conclusiva\\&#8221;&#8221;,&#8221;content&#8221;:&#8221;<\/p>\n<p>\\&#8221;Stiamo definendo proprio in queste ore per Kolo Muani\\&#8221;, ha dichiarato l&#8217;amministratore delegato della\u00a0<strong>Juventus<\/strong>, <strong>Giovanni\u00a0Carnevali<\/strong>, durante il tour La Stampa. L&#8217;ad ha parlato anche del talento bosniaco <strong>Alajbegovic<\/strong>: \\&#8221;Con lui siamo un po\u2019 pi\u00f9 indietro ma ci stiamo lavorando. \u00c8 un investimento importante ma una societ\u00e0 come la Juve deve pensare anche al futuro. Lui \u00e8 2007 e ha le caratteristiche che cerchiamo\\&#8221;.<\/p>\n<p>&#8220;,&#8221;postId&#8221;:&#8221;273c5b6f-d4d6-4d13-9049-11109e0f555b&#8221;,&#8221;postLink&#8221;:{&#8220;title&#8221;:&#8221;&#8221;,&#8221;url&#8221;:&#8221;&#8221;,&#8221;imageSrc&#8221;:&#8221;&#8221;}},{&#8220;timestamp&#8221;:&#8221;2026-07-30T17:50:00.946Z&#8221;,&#8221;timestampUtcIt&#8221;:&#8221;2026-07-30T19:50:00+0200&#8243;,&#8221;altBackground&#8221;:false,&#8221;title&#8221;:&#8221;Carrarese, riecco Rouhi: operazione in prestito dalla Juventus&#8221;,&#8221;content&#8221;:&#8221;<\/p>\n<p>Continua l&#8217;avventura in Toscana per <strong>Jonas<\/strong> <strong>Rouhi<\/strong>. La <strong>Juventus<\/strong> ha infatti ufficializzato il ritorno dell&#8217;esterno svedese alla <strong>Carrarese<\/strong>, club in cui aveva gi\u00e0 militato nella seconda met\u00e0 della scorsa annata calcistica.<\/p>\n<p>&#8220;,&#8221;postId&#8221;:&#8221;025fe3a4-253f-4fd6-960b-dcefd146d375&#8243;,&#8221;postLink&#8221;:{&#8220;title&#8221;:&#8221;&#8221;,&#8221;url&#8221;:&#8221;&#8221;,&#8221;imageSrc&#8221;:&#8221;&#8221;}},{&#8220;timestamp&#8221;:&#8221;2026-07-30T17:35:00.242Z&#8221;,&#8221;timestampUtcIt&#8221;:&#8221;2026-07-30T19:35:00+0200&#8243;,&#8221;altBackground&#8221;:false,&#8221;title&#8221;:&#8221;Sampdoria, \u00e8 fatta per il ritorno di Viti&#8221;,&#8221;content&#8221;:&#8221;<\/p>\n<p>\u00c8 fatta per il ritorno in casa <strong>Sampdoria <\/strong>di <strong>Mattia Viti<\/strong>. Nella scorsa stagione in prestito in blucerchiato, ora arriva a titolo definitivo. 4 anni di contratto per il difensore, domani le visite mediche.<\/p>\n<p>&#8220;,&#8221;postId&#8221;:&#8221;6d653f1e-8141-47ba-a831-fc9f51be1103&#8243;,&#8221;postLink&#8221;:{&#8220;title&#8221;:&#8221;&#8221;,&#8221;url&#8221;:&#8221;&#8221;,&#8221;imageSrc&#8221;:&#8221;&#8221;}},{&#8220;timestamp&#8221;:&#8221;2026-07-30T17:12:58.930Z&#8221;,&#8221;timestampUtcIt&#8221;:&#8221;2026-07-30T19:12:58+0200&#8243;,&#8221;altBackground&#8221;:false,&#8221;title&#8221;:&#8221;Inter, Stones ha firmato il contratto&#8221;,&#8221;content&#8221;:&#8221;<\/p>\n<p>Da <strong>Manchester a Milano: John Stones<\/strong> &#8211; svincolato dopo la lunga esperienza al <strong>City <\/strong>&#8211; ha firmato nella sede dell&#8217;Inter\u00a0un contratto biennale da 4 milioni di euro a stagione.<\/p>\n<p>&#8220;,&#8221;postId&#8221;:&#8221;a2adb527-f2f4-4471-b5cc-5c02978549dc&#8221;,&#8221;postLink&#8221;:{&#8220;title&#8221;:&#8221;Inter, Stones ha firmato: atteso l&#8217;annuncio ufficiale&#8221;,&#8221;url&#8221;:&#8221;https:\/\/sport.sky.it\/calciomercato\/2026\/07\/30\/inter-stones-calciomercato-news&#8221;,&#8221;imageSrc&#8221;:&#8221;https:\/\/sport.sky.it\/assets\/images\/c2e2d49b4cec1a7d5e1dc781642d8e90d3fc9651\/skysport\/it\/calcio\/calciomercato\/2026\/07\/30\/inter-stones-calciomercato-news\/stones_inter_coni.jpg?im=Resize,width=1218&#8243;}},{&#8220;timestamp&#8221;:&#8221;2026-07-30T16:52:48.474Z&#8221;,&#8221;timestampUtcIt&#8221;:&#8221;2026-07-30T18:52:48+0200&#8243;,&#8221;altBackground&#8221;:false,&#8221;title&#8221;:&#8221;Zanellato al Casarano: adesso c&#8217;\u00e8 anche la firma&#8221;,&#8221;content&#8221;:&#8221;<\/p>\n<p>Rinforzo di spessore per il centrocampo del <strong>Casarano <\/strong>di <strong>Vito Di Bari<\/strong>. Ora \u00e8 arrivata anche la firma di <strong>Niccol\u00f2 Zanellato<\/strong>, centrocampista classe 1998 reduce da un&#8217;esperienza con la maglia del <strong>Lecco<\/strong>.<\/p>\n<p>&#8220;,&#8221;postId&#8221;:&#8221;67a324c6-9231-47ab-a3e5-d2ba33374686&#8243;,&#8221;postLink&#8221;:{&#8220;title&#8221;:&#8221;&#8221;,&#8221;url&#8221;:&#8221;&#8221;,&#8221;imageSrc&#8221;:&#8221;&#8221;}},{&#8220;timestamp&#8221;:&#8221;2026-07-30T16:35:00.932Z&#8221;,&#8221;timestampUtcIt&#8221;:&#8221;2026-07-30T18:35:00+0200&#8243;,&#8221;altBackground&#8221;:false,&#8221;title&#8221;:&#8221;Roma, Castro si presenta: \\&#8221;Sin dal primo contatto ho deciso di venire qui\\&#8221;&#8221;,&#8221;content&#8221;:&#8221;<\/p>\n<p>\\&#8221;Volevo venire qui fin dal primo momento. Ho parlato con il direttore sportivo e mi hanno detto cosa volevano da me e cosa pensavano potessi portare alla squadra&#8230; Fin dal primissimo contatto che ho avuto con il club avevo gi\u00e0 preso la decisione di unirmi alla Roma\\&#8221;, ha dichiarato Santiago\u00a0<strong>Castro<\/strong>\u00a0ai canali ufficiali della\u00a0<strong>Roma<\/strong>.<\/p>\n<p>&#8220;,&#8221;postId&#8221;:&#8221;9a5a8c3f-cdba-448f-83ee-a468f1d6a92f&#8221;,&#8221;postLink&#8221;:{&#8220;title&#8221;:&#8221;&#8221;,&#8221;url&#8221;:&#8221;&#8221;,&#8221;imageSrc&#8221;:&#8221;&#8221;}},{&#8220;timestamp&#8221;:&#8221;2026-07-30T16:15:00.274Z&#8221;,&#8221;timestampUtcIt&#8221;:&#8221;2026-07-30T18:15:00+0200&#8243;,&#8221;altBackground&#8221;:false,&#8221;title&#8221;:&#8221;Dawidowicz vuole tornare in Italia, l&#8217;ex Verona in attesa di sviluppi&#8221;,&#8221;content&#8221;:&#8221;<\/p>\n<p><strong>Pawel Dawidowicz<\/strong>, ex difensore del Verona, pu\u00f2 tornare a giocare in Italia. Il centrale polacco classe 1995, dopo gli ultimi mesi al <strong>Rakow<\/strong>, vuole ritornare in Italia e sta temporeggiando nonostante il pressing del <strong>Lech Poznan<\/strong>, che vorrebbe ingaggiarlo senza attese. Al momento <strong>Dawidowicz<\/strong> \u00e8 stato proposto sia al <strong>Monza<\/strong>, sia in <strong>Serie B<\/strong> a <strong>Pisa<\/strong>, <strong>Sampdoria<\/strong>, <strong>Juve Stabia<\/strong> ed <strong>Empoli<\/strong>.\u00a0<\/p>\n<p>&#8220;,&#8221;postId&#8221;:&#8221;d52a13f7-c93e-44a1-a805-03c4041cc958&#8243;,&#8221;postLink&#8221;:{&#8220;title&#8221;:&#8221;&#8221;,&#8221;url&#8221;:&#8221;&#8221;,&#8221;imageSrc&#8221;:&#8221;&#8221;}},{&#8220;timestamp&#8221;:&#8221;2026-07-30T15:56:40.338Z&#8221;,&#8221;timestampUtcIt&#8221;:&#8221;2026-07-30T17:56:40+0200&#8243;,&#8221;altBackground&#8221;:false,&#8221;title&#8221;:&#8221;Sampdoria, domani le visite mediche per Viti &#8220;,&#8221;content&#8221;:&#8221;<\/p>\n<p>La <strong>Sampdoria<\/strong> ha chiuso per il ritorno di Mattia <strong>Viti<\/strong>, che l&#8217;anno scorso aveva giocato in blucerchiato, ma in prestito. Questa volta l&#8217;operazione per il classe 2002 \u00e8 a titolo definitivo, per lui 4 anni di contratto. Domani le visite mediche.\u00a0<\/p>\n<p>&#8220;,&#8221;postId&#8221;:&#8221;2d43d8ce-3413-4464-af2f-a628c3cbd61c&#8221;,&#8221;postLink&#8221;:{&#8220;title&#8221;:&#8221;&#8221;,&#8221;url&#8221;:&#8221;&#8221;,&#8221;imageSrc&#8221;:&#8221;&#8221;}},{&#8220;timestamp&#8221;:&#8221;2026-07-30T15:14:02.796Z&#8221;,&#8221;timestampUtcIt&#8221;:&#8221;2026-07-30T17:14:02+0200&#8243;,&#8221;altBackground&#8221;:false,&#8221;title&#8221;:&#8221;Cagliari, Kofler ha firmato &#8220;,&#8221;content&#8221;:&#8221;<\/p>\n<p>Il\u00a0<strong>Cagliari <\/strong>rinforza il pacchetto difensivo con l&#8217;arrivo di \u00a0Raphael\u00a0<strong>Kofler, <\/strong>centrale classe 2005 in arrivo dal <strong>Sudtirol: <\/strong>\\&#8221;Sono contentissimo. Ho gi\u00e0 parlato con Pisacane e non vedo l&#8217;ora di arrivare in ritiro con la squadra\\&#8221;, le sue prime parole da calciatore rossoblu.\u00a0<\/p>\n<p>\\n\\n\\n&#8221;,&#8221;postId&#8221;:&#8221;3fbce17f-91fe-40e3-bb73-5b568c3131b0&#8243;,&#8221;postLink&#8221;:{&#8220;title&#8221;:&#8221;&#8221;,&#8221;url&#8221;:&#8221;&#8221;,&#8221;imageSrc&#8221;:&#8221;&#8221;}},{&#8220;timestamp&#8221;:&#8221;2026-07-30T15:00:00.197Z&#8221;,&#8221;timestampUtcIt&#8221;:&#8221;2026-07-30T17:00:00+0200&#8243;,&#8221;video&#8221;:{&#8220;videoId&#8221;:&#8221;1115053&#8243;,&#8221;videoPageUrl&#8221;:&#8221;https:\/\/video.sky.it\/sport\/calcio\/serie-a\/video\/diawara-milan-arrivo-perth-video-1115053&#8243;},&#8221;altBackground&#8221;:true,&#8221;title&#8221;:&#8221;Milan, Diawara \u00e8 arrivato a Perth VIDEO &#8220;,&#8221;content&#8221;:&#8221;<\/p>\n<p>\u00a0Sankhoun <strong>Diawara, <\/strong>nuovo acquisto del <strong>Milan. <\/strong>si \u00e8 unito ai suoi compagni a Perth. Il difensore francese, acquisito dal Troyes a titolo definitivo, \u00e8 arrivato nell&#8217;albergo che ospita i rossoneri e con un bel sorriso disegnato sul volto ha accontentato le richieste dei tifosi che chiedevano un autografo o una foto. Diawara ha firmato un contratto fino al 2031 con opzione di prolungamento e indosser\u00e0 la maglia numero 13.\u00a0<\/p>\n<p>&#8220;,&#8221;postId&#8221;:&#8221;2e052b4e-1419-487c-830f-c383eb642953&#8243;,&#8221;postLink&#8221;:{&#8220;title&#8221;:&#8221;Diawara \u00e8 arrivato in Australia&#8221;,&#8221;url&#8221;:&#8221;https:\/\/sport.sky.it\/calcio\/serie-a\/video\/2026\/07\/30\/diawara-milan-arrivo-perth-video-1115053&#8243;,&#8221;imageSrc&#8221;:&#8221;https:\/\/sport.sky.it\/assets\/images\/fdc080c4087cb644a6878f1f5440bea69aed86f9\/skysport\/it\/calcio\/serie-a\/video\/2026\/07\/30\/diawara-milan-arrivo-perth-video-1115053\/diawara_milan_perth_screen.jpg?im=Resize,width=1218&#8243;}},{&#8220;timestamp&#8221;:&#8221;2026-07-30T14:45:00.055Z&#8221;,&#8221;timestampUtcIt&#8221;:&#8221;2026-07-30T16:45:00+0200&#8243;,&#8221;altBackground&#8221;:false,&#8221;title&#8221;:&#8221;Carrarese, ufficiale la permanenza di Rouhi&#8221;,&#8221;content&#8221;:&#8221;<\/p>\n<p>Jonas <strong>Rouhi <\/strong>prosegue la propria avventura in toscana, con la maglia della <strong>Carrarese<\/strong>. Ad annunciarlo \u00e8 il club proprietario del cartellino, ovvero la <strong>Juventus<\/strong>, che in una nota saluta l&#8217;esterno svedese che si fermer\u00e0 ancora un anno, in prestito, alla <strong>Carrarese<\/strong>.\u00a0<\/p>\n<p>&#8220;,&#8221;postId&#8221;:&#8221;2bb2e23e-f009-4425-a9e7-816c056fc4fd&#8221;,&#8221;postLink&#8221;:{&#8220;title&#8221;:&#8221;&#8221;,&#8221;url&#8221;:&#8221;&#8221;,&#8221;imageSrc&#8221;:&#8221;&#8221;}},{&#8220;timestamp&#8221;:&#8221;2026-07-30T14:30:00.791Z&#8221;,&#8221;timestampUtcIt&#8221;:&#8221;2026-07-30T16:30:00+0200&#8243;,&#8221;altBackground&#8221;:false,&#8221;title&#8221;:&#8221;Venezia, ai dettagli la trattativa per Sohm con la Fiorentina &#8220;,&#8221;content&#8221;:&#8221;<\/p>\n<p>Ai dettagli finali la trattativa che porter\u00e0 il centrocampista, Simon <strong>Sohm<\/strong>, dalla <strong>Fiorentina <\/strong>al <strong>Venezia<\/strong>. Nei prossimi giorni si definir\u00e0 l&#8217;operazione, che sar\u00e0 in prestito con diritto di riscatto fissato a 10 milioni di euro.\u00a0<\/p>\n<p>&#8220;,&#8221;postId&#8221;:&#8221;2a9bcd41-e2fa-4d72-9be1-ab0655b6e1f5&#8243;,&#8221;postLink&#8221;:{&#8220;title&#8221;:&#8221;&#8221;,&#8221;url&#8221;:&#8221;&#8221;,&#8221;imageSrc&#8221;:&#8221;&#8221;}},{&#8220;timestamp&#8221;:&#8221;2026-07-30T14:15:00.047Z&#8221;,&#8221;timestampUtcIt&#8221;:&#8221;2026-07-30T16:15:00+0200&#8243;,&#8221;altBackground&#8221;:false,&#8221;title&#8221;:&#8221;Savoia, ufficiale l&#8217;arrivo di Scotti dall&#8217;Avellino &#8220;,&#8221;content&#8221;:&#8221;<\/p>\n<p>Il <strong>Savoia\u00a0<\/strong>ufficializza l&#8217;arrivo in prestito di\u00a0<strong>Filippo Scotti<\/strong>, attaccante classe 2006 ex Milan Futuro, di propriet\u00e0 dell&#8217;<strong>Avellino.\u00a0<\/strong><\/p>\n<p>&#8220;,&#8221;postId&#8221;:&#8221;9f2f8967-338d-4477-89b1-e551ecb738da&#8221;,&#8221;postLink&#8221;:{&#8220;title&#8221;:&#8221;&#8221;,&#8221;url&#8221;:&#8221;&#8221;,&#8221;imageSrc&#8221;:&#8221;&#8221;}},{&#8220;timestamp&#8221;:&#8221;2026-07-30T14:00:00.192Z&#8221;,&#8221;timestampUtcIt&#8221;:&#8221;2026-07-30T16:00:00+0200&#8243;,&#8221;altBackground&#8221;:false,&#8221;title&#8221;:&#8221;Folgore Caratese, ufficiale l&#8217;arrivo di Ndoj&#8221;,&#8221;content&#8221;:&#8221;<\/p>\n<p>La <strong>Folgore Caratese <\/strong>annuncia ufficialmente l&#8217;arrivo di <strong>Emanuele Ndoj. <\/strong>centrocampista classe &#8217;96 era svincolato dopo l&#8217;esperienza con la maglia <strong>dell&#8217;Ascoli<\/strong><\/p>\n<p>&#8220;,&#8221;postId&#8221;:&#8221;63c13616-8880-40f8-b7c3-860d270d9295&#8243;,&#8221;postLink&#8221;:{&#8220;title&#8221;:&#8221;&#8221;,&#8221;url&#8221;:&#8221;&#8221;,&#8221;imageSrc&#8221;:&#8221;&#8221;}},{&#8220;timestamp&#8221;:&#8221;2026-07-30T13:45:00.537Z&#8221;,&#8221;timestampUtcIt&#8221;:&#8221;2026-07-30T15:45:00+0200&#8243;,&#8221;altBackground&#8221;:false,&#8221;title&#8221;:&#8221;De Zerbi: \\&#8221;Mai chiamato Romero per farlo restare. Rispetto le sue scelte\\&#8221;&#8221;,&#8221;content&#8221;:&#8221;<\/p>\n<p>\u201cNon ho mai chiamato Romero per convincerlo a restare\u201d. Lo ha detto l\u2019allenatore del <strong>Tottenham<\/strong>,<strong> Roberto De Zerbi<\/strong>, intervenuto su Alasdair Gold of Football London. Queste le parole dell\u2019allenatore. \\n \\n\u201cDopo la semifinale del Mondiale ci siamo scambiati dei messaggi, ma non l&#8217;ho mai chiamato per convincerlo a restare. Ho rispettato ci\u00f2 che mi ha detto. Come per Vicario, come per ogni giocatore. Romero \u00e8 uno dei migliori difensori centrali al mondo, \u00a0ma io rispetto la volont\u00e0 dei calciatori\u201d.<\/p>\n<p>&#8220;,&#8221;postId&#8221;:&#8221;b6cce884-66d5-4fe5-9730-be0e66a994ad&#8221;,&#8221;postLink&#8221;:{&#8220;title&#8221;:&#8221;&#8221;,&#8221;url&#8221;:&#8221;&#8221;,&#8221;imageSrc&#8221;:&#8221;&#8221;}},{&#8220;timestamp&#8221;:&#8221;2026-07-30T13:30:00.306Z&#8221;,&#8221;timestampUtcIt&#8221;:&#8221;2026-07-30T15:30:00+0200&#8243;,&#8221;altBackground&#8221;:false,&#8221;title&#8221;:&#8221;Lecce, il ds Trinchera sul caso Banda: \\&#8221;Inizio a pensare che non c&#8217;entri il mercato e che ci siano problematiche personali\\&#8221;&#8221;,&#8221;content&#8221;:&#8221;<\/p>\n<p>Intervistato dal Corriere del Mezzogiorno, il direttore sportivo del Lecce, Stefano Trinchera, \u00e8 tornato sulla questione relativa a Lameck Banda, calciatore che da due settimane non si presenta al ritiro giallorosso. Se prima si pensava che l\u2019assenza dell\u2019attaccante fosse da legare a banali questioni di mercato, adesso la faccenda secondo Trinchera, assume contorni poco chiari. \\n \\n \\&#8221;<strong>Ormai da due settimane non abbiamo pi\u00f9 notizie di Banda, cos\u00ec come non ne hanno i suoi agenti<\/strong><strong>.<\/strong> Iniziamo tutti ad essere preoccupati che possa essere accaduto qualcosa che non c&#8217;entri col calcio. La squadra che lo voleva, da confidenze raccolte, \u00e8 ormai andata oltre, facendo offerte ad altri calciatori con gli stessi parametri e quindinon sarebbe pi\u00f9 intenzionata a prenderlo. Inizio a pensare che dietro a questa vicenda non ci sia una strategia per ottenere dal Lecce chiss\u00e0 cosa, piuttosto che esista qualche problematica personale. Purtroppo abbiamo iniziato a pensare anche noi in questa direzione, perch\u00e9 quello che sta succedendo \u00e8 qualcosa di molto anomalo\u201d.<\/p>\n<p>&#8220;,&#8221;postId&#8221;:&#8221;edb7217f-9ce0-457f-ba3d-56e3c8a8f6c8&#8243;,&#8221;postLink&#8221;:{&#8220;title&#8221;:&#8221;&#8221;,&#8221;url&#8221;:&#8221;&#8221;,&#8221;imageSrc&#8221;:&#8221;&#8221;}},{&#8220;timestamp&#8221;:&#8221;2026-07-30T13:20:00.529Z&#8221;,&#8221;timestampUtcIt&#8221;:&#8221;2026-07-30T15:20:00+0200&#8243;,&#8221;altBackground&#8221;:false,&#8221;title&#8221;:&#8221;Stones \u00e8 la sintesi perfetta per il calcio di Chivu&#8221;,&#8221;content&#8221;:&#8221;<\/p>\n<p>Dai tatuaggi che raccontano la sua storia alla rivoluzione tattica di Guardiola, passando per le sue caratteristiche e i suoi dati: perch\u00e9 John Stones \u00e8 molto pi\u00f9 di un difensore centrale e perch\u00e9 il suo arrivo pu\u00f2 davvero far felice Chivu. <a href=\"\\&quot;https:\/\/sport.sky.it\/calciomercato\/2026\/07\/30\/stones-inter-mercato-storia-caratteristiche\\&quot;\" data-intcmp=\"\\&quot;skysport_liveblog_interlink_text\\&quot;\"><strong>LEGGI QUI L&#8217;ARITCOLO<\/strong><\/a><\/p>\n<p>&#8220;,&#8221;postId&#8221;:&#8221;95b9b9f9-0c97-40c7-b858-35903b3b0a1d&#8221;,&#8221;postLink&#8221;:{&#8220;title&#8221;:&#8221;Stones \u00e8 la sintesi perfetta per il calcio di Chivu&#8221;,&#8221;url&#8221;:&#8221;https:\/\/sport.sky.it\/calciomercato\/2026\/07\/30\/stones-inter-mercato-storia-caratteristiche&#8221;,&#8221;imageSrc&#8221;:&#8221;https:\/\/sport.sky.it\/assets\/images\/806b747867b7f6f8bb2a609a7903ef286f53ee08\/skysport\/it\/calcio\/calciomercato\/2026\/07\/30\/stones-inter-mercato-storia-caratteristiche\/stones_inghilterra_getty.jpg?im=Resize,width=1218&#8243;}},{&#8220;timestamp&#8221;:&#8221;2026-07-30T13:00:00.240Z&#8221;,&#8221;timestampUtcIt&#8221;:&#8221;2026-07-30T15:00:00+0200&#8243;,&#8221;altBackground&#8221;:false,&#8221;title&#8221;:&#8221;Spezia, ufficiale la risoluzione del contratto dell&#8217;ex allenatore Luca D&#8217;Angelo.&#8221;,&#8221;content&#8221;:&#8221;<\/p>\n<p>Lo <strong>Spezia <\/strong>chiude ufficialmente il capitolo <strong>Luca D&#8217;Angelo<\/strong>. L&#8217;allenatore pescarese, ancora sotto contratto dopo l&#8217;esonero arrivato al termine dell&#8217;ultima stagione, ha firmato la risoluzione con il club ligure.<\/p>\n<p>&#8220;,&#8221;postId&#8221;:&#8221;0117f3f5-e599-4628-b07b-02aa53b5a3c3&#8243;,&#8221;postLink&#8221;:{&#8220;title&#8221;:&#8221;&#8221;,&#8221;url&#8221;:&#8221;&#8221;,&#8221;imageSrc&#8221;:&#8221;&#8221;}},{&#8220;timestamp&#8221;:&#8221;2026-07-30T12:40:00.041Z&#8221;,&#8221;timestampUtcIt&#8221;:&#8221;2026-07-30T14:40:00+0200&#8243;,&#8221;altBackground&#8221;:false,&#8221;title&#8221;:&#8221;Catania, ufficiale l&#8217;addio di Gregorio Luperini&#8221;,&#8221;content&#8221;:&#8221;<\/p>\n<p>Risoluzione consensuale per il centrocampista classe &#8217;94, che con il club rossazzurro ha totalizzato 18 presenze condite da una rete<\/p>\n<p>&#8220;,&#8221;postId&#8221;:&#8221;1d35a55f-e6e2-4d05-b3c1-61ac8cda348a&#8221;,&#8221;postLink&#8221;:{&#8220;title&#8221;:&#8221;&#8221;,&#8221;url&#8221;:&#8221;&#8221;,&#8221;imageSrc&#8221;:&#8221;&#8221;}},{&#8220;timestamp&#8221;:&#8221;2026-07-30T12:26:19.145Z&#8221;,&#8221;timestampUtcIt&#8221;:&#8221;2026-07-30T14:26:19+0200&#8243;,&#8221;altBackground&#8221;:false,&#8221;title&#8221;:&#8221;L&#8217;Olympique Marsiglia ha chiesto informazioni per Valincic della Dinamo Zagabria&#8221;,&#8221;content&#8221;:&#8221;<\/p>\n<p>L&#8217;<strong>Olympique Marsiglia<\/strong> \u00e8 interessato a <strong>Moris Valincic<\/strong>. I francesi hanno chiesto informazioni alla <strong>Dinamo Zagabria<\/strong> per il terzino, una delle stelle del club croato. Il classe 2002 \u00e8 stato seguito a lungo da <strong>Inter <\/strong>e <strong>Napoli <\/strong>e si attende di capire se le italiane torneranno alla carica per il giocatore. Per la Dinamo \u00e8 gi\u00e0 iniziata la nuova stagione, con i primi impegni nei preliminari di Champions League.<\/p>\n<p>&#8220;,&#8221;postId&#8221;:&#8221;cb957897-1d7d-47b2-80b6-cf4501683f46&#8243;,&#8221;postLink&#8221;:{&#8220;title&#8221;:&#8221;&#8221;,&#8221;url&#8221;:&#8221;&#8221;,&#8221;imageSrc&#8221;:&#8221;&#8221;}},{&#8220;timestamp&#8221;:&#8221;2026-07-30T12:00:00.185Z&#8221;,&#8221;timestampUtcIt&#8221;:&#8221;2026-07-30T14:00:00+0200&#8243;,&#8221;altBackground&#8221;:false,&#8221;title&#8221;:&#8221;Openda al Lione: i giocatori pi\u00f9 costosi prestati dopo un solo anno&#8221;,&#8221;content&#8221;:&#8221;<\/p>\n<p>Lois Openda ha salutato ufficialmente la Juventus: dopo aver speso oltre 40 milioni per il belga nello scorso mercato estivo, i bianconeri lo hanno ceduto in prestito al Lione. <strong>Openda \u00e8 solo l&#8217;ultimo giocatore acquistato e ceduto in prestito dopo un solo anno o meno<\/strong>, ma \u00e8 entrato anche nella classifica dei pi\u00f9 costosi. <strong>Ti ricordi gli altri? <\/strong>Al primo posto c&#8217;\u00e8 uno juventino ancora in rosa con i bianconeri&#8230; (dati Transfermarkt)<\/p>\n<p>&#8220;,&#8221;postId&#8221;:&#8221;9aeaa0e4-02f4-4f22-9b3b-8b8f444ef5b8&#8243;,&#8221;postLink&#8221;:{&#8220;title&#8221;:&#8221;Openda al Lione dopo un anno: i pi\u00f9 costosi prestati dopo una sola stagione&#8221;,&#8221;url&#8221;:&#8221;https:\/\/sport.sky.it\/calciomercato\/2026\/07\/30\/calciatori-piu-costosi-serie-a-prestito-dopo-un-anno&#8221;,&#8221;imageSrc&#8221;:&#8221;https:\/\/sport.sky.it\/assets\/images\/a83d98e511c27faa37f1f904ee04750203123264\/skysport\/it\/calcio\/calciomercato\/calciomercato-2026-acquisti-ufficiali-estero-estate\/openda_lione.jpg?im=Resize,width=1218&#8243;}},{&#8220;timestamp&#8221;:&#8221;2026-07-30T11:30:00.201Z&#8221;,&#8221;timestampUtcIt&#8221;:&#8221;2026-07-30T13:30:00+0200&#8243;,&#8221;video&#8221;:{&#8220;videoId&#8221;:&#8221;1115008&#8243;,&#8221;videoPageUrl&#8221;:&#8221;https:\/\/video.sky.it\/sport\/calciomercato\/serie-a\/video\/stones-inter-idoneita-video-1115008&#8243;},&#8221;altBackground&#8221;:true,&#8221;title&#8221;:&#8221;Stones al Coni per l&#8217;idoneit\u00e0 sportiva&#8221;,&#8221;content&#8221;:&#8221;<\/p>\n<p>Il difensore inglese ha terminato le visite mediche e ora si sottoporr\u00e0 all&#8217;idoneit\u00e0 sportiva al Coni. Poi la firma sul contratto e l&#8217;ufficialit\u00e0<\/p>\n<p>&#8220;,&#8221;postId&#8221;:&#8221;1a968883-486e-4db4-9a31-021a823fee35&#8243;,&#8221;postLink&#8221;:{&#8220;title&#8221;:&#8221;&#8221;,&#8221;url&#8221;:&#8221;&#8221;,&#8221;imageSrc&#8221;:&#8221;&#8221;}},{&#8220;timestamp&#8221;:&#8221;2026-07-30T10:52:25.890Z&#8221;,&#8221;timestampUtcIt&#8221;:&#8221;2026-07-30T12:52:25+0200&#8243;,&#8221;altBackground&#8221;:false,&#8221;title&#8221;:&#8221;Roma-Koulierakis, accordo di massima: 17 milioni pi\u00f9 bonus&#8221;,&#8221;content&#8221;:&#8221;<\/p>\n<p>La <strong>Roma <\/strong>ha trovato l&#8217;accordo di massima con il <strong>Wolfsburg <\/strong>per Konstantinos <strong>Koulierakis<\/strong>, con i due club che stanno limando gli ultimi dettagli. <strong>Accordo sulla base di 17 milioni di euro pi\u00f9 bonus<\/strong> per portare nella Capitale il difensore classe 2003<\/p>\n<p>&#8220;,&#8221;postId&#8221;:&#8221;7df73385-9fda-4f1c-920e-0cb7ae594069&#8243;,&#8221;postLink&#8221;:{&#8220;title&#8221;:&#8221;Roma, accordo di massima per Koulierakis: le cifre&#8221;,&#8221;url&#8221;:&#8221;https:\/\/sport.sky.it\/calciomercato\/2026\/07\/30\/roma-koulierakis-calciomercato-news&#8221;,&#8221;imageSrc&#8221;:&#8221;https:\/\/sport.sky.it\/assets\/images\/2dad2838845a3ef7078aa60ff68fe4cbc747fce6\/skysport\/it\/calcio\/calciomercato\/2026\/07\/30\/roma-koulierakis-calciomercato-news\/Koulierakis_wolfsburg_ansa.jpg?im=Resize,width=1218&#8243;}},{&#8220;timestamp&#8221;:&#8221;2026-07-30T10:51:40.411Z&#8221;,&#8221;timestampUtcIt&#8221;:&#8221;2026-07-30T12:51:40+0200&#8243;,&#8221;altBackground&#8221;:false,&#8221;title&#8221;:&#8221;Bologna, Dovbyk in prestito con diritto di riscatto &#8220;,&#8221;content&#8221;:&#8221;<\/p>\n<p>Percorso opposto per Artem <strong>Dovbyk<\/strong>, che si trasferisce al Bologna in prestito fino al 2027 con diritto di riscatto<\/p>\n<p>&#8220;,&#8221;postId&#8221;:&#8221;389e14bb-2cef-4817-89df-978caf462b4a&#8221;,&#8221;postLink&#8221;:{&#8220;title&#8221;:&#8221;&#8221;,&#8221;url&#8221;:&#8221;&#8221;,&#8221;imageSrc&#8221;:&#8221;&#8221;}},{&#8220;timestamp&#8221;:&#8221;2026-07-30T10:50:01.490Z&#8221;,&#8221;timestampUtcIt&#8221;:&#8221;2026-07-30T12:50:01+0200&#8243;,&#8221;altBackground&#8221;:false,&#8221;title&#8221;:&#8221;Roma, ufficiale Castro&#8221;,&#8221;content&#8221;:&#8221;<\/p>\n<p>La Roma ha ufficializzato l&#8217;acquisto di Santiago Castro dal Bologna.L&#8217;attaccante argentino si trasferisce nella Capitale per <strong>35 milioni pi\u00f9 bonus e il 10% sulla futura rivendita. <\/strong>Il classe 2004 indosser\u00e0 la <strong>maglia numero 9<\/strong><\/p>\n<p>\\n&#8221;,&#8221;postId&#8221;:&#8221;dc2fffae-895a-43d0-8d8d-1217cc74e3a0&#8243;,&#8221;postLink&#8221;:{&#8220;title&#8221;:&#8221;Roma, ufficiale Santiago Castro: le cifre dell&#8217;operazione e il numero di maglia&#8221;,&#8221;url&#8221;:&#8221;https:\/\/sport.sky.it\/calciomercato\/calciomercato-serie-a-estate-2026-acquisti-ufficiali&#8221;,&#8221;imageSrc&#8221;:&#8221;https:\/\/sport.sky.it\/assets\/images\/2fcdf16c9e8e7355cca70f928f68b7503a3558e9\/skysport\/it\/calcio\/calciomercato\/calciomercato-serie-a-estate-2026-acquisti-ufficiali\/castro_roma_1.jpg?im=Resize,width=1218&#8243;}},{&#8220;timestamp&#8221;:&#8221;2026-07-30T10:44:27.511Z&#8221;,&#8221;timestampUtcIt&#8221;:&#8221;2026-07-30T12:44:27+0200&#8243;,&#8221;altBackground&#8221;:false,&#8221;title&#8221;:&#8221;Sassuolo, domani visite mediche per Bowie &#8220;,&#8221;content&#8221;:&#8221;<\/p>\n<p>Il <strong>Sassuolo <\/strong>chiude un importante colpo in entrata, definita l&#8217;operazione con il Verona per l&#8217;arrivo di <strong>Bowie<\/strong>, attaccante classe 2002. Domani sono previste per lui le visite mediche con la societ\u00e0 neroverde.\u00a0<\/p>\n<p>&#8220;,&#8221;postId&#8221;:&#8221;12e578d8-5e38-4219-a6f4-96968b6b6bf2&#8243;,&#8221;postLink&#8221;:{&#8220;title&#8221;:&#8221;&#8221;,&#8221;url&#8221;:&#8221;&#8221;,&#8221;imageSrc&#8221;:&#8221;&#8221;}},{&#8220;timestamp&#8221;:&#8221;2026-07-30T10:21:09.302Z&#8221;,&#8221;timestampUtcIt&#8221;:&#8221;2026-07-30T12:21:09+0200&#8243;,&#8221;video&#8221;:{&#8220;videoId&#8221;:&#8221;1114985&#8243;,&#8221;videoPageUrl&#8221;:&#8221;https:\/\/video.sky.it\/sport\/calciomercato\/serie-a\/video\/fiorentina-valdepenas-visite-video-1114985&#8243;},&#8221;altBackground&#8221;:true,&#8221;title&#8221;:&#8221;Fiorentina, Valdepenas sta svolgendo le visite mediche &#8220;,&#8221;content&#8221;:&#8221;<\/p>\n<p>il difensore, Victor <strong>Valdepenas<\/strong>, ieri arrivato a Firenze, sta sostenendo in queste ore le visite mediche per poi firmare il contratto che lo legher\u00e0 alla <strong>Fiorentina<\/strong>. Il classe 2006 \u00e8 arrivato dal Real Madrid, operazione da 8 milioni a titolo definitivo, con il 50% della futura rivendita in favore degli spagnoli.\u00a0<\/p>\n<p>&#8220;,&#8221;postId&#8221;:&#8221;e506fee7-636e-48ba-a176-9b8ae86512d4&#8243;,&#8221;postLink&#8221;:{&#8220;title&#8221;:&#8221;&#8221;,&#8221;url&#8221;:&#8221;&#8221;,&#8221;imageSrc&#8221;:&#8221;&#8221;}},{&#8220;timestamp&#8221;:&#8221;2026-07-30T10:10:27.814Z&#8221;,&#8221;timestampUtcIt&#8221;:&#8221;2026-07-30T12:10:27+0200&#8243;,&#8221;altBackground&#8221;:false,&#8221;title&#8221;:&#8221;Juventus, ai dettagli per l&#8217;arrivo di Alajbegovic&#8221;,&#8221;content&#8221;:&#8221;<\/p>\n<p>La <strong>Juventus <\/strong>\u00e8 vicinissima a un rinforzo importante: i bianconeri sono in chiusura per Kerim <strong>Alajbegovic<\/strong>, mancano solo gli ultimi dettagli da definire. Operazione da 30 milioni di euro pi\u00f9 5 milioni di bonus e 10% della rivendita.\u00a0<\/p>\n<p>&#8220;,&#8221;postId&#8221;:&#8221;ad89300b-dc80-497c-9ade-167000fffe8e&#8221;,&#8221;postLink&#8221;:{&#8220;title&#8221;:&#8221;&#8221;,&#8221;url&#8221;:&#8221;&#8221;,&#8221;imageSrc&#8221;:&#8221;&#8221;}},{&#8220;timestamp&#8221;:&#8221;2026-07-30T09:35:00.800Z&#8221;,&#8221;timestampUtcIt&#8221;:&#8221;2026-07-30T11:35:00+0200&#8243;,&#8221;altBackground&#8221;:false,&#8221;title&#8221;:&#8221;Livorno, Koffi Djidji si allena con il club toscano&#8221;,&#8221;content&#8221;:&#8221;<\/p>\n<p>Foffi <strong>Djidji\u00a0<\/strong>si allena con il <strong>Livorno<\/strong>: l&#8217;ex difensore del <strong>Torino <\/strong>sar\u00e0 valutato ed eventualmente tesserato.<\/p>\n<p>&#8220;,&#8221;postId&#8221;:&#8221;cea02474-11ec-4cff-ab09-ff0883c728c9&#8243;,&#8221;postLink&#8221;:{&#8220;title&#8221;:&#8221;&#8221;,&#8221;url&#8221;:&#8221;&#8221;,&#8221;imageSrc&#8221;:&#8221;&#8221;}},{&#8220;timestamp&#8221;:&#8221;2026-07-30T09:20:00.059Z&#8221;,&#8221;timestampUtcIt&#8221;:&#8221;2026-07-30T11:20:00+0200&#8243;,&#8221;altBackground&#8221;:false,&#8221;title&#8221;:&#8221;Compagnon \u00e8 un nuovo giocatore del Verona&#8221;,&#8221;content&#8221;:&#8221;<\/p>\n<p><strong>Mattia Compagnon <\/strong>lascia il Venezia e riparte dal Verona. Operazione a <strong>titolo temporaneo fino al 30 giugno 2027. <\/strong>All&#8217;interno dell&#8217;accordo \u00e8 inserita un&#8217;<strong>opzione di riscatto<\/strong> al verificarsi di determinate condizioni<\/p>\n<p>&#8220;,&#8221;postId&#8221;:&#8221;b1f158bd-f747-4694-97bc-7f55e3a693a1&#8243;,&#8221;postLink&#8221;:{&#8220;title&#8221;:&#8221;Verona, Compagnon \u00e8 un nuovo giocatore&#8221;,&#8221;url&#8221;:&#8221;https:\/\/sport.sky.it\/calciomercato\/calciomercato-serie-b-estate-2026-acquisti-ufficiali&#8221;,&#8221;imageSrc&#8221;:&#8221;https:\/\/sport.sky.it\/assets\/images\/2444fc5529ea7f80ee92aa3087cc2fb4a2d88ca0\/skysport\/it\/calcio\/calciomercato\/calciomercato-serie-b-estate-2026-acquisti-ufficiali\/compagnon_verona.jpg?im=Resize,width=1218&#8243;}},{&#8220;timestamp&#8221;:&#8221;2026-07-30T09:10:00.539Z&#8221;,&#8221;timestampUtcIt&#8221;:&#8221;2026-07-30T11:10:00+0200&#8243;,&#8221;altBackground&#8221;:false,&#8221;title&#8221;:&#8221;Roma, sempre pi\u00f9 vicino Koulierakis&#8221;,&#8221;content&#8221;:&#8221;<\/p>\n<p>I giallorossi si stanno avvicinando al difensore greco del <strong>Wolfsburg<\/strong>. Le parti sono in continuo contatto per limare gli ultimi dettagli sui bonus e sulle modalit\u00e0 di pagamento per un&#8217;<strong>operazione superiore ai 15 milioni di euro<\/strong><\/p>\n<p>&#8220;,&#8221;postId&#8221;:&#8221;4bcd77f0-e823-4411-ae0e-ef8923a694f1&#8243;,&#8221;postLink&#8221;:{&#8220;title&#8221;:&#8221;Roma, si avvicina Koulierakis: parti ai dettagli&#8221;,&#8221;url&#8221;:&#8221;https:\/\/sport.sky.it\/calciomercato\/2026\/07\/29\/roma-koulierakis-calciomercato-news&#8221;,&#8221;imageSrc&#8221;:&#8221;https:\/\/sport.sky.it\/assets\/images\/5eba2b7ee76bd209595aa620c24e21dd6db9badb\/skysport\/it\/calcio\/campionati-europa-verdetti-classifiche\/ansa_koulierakis_wolfsburg.jfif?im=Resize,width=1218&#8243;}},{&#8220;timestamp&#8221;:&#8221;2026-07-30T09:00:00.000Z&#8221;,&#8221;timestampUtcIt&#8221;:&#8221;2026-07-30T11:00:00+0200&#8243;,&#8221;video&#8221;:{&#8220;videoId&#8221;:&#8221;1114950&#8243;,&#8221;videoPageUrl&#8221;:&#8221;https:\/\/video.sky.it\/sport\/calciomercato\/serie-a\/video\/fiorentina-valdepenas-arrivo-video-1114950&#8243;},&#8221;altBackground&#8221;:true,&#8221;title&#8221;:&#8221;Fiorentina, Valdepenas \u00e8 in citt\u00e0&#8221;,&#8221;content&#8221;:&#8221;<\/p>\n<p>Il difensore sosterr\u00e0 nella giornata di oggi (gioved\u00ec 30 luglio) le visite mediche per diventare un nuovo giocatore della Fiorentina:<\/p>\n<p>&#8220;,&#8221;postId&#8221;:&#8221;19a24c5a-75b6-41a3-b234-b95afadaac59&#8243;,&#8221;postLink&#8221;:{&#8220;title&#8221;:&#8221;&#8221;,&#8221;url&#8221;:&#8221;&#8221;,&#8221;imageSrc&#8221;:&#8221;&#8221;}},{&#8220;timestamp&#8221;:&#8221;2026-07-30T08:50:00.000Z&#8221;,&#8221;timestampUtcIt&#8221;:&#8221;2026-07-30T10:50:00+0200&#8243;,&#8221;altBackground&#8221;:false,&#8221;title&#8221;:&#8221;Chi \u00e8 Alajbegovic: il &#8216;ragazzo di strada&#8217;. E quei consigli del nonno&#8230;&#8221;,&#8221;content&#8221;:&#8221;<\/p>\n<p>Dai primissimi allenamenti con il padre (anche lui giocatore!), alle sue caratteristiche tecniche basate sul dribbling che lo portano a definirsi come \\&#8221;ragazzo di strada\\&#8221; fino ai consigli del nonno. Qui tutto quello che c&#8217;\u00e8 da sapere sul 18enne<\/p>\n<p>&#8220;,&#8221;postId&#8221;:&#8221;f0b2ea5f-0ead-4a88-aa3c-ece3beb3b3e0&#8243;,&#8221;postLink&#8221;:{&#8220;title&#8221;:&#8221;Le omelette, la Play e gli allenamenti da piccolo col pap\u00e0: vi raccontiamo Alajbegovic&#8221;,&#8221;url&#8221;:&#8221;https:\/\/sport.sky.it\/calciomercato\/2026\/07\/29\/kerim-alajbegovic-juventus-chi-e&#8221;,&#8221;imageSrc&#8221;:&#8221;https:\/\/sport.sky.it\/assets\/images\/943234954f8f2327e952902dcbf287670d5a808c\/skysport\/it\/calcio\/calciomercato\/2026\/07\/29\/kerim-alajbegovic-juventus-chi-e\/og_getty_alajbegovic.jpg?im=Resize,width=1218&#8243;}},{&#8220;timestamp&#8221;:&#8221;2026-07-30T08:40:00.000Z&#8221;,&#8221;timestampUtcIt&#8221;:&#8221;2026-07-30T10:40:00+0200&#8243;,&#8221;altBackground&#8221;:false,&#8221;title&#8221;:&#8221;Kolo Muani, i gol pi\u00f9 belli in bianconero&#8221;,&#8221;content&#8221;:&#8221;<\/p>\n<p>Dopo settimane di trattative, i bianconeri hanno raggiunto l&#8217;accordo con il Psg per riportare a Torino l&#8217;attaccante francese, che nel girone di ritorno della <strong>Serie A 2024\/25<\/strong> si era reso protagonista con <strong>8 gol in 16 partite<\/strong>. Rivediamo\u00a0in ordine cronologico le 5 reti pi\u00f9 belle e importanti della sua prima avventura con la Juventus<\/p>\n<p>&#8220;,&#8221;postId&#8221;:&#8221;7d2ec904-64ec-4d22-b0f3-a079fcc9b198&#8243;,&#8221;postLink&#8221;:{&#8220;title&#8221;:&#8221;Kolo Muani verso il ritorno alla Juventus: i suoi gol pi\u00f9 belli in bianconero&#8221;,&#8221;url&#8221;:&#8221;https:\/\/sport.sky.it\/calciomercato\/2026\/07\/29\/kolo-muani-juventus-gol-video&#8221;,&#8221;imageSrc&#8221;:&#8221;https:\/\/sport.sky.it\/assets\/images\/e37ffabb0a032b0fa050c2ae2ae1a25f7a241a8e\/skysport\/it\/calcio\/serie-a\/2026\/07\/29\/kolo-muani-juventus-gol-video\/ansa_kolo_muani_juve_gol.jpg?im=Resize,width=1218&#8243;}},{&#8220;timestamp&#8221;:&#8221;2026-07-30T08:39:33.318Z&#8221;,&#8221;timestampUtcIt&#8221;:&#8221;2026-07-30T10:39:33+0200&#8243;,&#8221;altBackground&#8221;:false,&#8221;title&#8221;:&#8221;Calciomercato Roma, trattativa per Read: \u00e8 in lista con Fresneda per la fascia destra&#8221;,&#8221;content&#8221;:&#8221;<\/p>\n<p>Nella lista della <strong>Roma <\/strong>per la fascia destra ci sono Ivan <strong>Fresneda <\/strong>dello Sporting Lisbona e Givairo <strong>Read <\/strong>del Feyenoord. Se gli ultimi contatti per il primo non saranno positivi, allora i giallorossi potrebbero decidere di accelerare per il secondo. La Roma ha gi\u00e0 stata avviata una trattativa, ma non ha ancora fatto un&#8217;offerta ufficiale<\/p>\n<p>&#8220;,&#8221;postId&#8221;:&#8221;e3a594a3-3412-4db8-aecd-dd9037012dbf&#8221;,&#8221;postLink&#8221;:{&#8220;title&#8221;:&#8221;Calciomercato, Roma tra Read e Fresneda: il punto&#8221;,&#8221;url&#8221;:&#8221;https:\/\/sport.sky.it\/calciomercato\/2026\/07\/30\/calciomercato-roma-fresneda-read-news&#8221;,&#8221;imageSrc&#8221;:&#8221;https:\/\/sport.sky.it\/assets\/images\/cdb88f187f60fca2cd5e668dd57d023494987a0a\/skysport\/it\/calcio\/calciomercato\/2026\/07\/30\/calciomercato-roma-fresneda-read-news\/read_fresneda_ansa_ipa.jpg?im=Resize,width=1218&#8243;}},{&#8220;timestamp&#8221;:&#8221;2026-07-30T08:30:00.000Z&#8221;,&#8221;timestampUtcIt&#8221;:&#8221;2026-07-30T10:30:00+0200&#8243;,&#8221;altBackground&#8221;:false,&#8221;title&#8221;:&#8221;Milan, ufficiale l&#8217;arrivo di Diawara&#8221;,&#8221;content&#8221;:&#8221;<\/p>\n<p>Il club rossonero ha <strong>ufficializzato l&#8217;acquisto del difensore classe 2006. <\/strong>Operazione da circa 3 milioni: il francese ha firmato un <strong>contratto fino al 2031<\/strong>, con opzione di rinnovo, e indosser\u00e0 la maglia numero 13<\/p>\n<p>&#8220;,&#8221;postId&#8221;:&#8221;f25ad3cd-48dc-4602-9079-1aaeb8cdaeb1&#8243;,&#8221;postLink&#8221;:{&#8220;title&#8221;:&#8221;&#8221;,&#8221;url&#8221;:&#8221;&#8221;,&#8221;imageSrc&#8221;:&#8221;&#8221;}},{&#8220;timestamp&#8221;:&#8221;2026-07-30T08:20:00.000Z&#8221;,&#8221;timestampUtcIt&#8221;:&#8221;2026-07-30T10:20:00+0200&#8243;,&#8221;altBackground&#8221;:false,&#8221;title&#8221;:&#8221;Doppio colpo in entrata per il Torino: ecco Comuzzo e Comert&#8221;,&#8221;content&#8221;:&#8221;<\/p>\n<p><strong>Pietro Comuzzo<\/strong> ed <strong>Eray Comert<\/strong> sono ufficialmente nuovi acquisti del Torino: il difensore classe 2005 arriva dalla Fiorentina e ha firmato fino a giugno 2027. Arriva in granata in<strong> prestito oneroso a 1 milione<\/strong>, con <strong>diritto di riscatto fissato a 19 milioni di euro.<\/strong> \u00a0Lo svizzero era svincolato<\/p>\n<p>&#8220;,&#8221;postId&#8221;:&#8221;e8eebc2f-9af7-45a5-9599-8b782133623f&#8221;,&#8221;postLink&#8221;:{&#8220;title&#8221;:&#8221;&#8221;,&#8221;url&#8221;:&#8221;&#8221;,&#8221;imageSrc&#8221;:&#8221;&#8221;}},{&#8220;timestamp&#8221;:&#8221;2026-07-30T08:10:00.000Z&#8221;,&#8221;timestampUtcIt&#8221;:&#8221;2026-07-30T10:10:00+0200&#8243;,&#8221;altBackground&#8221;:false,&#8221;title&#8221;:&#8221;Juve, accordo di massima col Bayer Leverkusen per Alajbegovic&#8221;,&#8221;content&#8221;:&#8221;<\/p>\n<p>La <strong>Juventus<\/strong> ha trovato un accordo di massima con il <strong>Bayer Leverkusen<\/strong> per il cartellino di<strong> Kerim Alajbegovic<\/strong>. Operazione da <strong>30 milioni di euro pi\u00f9 5 di bonus e una percentuale sulla futura rivendita<\/strong>. Il giocatore vuole trasferirsi in Italia e per questo ha dato il suo ok ai bianconeri e ha detto no al Chelsea<\/p>\n<p>&#8220;,&#8221;postId&#8221;:&#8221;78026ff3-e711-4277-b71f-66c291e3c03b&#8221;,&#8221;postLink&#8221;:{&#8220;title&#8221;:&#8221;Juventus, altro colpo in arrivo dopo Kolo Muani: accordo di massima per Alajbegovic. Le cifre&#8221;,&#8221;url&#8221;:&#8221;https:\/\/sport.sky.it\/calciomercato\/2026\/07\/29\/juventus-alajbegovic-calciomercato-news&#8221;,&#8221;imageSrc&#8221;:&#8221;https:\/\/sport.sky.it\/assets\/images\/ecc610e7e585e360375b5602c7cfa9f81f671a12\/skysport\/it\/calcio\/bundesliga\/2026\/03\/30\/kerim-alajbegovic-bosnia-bayer-leverkusen-costo-chi-e\/Alajbegovic_bosnia_orizzontale.jpg?im=Resize,width=1218&#8243;}},{&#8220;timestamp&#8221;:&#8221;2026-07-30T08:00:00.000Z&#8221;,&#8221;timestampUtcIt&#8221;:&#8221;2026-07-30T10:00:00+0200&#8243;,&#8221;altBackground&#8221;:false,&#8221;title&#8221;:&#8221;Kolo Muani-Juventus, affare ai dettagli&#8221;,&#8221;content&#8221;:&#8221;<\/p>\n<p>La Juventus \u00e8 ai dettagli per il <strong>ritorno di Kolo Muani<\/strong>. Dopo settimane di trattative, i bianconeri hanno raggiunto l&#8217;accordo con il Psg sulla base di un<strong> prestito con obbligo di riscatto<\/strong> legato alla qualificazione a una competizione europea.<strong> Operazione da 38 milioni di euro pi\u00f9 12 di bonus<\/strong>, per un valore potenziale di 50 milioni. Pronto anche un <strong>quinquennale da 5,5 milioni a stagione <\/strong>pi\u00f9 bonus per l&#8217;attaccante francese<\/p>\n<p>&#8220;,&#8221;postId&#8221;:&#8221;a42a9fd9-df3e-44e1-8e40-140df1b91080&#8243;,&#8221;postLink&#8221;:{&#8220;title&#8221;:&#8221;Juventus-Kolo Muani, affare ai dettagli col Psg: le cifre dell&#8217;operazione&#8221;,&#8221;url&#8221;:&#8221;https:\/\/sport.sky.it\/calciomercato\/2026\/07\/29\/juventus-kolo-muani-calciomercato-news&#8221;,&#8221;imageSrc&#8221;:&#8221;https:\/\/sport.sky.it\/assets\/images\/a45a46585f5f9f837d8c5d1713ff4601df2b6cd0\/skysport\/it\/calcio\/calciomercato\/2026\/07\/29\/juventus-kolo-muani-calciomercato-news\/kolo_muani_juve_ipa.jpg?im=Resize,width=1218&#8243;}},{&#8220;timestamp&#8221;:&#8221;2026-07-30T07:50:57.877Z&#8221;,&#8221;timestampUtcIt&#8221;:&#8221;2026-07-30T09:50:57+0200&#8243;,&#8221;altBackground&#8221;:false,&#8221;title&#8221;:&#8221;Newcastle, Eddie Howe lascia la panchina&#8221;,&#8221;content&#8221;:&#8221;<\/p>\n<p>Come riportato da Sky Sport Uk, <strong>Eddie Howe<\/strong> <strong>ha deciso di lasciare la panchina del Newcastle<\/strong>. L&#8217;allenatore, infatti, ha informato il club inglese di volersi prendere una pausa dopo 5 anni alla guida dei Magpies. <strong>Al suo posto il prescelto \u00e8 Matthias Jaissle, attualmente all&#8217;Al-Ahli<\/strong><\/p>\n<p>&#8220;,&#8221;postId&#8221;:&#8221;cc9963d7-beb3-45de-8776-cc03f43e5649&#8243;,&#8221;postLink&#8221;:{&#8220;title&#8221;:&#8221;&#8221;,&#8221;url&#8221;:&#8221;&#8221;,&#8221;imageSrc&#8221;:&#8221;&#8221;}},{&#8220;timestamp&#8221;:&#8221;2026-07-30T07:50:00.000Z&#8221;,&#8221;timestampUtcIt&#8221;:&#8221;2026-07-30T09:50:00+0200&#8243;,&#8221;altBackground&#8221;:false,&#8221;title&#8221;:&#8221; Koleosho al Paris Fc&#8221;,&#8221;content&#8221;:&#8221;<\/p>\n<p><strong>Luca Koleosho torna al Paris Fc <\/strong>dopo la parentesi in prestito della scorsa stagione. L&#8217;esterno italiano firma un<strong> contratto fino al 2031<\/strong><\/p>\n<p>&#8220;,&#8221;postId&#8221;:&#8221;576848a8-bd63-4a55-ae39-96825b1def53&#8243;,&#8221;postLink&#8221;:{&#8220;title&#8221;:&#8221;Koleosho niente Fiorentina, torna al Paris Fc: i dettagli&#8221;,&#8221;url&#8221;:&#8221;https:\/\/sport.sky.it\/calciomercato\/calciomercato-2026-acquisti-ufficiali-estero-estate&#8221;,&#8221;imageSrc&#8221;:&#8221;https:\/\/sport.sky.it\/assets\/images\/40c6f6f55e018851467f7f51b2bedfaeed7dfe14\/skysport\/it\/calcio\/calciomercato\/calciomercato-2026-acquisti-ufficiali-estero-estate\/koleosho_credits_paris_fc_1.jpg?im=Resize,width=1218&#8243;}},{&#8220;timestamp&#8221;:&#8221;2026-07-30T07:44:18.293Z&#8221;,&#8221;timestampUtcIt&#8221;:&#8221;2026-07-30T09:44:18+0200&#8243;,&#8221;video&#8221;:{&#8220;videoId&#8221;:&#8221;1114961&#8243;,&#8221;videoPageUrl&#8221;:&#8221;https:\/\/video.sky.it\/sport\/calciomercato\/serie-a\/video\/calciomercato-inter-stones-arrivo-news-1114961&#8243;},&#8221;altBackground&#8221;:true,&#8221;title&#8221;:&#8221;Inter, Stones \u00e8 arrivato a Milano: \\&#8221;Felice di essere qui\\&#8221;&#8221;,&#8221;content&#8221;:&#8221;<\/p>\n<p>L&#8217;<strong>Inter<\/strong> ha trovato il suo nuovo difensore centrale. John <strong>Stones<\/strong>, infatti, \u00e8 arrivato a Milano, pronto a iniziare la sua avventura in nerazzurro. Il difensore inglese, svincolato dopo la fine della sua esperienza al Manchester City, si prepara a firmare un <strong>contratto di due anni da 4 milioni di euro<\/strong> a stagione. In giornata sono <strong>in programma<\/strong> le <strong>visite mediche<\/strong>, l&#8217;<strong>idoneit\u00e0 sportiva<\/strong> al Coni e poi la firma<\/p>\n<p>&#8220;,&#8221;postId&#8221;:&#8221;d680e127-8549-4675-8acc-1692ce46fd83&#8243;,&#8221;postLink&#8221;:{&#8220;title&#8221;:&#8221;&#8221;,&#8221;url&#8221;:&#8221;&#8221;,&#8221;imageSrc&#8221;:&#8221;&#8221;}},{&#8220;timestamp&#8221;:&#8221;2026-07-30T07:40:00.000Z&#8221;,&#8221;timestampUtcIt&#8221;:&#8221;2026-07-30T09:40:00+0200&#8243;,&#8221;altBackground&#8221;:false,&#8221;title&#8221;:&#8221;E passi in avanti per Pio Esposito&#8221;,&#8221;content&#8221;:&#8221;<\/p>\n<p>Dopo il rinnovo di Bisseck, l&#8217;Inter avanza per un altro prolungamento. Il club nerazzurro infatti ha fatto dei passi in avanti per il <strong>rinnovo di Pio Esposito<\/strong>. Anche per l&#8217;attaccante \u00e8 previsto un prolungamento di contratto <strong>fino al 2031<\/strong>: previsti nuovi contatti per raggiungere l&#8217;intesa definitiva<\/p>\n<p>&#8220;,&#8221;postId&#8221;:&#8221;35b5c6c1-64e9-40d0-82ae-45774a0fd19d&#8221;,&#8221;postLink&#8221;:{&#8220;title&#8221;:&#8221;Inter, passi avanti per il rinnovo di Pio Esposito: la durata del nuovo contratto&#8221;,&#8221;url&#8221;:&#8221;https:\/\/sport.sky.it\/calciomercato\/2026\/07\/29\/pio-esposito-inter-rinnovo-calciomercato-news&#8221;,&#8221;imageSrc&#8221;:&#8221;https:\/\/sport.sky.it\/assets\/images\/4d291399d6158a1c8fd2a47f396a24f13bd8ba35\/skysport\/it\/calcio\/calciomercato\/2026\/07\/29\/pio-esposito-inter-rinnovo-calciomercato-news\/pio_esposito_inter_ipa.jpg?im=Resize,width=1218&#8243;}},{&#8220;timestamp&#8221;:&#8221;2026-07-30T07:30:00.000Z&#8221;,&#8221;timestampUtcIt&#8221;:&#8221;2026-07-30T09:30:00+0200&#8243;,&#8221;altBackground&#8221;:false,&#8221;title&#8221;:&#8221;Bisseck rinnova con l&#8217;Inter&#8221;,&#8221;content&#8221;:&#8221;<\/p>\n<p>Il club nerazzurro blinda <strong>Yann Bisseck<\/strong>. Ufficiale il rinnovo del difensore tedesco, che ha prolungato il proprio contratto per altre cinque stagioni con l&#8217;Inter. L&#8217;accordo prevede un ingaggio da <strong>3 milioni di euro netti all&#8217;anno fino al 2031<\/strong><\/p>\n<p>&#8220;,&#8221;postId&#8221;:&#8221;44bf397b-0f4f-44bd-ad5b-4a3730e18cb0&#8243;,&#8221;postLink&#8221;:{&#8220;title&#8221;:&#8221;Inter, ufficiale il rinnovo di Bisseck: la durata del nuovo contratto e quanto guadagner\u00e0&#8221;,&#8221;url&#8221;:&#8221;https:\/\/sport.sky.it\/calciomercato\/2026\/07\/29\/bisseck-inter-calciomercato-news&#8221;,&#8221;imageSrc&#8221;:&#8221;https:\/\/sport.sky.it\/assets\/images\/7da96fe0c18efd362b264ff677ee927251792ad6\/skysport\/it\/calcio\/calciomercato\/2026\/07\/29\/bisseck-inter-calciomercato-news\/bisseck_inter_ipa.jpg?im=Resize,width=1218&#8243;}},{&#8220;timestamp&#8221;:&#8221;2026-07-30T07:20:00.000Z&#8221;,&#8221;timestampUtcIt&#8221;:&#8221;2026-07-30T09:20:00+0200&#8243;,&#8221;altBackground&#8221;:false,&#8221;title&#8221;:&#8221;Torino, fatta per Fitz-Jim&#8221;,&#8221;content&#8221;:&#8221;<\/p>\n<p>Il <strong>Torino <\/strong>ha raggiunto l&#8217;accordo con l&#8217;Ajax per il trasferimento di <strong>Kian Fitz-Jim<\/strong> per <strong>2,5 milioni di euro pi\u00f9 una percentuale sulla rivendita<\/strong>. Trovata anche l&#8217;intesa con il giocatore<\/p>\n<p>&#8220;,&#8221;postId&#8221;:&#8221;0055b748-4dbd-4a72-995a-affea6b977e3&#8243;,&#8221;postLink&#8221;:{&#8220;title&#8221;:&#8221;Torino, fatta per Fitz-Jim dall&#8217;Ajax: i dettagli dell&#8217;operazione&#8221;,&#8221;url&#8221;:&#8221;https:\/\/sport.sky.it\/calciomercato\/2026\/07\/29\/torino-fitz-jim-calciomercato-news&#8221;,&#8221;imageSrc&#8221;:&#8221;https:\/\/sport.sky.it\/assets\/images\/55e89686e15fe72dfb50743e892553bb10e824a0\/skysport\/it\/calcio\/calciomercato\/2026\/07\/29\/torino-fitz-jim-calciomercato-news\/fitz_jim_ajax_ipa.jpg?im=Resize,width=1218&#8243;}},{&#8220;timestamp&#8221;:&#8221;2026-07-30T07:10:00.000Z&#8221;,&#8221;timestampUtcIt&#8221;:&#8221;2026-07-30T09:10:00+0200&#8243;,&#8221;altBackground&#8221;:false,&#8221;title&#8221;:&#8221;Rose extra large in Serie A: 140 giocatori in bilico o sul mercato&#8221;,&#8221;content&#8221;:&#8221;<\/p>\n<p>Dalla A di Atalanta alla V di Venezia, sono ben<strong> 140 i giocatori rientrati in estate <\/strong>dai vari prestiti che al momento <strong>\\&#8221;allungano\\&#8221;<\/strong> le rose dei ritiri e che, presto, potrebbero andare incontro a una nuova cessione:<\/p>\n<p>&#8220;,&#8221;postId&#8221;:&#8221;8ad66dd1-0ec1-4367-b458-5908d079a8b0&#8243;,&#8221;postLink&#8221;:{&#8220;title&#8221;:&#8221;Rose extra large in Serie A: 140 giocatori in bilico o sul mercato&#8221;,&#8221;url&#8221;:&#8221;https:\/\/sport.sky.it\/calciomercato\/calciomercato-serie-a-2026-giocatori-rose-in-vendita&#8221;,&#8221;imageSrc&#8221;:&#8221;https:\/\/sport.sky.it\/assets\/images\/d42bc36d8aed1764f18a7a74fca0788cfc89030d\/skysport\/it\/calcio\/calciomercato\/calciomercato-serie-a-2026-giocatori-rose-in-vendita\/ipa_asna_frattesi_nico_gonzalez_lucca_og.jpg?im=Resize,width=1218&#8243;}}]}&#8221; query='{&#8220;configurationName&#8221;:&#8221;LIVEBLOG_CONTAINER_WIDGET&#8221;,&#8221;liveblogId&#8221;:&#8221;c89b9634-1d9a-4c8e-9dba-b74566260b37&#8243;,&#8221;tenant&#8221;:&#8221;sport&#8221;,&#8221;limit&#8221;:800}&#8217; config='{&#8220;live&#8221;:true,&#8221;isWebView&#8221;:false,&#8221;postsPerPageMobile&#8221;:10,&#8221;postsPerPageDesktop&#8221;:10}&#8217;&gt;<br \/>\n          Calciomercato, le news di oggiLeggi di pi\u00f9 <\/p>\n<p>meno di un minuto fa<\/p>\n<p>Juventus, parla Carnevali: &#8220;Stiamo definendo per Kolo e Alajbegovic&#8221;<\/p>\n<p>Le parole dell&#8217;ad bianconero <strong>Giovanni Carnevali <\/strong>sulle due trattative di mercato principali.<\/p>\n<p>36 minuti fa<\/p>\n<p>Folgore Caratese, ora \u00e8 anche ufficiale l&#8217;arrivo di Ndoj<\/p>\n<p>La <strong>Folgore Caratese<\/strong> ha appena ufficializzato l&#8217;arrivo del centrocampista classe 1996 <strong>Emanuele Ndoj<\/strong>, svincolato dopo l&#8217;esperienza con la maglia dell&#8217;<strong>Ascoli.<\/strong><\/p>\n<p>56 minuti fa<\/p>\n<p>Crotone, chiuso l&#8217;arrivo di Ruggiero dal Trapani<\/p>\n<p>Il <strong>Crotone <\/strong>ha chiuso un acquisto importante per rinforzare il reparto offensivo: \u00e8 in dirittura d&#8217;arrivo, infatti, l&#8217;acquisto di <strong>Zak Ruggiero<\/strong> dal <strong>Trapani<\/strong>. L&#8217;attaccante classe 2001 si unir\u00e0 dunque alla formazione calabrese dopo aver trascorso l&#8217;ultima stagione in Serie C con la maglia <strong>dell&#8217;Audace Cerignola<\/strong>, mettendo a referto <strong>33 presenze<\/strong> alle quali si aggiungono<strong> 4 gol<\/strong>.<\/p>\n<p>20:02<\/p>\n<p>Ufficiale, John Stones \u00e8 un giocatore dell&#8217;Inter<\/p>\n<p>Si attende l&#8217;ufficialit\u00e0 che \u00e8 appena arrivata: <strong>John Stones \u00e8 un nuovo giocatore dell&#8217;Inter.\u00a0<\/strong><\/p>\n<p>19:52<\/p>\n<p>Juventus, Carnevali: &#8220;Per Kolo Muani siamo alla fase conclusiva&#8221;<\/p>\n<p>&#8220;Stiamo definendo proprio in queste ore per Kolo Muani&#8221;, ha dichiarato l&#8217;amministratore delegato della\u00a0<strong>Juventus<\/strong>, <strong>Giovanni\u00a0Carnevali<\/strong>, durante il tour La Stampa. L&#8217;ad ha parlato anche del talento bosniaco <strong>Alajbegovic<\/strong>: &#8220;Con lui siamo un po\u2019 pi\u00f9 indietro ma ci stiamo lavorando. \u00c8 un investimento importante ma una societ\u00e0 come la Juve deve pensare anche al futuro. Lui \u00e8 2007 e ha le caratteristiche che cerchiamo&#8221;.<\/p>\n<p>19:50<\/p>\n<p>Carrarese, riecco Rouhi: operazione in prestito dalla Juventus<\/p>\n<p>Continua l&#8217;avventura in Toscana per <strong>Jonas<\/strong> <strong>Rouhi<\/strong>. La <strong>Juventus<\/strong> ha infatti ufficializzato il ritorno dell&#8217;esterno svedese alla <strong>Carrarese<\/strong>, club in cui aveva gi\u00e0 militato nella seconda met\u00e0 della scorsa annata calcistica.<\/p>\n<p>19:35<\/p>\n<p>Sampdoria, \u00e8 fatta per il ritorno di Viti<\/p>\n<p>\u00c8 fatta per il ritorno in casa <strong>Sampdoria <\/strong>di <strong>Mattia Viti<\/strong>. Nella scorsa stagione in prestito in blucerchiato, ora arriva a titolo definitivo. 4 anni di contratto per il difensore, domani le visite mediche.<\/p>\n<p>19:12<\/p>\n<p>Inter, Stones ha firmato il contratto<\/p>\n<p>Da <strong>Manchester a Milano: John Stones<\/strong> &#8211; svincolato dopo la lunga esperienza al <strong>City <\/strong>&#8211; ha firmato nella sede dell&#8217;Inter\u00a0un contratto biennale da 4 milioni di euro a stagione.<\/p>\n<p><a href=\"https:\/\/sport.sky.it\/calciomercato\/2026\/07\/30\/inter-stones-calciomercato-news\" title=\"Inter, Stones ha firmato: atteso l&#039;annuncio ufficiale\" class=\"lvbg-post-link\" data-intcmp=\"skysport_liveblog_liveblog-preview_null\" data-analytics-element=\"liveblog-preview\" rel=\"nofollow noopener\" target=\"_blank\"><img alt=\"Inter, Stones ha firmato: atteso l'annuncio ufficiale\" style=\"opacity:0;transition:opacity 0.3s\" class=\"lvbg-post-link__image\"\/>Inter, Stones ha firmato: atteso l&#8217;annuncio ufficialeVai al contenuto <\/a><\/p>\n<p>18:52<\/p>\n<p>Zanellato al Casarano: adesso c&#8217;\u00e8 anche la firma<\/p>\n<p>Rinforzo di spessore per il centrocampo del <strong>Casarano <\/strong>di <strong>Vito Di Bari<\/strong>. Ora \u00e8 arrivata anche la firma di <strong>Niccol\u00f2 Zanellato<\/strong>, centrocampista classe 1998 reduce da un&#8217;esperienza con la maglia del <strong>Lecco<\/strong>.<\/p>\n<p>18:35<\/p>\n<p>Roma, Castro si presenta: &#8220;Sin dal primo contatto ho deciso di venire qui&#8221;<\/p>\n<p>&#8220;Volevo venire qui fin dal primo momento. Ho parlato con il direttore sportivo e mi hanno detto cosa volevano da me e cosa pensavano potessi portare alla squadra&#8230; Fin dal primissimo contatto che ho avuto con il club avevo gi\u00e0 preso la decisione di unirmi alla Roma&#8221;, ha dichiarato Santiago\u00a0<strong>Castro<\/strong>\u00a0ai canali ufficiali della\u00a0<strong>Roma<\/strong>.<\/p>\n<p>18:15<\/p>\n<p>Dawidowicz vuole tornare in Italia, l&#8217;ex Verona in attesa di sviluppi<\/p>\n<p><strong>Pawel Dawidowicz<\/strong>, ex difensore del Verona, pu\u00f2 tornare a giocare in Italia. Il centrale polacco classe 1995, dopo gli ultimi mesi al <strong>Rakow<\/strong>, vuole ritornare in Italia e sta temporeggiando nonostante il pressing del <strong>Lech Poznan<\/strong>, che vorrebbe ingaggiarlo senza attese. Al momento <strong>Dawidowicz<\/strong> \u00e8 stato proposto sia al <strong>Monza<\/strong>, sia in <strong>Serie B<\/strong> a <strong>Pisa<\/strong>, <strong>Sampdoria<\/strong>, <strong>Juve Stabia<\/strong> ed <strong>Empoli<\/strong>.\u00a0<\/p>\n<p>17:56<\/p>\n<p>Sampdoria, domani le visite mediche per Viti <\/p>\n<p>La <strong>Sampdoria<\/strong> ha chiuso per il ritorno di Mattia <strong>Viti<\/strong>, che l&#8217;anno scorso aveva giocato in blucerchiato, ma in prestito. Questa volta l&#8217;operazione per il classe 2002 \u00e8 a titolo definitivo, per lui 4 anni di contratto. Domani le visite mediche.\u00a0<\/p>\n<p>17:14<\/p>\n<p>Cagliari, Kofler ha firmato <\/p>\n<p>Il\u00a0<strong>Cagliari <\/strong>rinforza il pacchetto difensivo con l&#8217;arrivo di \u00a0Raphael\u00a0<strong>Kofler, <\/strong>centrale classe 2005 in arrivo dal <strong>Sudtirol: <\/strong>&#8220;Sono contentissimo. Ho gi\u00e0 parlato con Pisacane e non vedo l&#8217;ora di arrivare in ritiro con la squadra&#8221;, le sue prime parole da calciatore rossoblu.\u00a0<\/p>\n<p>17:00<\/p>\n<p>Milan, Diawara \u00e8 arrivato a Perth VIDEO <\/p>\n<p>\u00a0Sankhoun <strong>Diawara, <\/strong>nuovo acquisto del <strong>Milan. <\/strong>si \u00e8 unito ai suoi compagni a Perth. Il difensore francese, acquisito dal Troyes a titolo definitivo, \u00e8 arrivato nell&#8217;albergo che ospita i rossoneri e con un bel sorriso disegnato sul volto ha accontentato le richieste dei tifosi che chiedevano un autografo o una foto. Diawara ha firmato un contratto fino al 2031 con opzione di prolungamento e indosser\u00e0 la maglia numero 13.\u00a0<\/p>\n<p><a href=\"https:\/\/sport.sky.it\/calcio\/serie-a\/video\/2026\/07\/30\/diawara-milan-arrivo-perth-video-1115053\" title=\"Diawara \u00e8 arrivato in Australia\" class=\"lvbg-post-link\" data-intcmp=\"skysport_liveblog_liveblog-preview_null\" data-analytics-element=\"liveblog-preview\" rel=\"nofollow noopener\" target=\"_blank\"><img alt=\"Diawara \u00e8 arrivato in Australia\" style=\"opacity:0;transition:opacity 0.3s\" class=\"lvbg-post-link__image\"\/>Diawara \u00e8 arrivato in AustraliaVai al contenuto <\/a><\/p>\n<p>16:45<\/p>\n<p>Carrarese, ufficiale la permanenza di Rouhi<\/p>\n<p>Jonas <strong>Rouhi <\/strong>prosegue la propria avventura in toscana, con la maglia della <strong>Carrarese<\/strong>. Ad annunciarlo \u00e8 il club proprietario del cartellino, ovvero la <strong>Juventus<\/strong>, che in una nota saluta l&#8217;esterno svedese che si fermer\u00e0 ancora un anno, in prestito, alla <strong>Carrarese<\/strong>.\u00a0<\/p>\n<p>16:30<\/p>\n<p>Venezia, ai dettagli la trattativa per Sohm con la Fiorentina <\/p>\n<p>Ai dettagli finali la trattativa che porter\u00e0 il centrocampista, Simon <strong>Sohm<\/strong>, dalla <strong>Fiorentina <\/strong>al <strong>Venezia<\/strong>. Nei prossimi giorni si definir\u00e0 l&#8217;operazione, che sar\u00e0 in prestito con diritto di riscatto fissato a 10 milioni di euro.\u00a0<\/p>\n<p>16:15<\/p>\n<p>Savoia, ufficiale l&#8217;arrivo di Scotti dall&#8217;Avellino <\/p>\n<p>Il <strong>Savoia\u00a0<\/strong>ufficializza l&#8217;arrivo in prestito di\u00a0<strong>Filippo Scotti<\/strong>, attaccante classe 2006 ex Milan Futuro, di propriet\u00e0 dell&#8217;<strong>Avellino.\u00a0<\/strong><\/p>\n<p>16:00<\/p>\n<p>Folgore Caratese, ufficiale l&#8217;arrivo di Ndoj<\/p>\n<p>La <strong>Folgore Caratese <\/strong>annuncia ufficialmente l&#8217;arrivo di <strong>Emanuele Ndoj. <\/strong>centrocampista classe &#8217;96 era svincolato dopo l&#8217;esperienza con la maglia <strong>dell&#8217;Ascoli<\/strong><\/p>\n<p>15:45<\/p>\n<p>De Zerbi: &#8220;Mai chiamato Romero per farlo restare. Rispetto le sue scelte&#8221;<\/p>\n<p>\u201cNon ho mai chiamato Romero per convincerlo a restare\u201d. Lo ha detto l\u2019allenatore del <strong>Tottenham<\/strong>,<strong> Roberto De Zerbi<\/strong>, intervenuto su Alasdair Gold of Football London. Queste le parole dell\u2019allenatore. <\/p>\n<p>\u201cDopo la semifinale del Mondiale ci siamo scambiati dei messaggi, ma non l&#8217;ho mai chiamato per convincerlo a restare. Ho rispettato ci\u00f2 che mi ha detto. Come per Vicario, come per ogni giocatore. Romero \u00e8 uno dei migliori difensori centrali al mondo, \u00a0ma io rispetto la volont\u00e0 dei calciatori\u201d.<\/p>\n<p>15:30<\/p>\n<p>Lecce, il ds Trinchera sul caso Banda: &#8220;Inizio a pensare che non c&#8217;entri il mercato e che ci siano problematiche personali&#8221;<\/p>\n<p>Intervistato dal Corriere del Mezzogiorno, il direttore sportivo del Lecce, Stefano Trinchera, \u00e8 tornato sulla questione relativa a Lameck Banda, calciatore che da due settimane non si presenta al ritiro giallorosso. Se prima si pensava che l\u2019assenza dell\u2019attaccante fosse da legare a banali questioni di mercato, adesso la faccenda secondo Trinchera, assume contorni poco chiari. <\/p>\n<p> &#8220;<strong>Ormai da due settimane non abbiamo pi\u00f9 notizie di Banda, cos\u00ec come non ne hanno i suoi agenti<\/strong><strong>.<\/strong> Iniziamo tutti ad essere preoccupati che possa essere accaduto qualcosa che non c&#8217;entri col calcio. La squadra che lo voleva, da confidenze raccolte, \u00e8 ormai andata oltre, facendo offerte ad altri calciatori con gli stessi parametri e quindinon sarebbe pi\u00f9 intenzionata a prenderlo. Inizio a pensare che dietro a questa vicenda non ci sia una strategia per ottenere dal Lecce chiss\u00e0 cosa, piuttosto che esista qualche problematica personale. Purtroppo abbiamo iniziato a pensare anche noi in questa direzione, perch\u00e9 quello che sta succedendo \u00e8 qualcosa di molto anomalo\u201d.<\/p>\n<p>Leggi di pi\u00f9 <\/p>\n<p>15:20<\/p>\n<p>Stones \u00e8 la sintesi perfetta per il calcio di Chivu<\/p>\n<p>Dai tatuaggi che raccontano la sua storia alla rivoluzione tattica di Guardiola, passando per le sue caratteristiche e i suoi dati: perch\u00e9 John Stones \u00e8 molto pi\u00f9 di un difensore centrale e perch\u00e9 il suo arrivo pu\u00f2 davvero far felice Chivu. <a href=\"https:\/\/sport.sky.it\/calciomercato\/2026\/07\/30\/stones-inter-mercato-storia-caratteristiche\" data-intcmp=\"skysport_liveblog_interlink_text\" rel=\"nofollow noopener\" target=\"_blank\"><strong>LEGGI QUI L&#8217;ARITCOLO<\/strong><\/a><\/p>\n<p><a href=\"https:\/\/sport.sky.it\/calciomercato\/2026\/07\/30\/stones-inter-mercato-storia-caratteristiche\" title=\"Stones \u00e8 la sintesi perfetta per il calcio di Chivu\" class=\"lvbg-post-link\" data-intcmp=\"skysport_liveblog_liveblog-preview_null\" data-analytics-element=\"liveblog-preview\" rel=\"nofollow noopener\" target=\"_blank\"><img alt=\"Stones \u00e8 la sintesi perfetta per il calcio di Chivu\" style=\"opacity:0;transition:opacity 0.3s\" class=\"lvbg-post-link__image\"\/>Stones \u00e8 la sintesi perfetta per il calcio di ChivuVai al contenuto <\/a><\/p>\n<p>15:00<\/p>\n<p>Spezia, ufficiale la risoluzione del contratto dell&#8217;ex allenatore Luca D&#8217;Angelo.<\/p>\n<p>Lo <strong>Spezia <\/strong>chiude ufficialmente il capitolo <strong>Luca D&#8217;Angelo<\/strong>. L&#8217;allenatore pescarese, ancora sotto contratto dopo l&#8217;esonero arrivato al termine dell&#8217;ultima stagione, ha firmato la risoluzione con il club ligure.<\/p>\n<p>14:40<\/p>\n<p>Catania, ufficiale l&#8217;addio di Gregorio Luperini<\/p>\n<p>Risoluzione consensuale per il centrocampista classe &#8217;94, che con il club rossazzurro ha totalizzato 18 presenze condite da una rete<\/p>\n<p>14:26<\/p>\n<p>L&#8217;Olympique Marsiglia ha chiesto informazioni per Valincic della Dinamo Zagabria<\/p>\n<p>L&#8217;<strong>Olympique Marsiglia<\/strong> \u00e8 interessato a <strong>Moris Valincic<\/strong>. I francesi hanno chiesto informazioni alla <strong>Dinamo Zagabria<\/strong> per il terzino, una delle stelle del club croato. Il classe 2002 \u00e8 stato seguito a lungo da <strong>Inter <\/strong>e <strong>Napoli <\/strong>e si attende di capire se le italiane torneranno alla carica per il giocatore. Per la Dinamo \u00e8 gi\u00e0 iniziata la nuova stagione, con i primi impegni nei preliminari di Champions League.<\/p>\n<p>14:00<\/p>\n<p>Openda al Lione: i giocatori pi\u00f9 costosi prestati dopo un solo anno<\/p>\n<p>Lois Openda ha salutato ufficialmente la Juventus: dopo aver speso oltre 40 milioni per il belga nello scorso mercato estivo, i bianconeri lo hanno ceduto in prestito al Lione. <strong>Openda \u00e8 solo l&#8217;ultimo giocatore acquistato e ceduto in prestito dopo un solo anno o meno<\/strong>, ma \u00e8 entrato anche nella classifica dei pi\u00f9 costosi. <strong>Ti ricordi gli altri? <\/strong>Al primo posto c&#8217;\u00e8 uno juventino ancora in rosa con i bianconeri&#8230; (dati Transfermarkt)<\/p>\n<p><a href=\"https:\/\/sport.sky.it\/calciomercato\/2026\/07\/30\/calciatori-piu-costosi-serie-a-prestito-dopo-un-anno\" title=\"Openda al Lione dopo un anno: i pi\u00f9 costosi prestati dopo una sola stagione\" class=\"lvbg-post-link\" data-intcmp=\"skysport_liveblog_liveblog-preview_null\" data-analytics-element=\"liveblog-preview\" rel=\"nofollow noopener\" target=\"_blank\"><img alt=\"Openda al Lione dopo un anno: i pi\u00f9 costosi prestati dopo una sola stagione\" style=\"opacity:0;transition:opacity 0.3s\" class=\"lvbg-post-link__image\"\/>Openda al Lione dopo un anno: i pi\u00f9 costosi prestati dopo una sola stagioneVai al contenuto <\/a><\/p>\n<p>13:30<\/p>\n<p>Stones al Coni per l&#8217;idoneit\u00e0 sportiva<\/p>\n<p>Il difensore inglese ha terminato le visite mediche e ora si sottoporr\u00e0 all&#8217;idoneit\u00e0 sportiva al Coni. Poi la firma sul contratto e l&#8217;ufficialit\u00e0<\/p>\n<p>12:52<\/p>\n<p>Roma-Koulierakis, accordo di massima: 17 milioni pi\u00f9 bonus<\/p>\n<p>La <strong>Roma <\/strong>ha trovato l&#8217;accordo di massima con il <strong>Wolfsburg <\/strong>per Konstantinos <strong>Koulierakis<\/strong>, con i due club che stanno limando gli ultimi dettagli. <strong>Accordo sulla base di 17 milioni di euro pi\u00f9 bonus<\/strong> per portare nella Capitale il difensore classe 2003<\/p>\n<p><a href=\"https:\/\/sport.sky.it\/calciomercato\/2026\/07\/30\/roma-koulierakis-calciomercato-news\" title=\"Roma, accordo di massima per Koulierakis: le cifre\" class=\"lvbg-post-link\" data-intcmp=\"skysport_liveblog_liveblog-preview_null\" data-analytics-element=\"liveblog-preview\" rel=\"nofollow noopener\" target=\"_blank\"><img alt=\"Roma, accordo di massima per Koulierakis: le cifre\" style=\"opacity:0;transition:opacity 0.3s\" class=\"lvbg-post-link__image\"\/>Roma, accordo di massima per Koulierakis: le cifreVai al contenuto <\/a><\/p>\n<p>12:51<\/p>\n<p>Bologna, Dovbyk in prestito con diritto di riscatto <\/p>\n<p>Percorso opposto per Artem <strong>Dovbyk<\/strong>, che si trasferisce al Bologna in prestito fino al 2027 con diritto di riscatto<\/p>\n<p>12:50<\/p>\n<p>Roma, ufficiale Castro<\/p>\n<p>La Roma ha ufficializzato l&#8217;acquisto di Santiago Castro dal Bologna.L&#8217;attaccante argentino si trasferisce nella Capitale per <strong>35 milioni pi\u00f9 bonus e il 10% sulla futura rivendita. <\/strong>Il classe 2004 indosser\u00e0 la <strong>maglia numero 9<\/strong><\/p>\n<p><a href=\"https:\/\/sport.sky.it\/calciomercato\/calciomercato-serie-a-estate-2026-acquisti-ufficiali\" title=\"Roma, ufficiale Santiago Castro: le cifre dell&#039;operazione e il numero di maglia\" class=\"lvbg-post-link\" data-intcmp=\"skysport_liveblog_liveblog-preview_null\" data-analytics-element=\"liveblog-preview\" rel=\"nofollow noopener\" target=\"_blank\"><img alt=\"Roma, ufficiale Santiago Castro: le cifre dell'operazione e il numero di maglia\" style=\"opacity:0;transition:opacity 0.3s\" class=\"lvbg-post-link__image\"\/>Roma, ufficiale Santiago Castro: le cifre dell&#8217;operazione e il numero di magliaVai al contenuto <\/a><\/p>\n<p>12:44<\/p>\n<p>Sassuolo, domani visite mediche per Bowie <\/p>\n<p>Il <strong>Sassuolo <\/strong>chiude un importante colpo in entrata, definita l&#8217;operazione con il Verona per l&#8217;arrivo di <strong>Bowie<\/strong>, attaccante classe 2002. Domani sono previste per lui le visite mediche con la societ\u00e0 neroverde.\u00a0<\/p>\n<p>12:21<\/p>\n<p>Fiorentina, Valdepenas sta svolgendo le visite mediche <\/p>\n<p>il difensore, Victor <strong>Valdepenas<\/strong>, ieri arrivato a Firenze, sta sostenendo in queste ore le visite mediche per poi firmare il contratto che lo legher\u00e0 alla <strong>Fiorentina<\/strong>. Il classe 2006 \u00e8 arrivato dal Real Madrid, operazione da 8 milioni a titolo definitivo, con il 50% della futura rivendita in favore degli spagnoli.\u00a0<\/p>\n<p>12:10<\/p>\n<p>Juventus, ai dettagli per l&#8217;arrivo di Alajbegovic<\/p>\n<p>La <strong>Juventus <\/strong>\u00e8 vicinissima a un rinforzo importante: i bianconeri sono in chiusura per Kerim <strong>Alajbegovic<\/strong>, mancano solo gli ultimi dettagli da definire. Operazione da 30 milioni di euro pi\u00f9 5 milioni di bonus e 10% della rivendita.\u00a0<\/p>\n<p>11:35<\/p>\n<p>Livorno, Koffi Djidji si allena con il club toscano<\/p>\n<p>Foffi <strong>Djidji\u00a0<\/strong>si allena con il <strong>Livorno<\/strong>: l&#8217;ex difensore del <strong>Torino <\/strong>sar\u00e0 valutato ed eventualmente tesserato.<\/p>\n<p>11:20<\/p>\n<p>Compagnon \u00e8 un nuovo giocatore del Verona<\/p>\n<p><strong>Mattia Compagnon <\/strong>lascia il Venezia e riparte dal Verona. Operazione a <strong>titolo temporaneo fino al 30 giugno 2027. <\/strong>All&#8217;interno dell&#8217;accordo \u00e8 inserita un&#8217;<strong>opzione di riscatto<\/strong> al verificarsi di determinate condizioni<\/p>\n<p><a href=\"https:\/\/sport.sky.it\/calciomercato\/calciomercato-serie-b-estate-2026-acquisti-ufficiali\" title=\"Verona, Compagnon \u00e8 un nuovo giocatore\" class=\"lvbg-post-link\" data-intcmp=\"skysport_liveblog_liveblog-preview_null\" data-analytics-element=\"liveblog-preview\" rel=\"nofollow noopener\" target=\"_blank\"><img alt=\"Verona, Compagnon \u00e8 un nuovo giocatore\" style=\"opacity:0;transition:opacity 0.3s\" class=\"lvbg-post-link__image\"\/>Verona, Compagnon \u00e8 un nuovo giocatoreVai al contenuto <\/a><\/p>\n<p>11:10<\/p>\n<p>Roma, sempre pi\u00f9 vicino Koulierakis<\/p>\n<p>I giallorossi si stanno avvicinando al difensore greco del <strong>Wolfsburg<\/strong>. Le parti sono in continuo contatto per limare gli ultimi dettagli sui bonus e sulle modalit\u00e0 di pagamento per un&#8217;<strong>operazione superiore ai 15 milioni di euro<\/strong><\/p>\n<p><a href=\"https:\/\/sport.sky.it\/calciomercato\/2026\/07\/29\/roma-koulierakis-calciomercato-news\" title=\"Roma, si avvicina Koulierakis: parti ai dettagli\" class=\"lvbg-post-link\" data-intcmp=\"skysport_liveblog_liveblog-preview_null\" data-analytics-element=\"liveblog-preview\" rel=\"nofollow noopener\" target=\"_blank\"><img alt=\"Roma, si avvicina Koulierakis: parti ai dettagli\" style=\"opacity:0;transition:opacity 0.3s\" class=\"lvbg-post-link__image\"\/>Roma, si avvicina Koulierakis: parti ai dettagliVai al contenuto <\/a><\/p>\n<p>11:00<\/p>\n<p>Fiorentina, Valdepenas \u00e8 in citt\u00e0<\/p>\n<p>Il difensore sosterr\u00e0 nella giornata di oggi (gioved\u00ec 30 luglio) le visite mediche per diventare un nuovo giocatore della Fiorentina:<\/p>\n<p>10:50<\/p>\n<p>Chi \u00e8 Alajbegovic: il &#8216;ragazzo di strada&#8217;. E quei consigli del nonno&#8230;<\/p>\n<p>Dai primissimi allenamenti con il padre (anche lui giocatore!), alle sue caratteristiche tecniche basate sul dribbling che lo portano a definirsi come &#8220;ragazzo di strada&#8221; fino ai consigli del nonno. Qui tutto quello che c&#8217;\u00e8 da sapere sul 18enne<\/p>\n<p><a href=\"https:\/\/sport.sky.it\/calciomercato\/2026\/07\/29\/kerim-alajbegovic-juventus-chi-e\" title=\"Le omelette, la Play e gli allenamenti da piccolo col pap\u00e0: vi raccontiamo Alajbegovic\" class=\"lvbg-post-link\" data-intcmp=\"skysport_liveblog_liveblog-preview_null\" data-analytics-element=\"liveblog-preview\" rel=\"nofollow noopener\" target=\"_blank\"><img alt=\"Le omelette, la Play e gli allenamenti da piccolo col pap\u00e0: vi raccontiamo Alajbegovic\" style=\"opacity:0;transition:opacity 0.3s\" class=\"lvbg-post-link__image\"\/>Le omelette, la Play e gli allenamenti da piccolo col pap\u00e0: vi raccontiamo AlajbegovicVai al contenuto <\/a><\/p>\n<p>10:40<\/p>\n<p>Kolo Muani, i gol pi\u00f9 belli in bianconero<\/p>\n<p>Dopo settimane di trattative, i bianconeri hanno raggiunto l&#8217;accordo con il Psg per riportare a Torino l&#8217;attaccante francese, che nel girone di ritorno della <strong>Serie A 2024\/25<\/strong> si era reso protagonista con <strong>8 gol in 16 partite<\/strong>. Rivediamo\u00a0in ordine cronologico le 5 reti pi\u00f9 belle e importanti della sua prima avventura con la Juventus<\/p>\n<p><a href=\"https:\/\/sport.sky.it\/calciomercato\/2026\/07\/29\/kolo-muani-juventus-gol-video\" title=\"Kolo Muani verso il ritorno alla Juventus: i suoi gol pi\u00f9 belli in bianconero\" class=\"lvbg-post-link\" data-intcmp=\"skysport_liveblog_liveblog-preview_null\" data-analytics-element=\"liveblog-preview\" rel=\"nofollow noopener\" target=\"_blank\"><img alt=\"Kolo Muani verso il ritorno alla Juventus: i suoi gol pi\u00f9 belli in bianconero\" style=\"opacity:0;transition:opacity 0.3s\" class=\"lvbg-post-link__image\"\/>Kolo Muani verso il ritorno alla Juventus: i suoi gol pi\u00f9 belli in bianconeroVai al contenuto <\/a><\/p>\n<p>10:39<\/p>\n<p>Calciomercato Roma, trattativa per Read: \u00e8 in lista con Fresneda per la fascia destra<\/p>\n<p>Nella lista della <strong>Roma <\/strong>per la fascia destra ci sono Ivan <strong>Fresneda <\/strong>dello Sporting Lisbona e Givairo <strong>Read <\/strong>del Feyenoord. Se gli ultimi contatti per il primo non saranno positivi, allora i giallorossi potrebbero decidere di accelerare per il secondo. La Roma ha gi\u00e0 stata avviata una trattativa, ma non ha ancora fatto un&#8217;offerta ufficiale<\/p>\n<p><a href=\"https:\/\/sport.sky.it\/calciomercato\/2026\/07\/30\/calciomercato-roma-fresneda-read-news\" title=\"Calciomercato, Roma tra Read e Fresneda: il punto\" class=\"lvbg-post-link\" data-intcmp=\"skysport_liveblog_liveblog-preview_null\" data-analytics-element=\"liveblog-preview\" rel=\"nofollow noopener\" target=\"_blank\"><img alt=\"Calciomercato, Roma tra Read e Fresneda: il punto\" style=\"opacity:0;transition:opacity 0.3s\" class=\"lvbg-post-link__image\"\/>Calciomercato, Roma tra Read e Fresneda: il puntoVai al contenuto <\/a><\/p>\n<p>10:30<\/p>\n<p>Milan, ufficiale l&#8217;arrivo di Diawara<\/p>\n<p>Il club rossonero ha <strong>ufficializzato l&#8217;acquisto del difensore classe 2006. <\/strong>Operazione da circa 3 milioni: il francese ha firmato un <strong>contratto fino al 2031<\/strong>, con opzione di rinnovo, e indosser\u00e0 la maglia numero 13<\/p>\n<p>10:20<\/p>\n<p>Doppio colpo in entrata per il Torino: ecco Comuzzo e Comert<\/p>\n<p><strong>Pietro Comuzzo<\/strong> ed <strong>Eray Comert<\/strong> sono ufficialmente nuovi acquisti del Torino: il difensore classe 2005 arriva dalla Fiorentina e ha firmato fino a giugno 2027. Arriva in granata in<strong> prestito oneroso a 1 milione<\/strong>, con <strong>diritto di riscatto fissato a 19 milioni di euro.<\/strong> \u00a0Lo svizzero era svincolato<\/p>\n<p>10:10<\/p>\n<p>Juve, accordo di massima col Bayer Leverkusen per Alajbegovic<\/p>\n<p>La <strong>Juventus<\/strong> ha trovato un accordo di massima con il <strong>Bayer Leverkusen<\/strong> per il cartellino di<strong> Kerim Alajbegovic<\/strong>. Operazione da <strong>30 milioni di euro pi\u00f9 5 di bonus e una percentuale sulla futura rivendita<\/strong>. Il giocatore vuole trasferirsi in Italia e per questo ha dato il suo ok ai bianconeri e ha detto no al Chelsea<\/p>\n<p><a href=\"https:\/\/sport.sky.it\/calciomercato\/2026\/07\/29\/juventus-alajbegovic-calciomercato-news\" title=\"Juventus, altro colpo in arrivo dopo Kolo Muani: accordo di massima per Alajbegovic. Le cifre\" class=\"lvbg-post-link\" data-intcmp=\"skysport_liveblog_liveblog-preview_null\" data-analytics-element=\"liveblog-preview\" rel=\"nofollow noopener\" target=\"_blank\"><img alt=\"Juventus, altro colpo in arrivo dopo Kolo Muani: accordo di massima per Alajbegovic. Le cifre\" style=\"opacity:0;transition:opacity 0.3s\" class=\"lvbg-post-link__image\"\/>Juventus, altro colpo in arrivo dopo Kolo Muani: accordo di massima per Alajbegovic. Le cifreVai al contenuto <\/a><\/p>\n<p>10:00<\/p>\n<p>Kolo Muani-Juventus, affare ai dettagli<\/p>\n<p>La Juventus \u00e8 ai dettagli per il <strong>ritorno di Kolo Muani<\/strong>. Dopo settimane di trattative, i bianconeri hanno raggiunto l&#8217;accordo con il Psg sulla base di un<strong> prestito con obbligo di riscatto<\/strong> legato alla qualificazione a una competizione europea.<strong> Operazione da 38 milioni di euro pi\u00f9 12 di bonus<\/strong>, per un valore potenziale di 50 milioni. Pronto anche un <strong>quinquennale da 5,5 milioni a stagione <\/strong>pi\u00f9 bonus per l&#8217;attaccante francese<\/p>\n<p><a href=\"https:\/\/sport.sky.it\/calciomercato\/2026\/07\/29\/juventus-kolo-muani-calciomercato-news\" title=\"Juventus-Kolo Muani, affare ai dettagli col Psg: le cifre dell&#039;operazione\" class=\"lvbg-post-link\" data-intcmp=\"skysport_liveblog_liveblog-preview_null\" data-analytics-element=\"liveblog-preview\" rel=\"nofollow noopener\" target=\"_blank\"><img alt=\"Juventus-Kolo Muani, affare ai dettagli col Psg: le cifre dell'operazione\" style=\"opacity:0;transition:opacity 0.3s\" class=\"lvbg-post-link__image\"\/>Juventus-Kolo Muani, affare ai dettagli col Psg: le cifre dell&#8217;operazioneVai al contenuto <\/a><\/p>\n<p>09:50<\/p>\n<p>Newcastle, Eddie Howe lascia la panchina<\/p>\n<p>Come riportato da Sky Sport Uk, <strong>Eddie Howe<\/strong> <strong>ha deciso di lasciare la panchina del Newcastle<\/strong>. L&#8217;allenatore, infatti, ha informato il club inglese di volersi prendere una pausa dopo 5 anni alla guida dei Magpies. <strong>Al suo posto il prescelto \u00e8 Matthias Jaissle, attualmente all&#8217;Al-Ahli<\/strong><\/p>\n<p>09:50<\/p>\n<p> Koleosho al Paris Fc<\/p>\n<p><strong>Luca Koleosho torna al Paris Fc <\/strong>dopo la parentesi in prestito della scorsa stagione. L&#8217;esterno italiano firma un<strong> contratto fino al 2031<\/strong><\/p>\n<p><a href=\"https:\/\/sport.sky.it\/calciomercato\/calciomercato-2026-acquisti-ufficiali-estero-estate\" title=\"Koleosho niente Fiorentina, torna al Paris Fc: i dettagli\" class=\"lvbg-post-link\" data-intcmp=\"skysport_liveblog_liveblog-preview_null\" data-analytics-element=\"liveblog-preview\" rel=\"nofollow noopener\" target=\"_blank\"><img alt=\"Koleosho niente Fiorentina, torna al Paris Fc: i dettagli\" style=\"opacity:0;transition:opacity 0.3s\" class=\"lvbg-post-link__image\"\/>Koleosho niente Fiorentina, torna al Paris Fc: i dettagliVai al contenuto <\/a><\/p>\n<p>09:44<\/p>\n<p>Inter, Stones \u00e8 arrivato a Milano: &#8220;Felice di essere qui&#8221;<\/p>\n<p>L&#8217;<strong>Inter<\/strong> ha trovato il suo nuovo difensore centrale. John <strong>Stones<\/strong>, infatti, \u00e8 arrivato a Milano, pronto a iniziare la sua avventura in nerazzurro. Il difensore inglese, svincolato dopo la fine della sua esperienza al Manchester City, si prepara a firmare un <strong>contratto di due anni da 4 milioni di euro<\/strong> a stagione. In giornata sono <strong>in programma<\/strong> le <strong>visite mediche<\/strong>, l&#8217;<strong>idoneit\u00e0 sportiva<\/strong> al Coni e poi la firma<\/p>\n<p>09:40<\/p>\n<p>E passi in avanti per Pio Esposito<\/p>\n<p>Dopo il rinnovo di Bisseck, l&#8217;Inter avanza per un altro prolungamento. Il club nerazzurro infatti ha fatto dei passi in avanti per il <strong>rinnovo di Pio Esposito<\/strong>. Anche per l&#8217;attaccante \u00e8 previsto un prolungamento di contratto <strong>fino al 2031<\/strong>: previsti nuovi contatti per raggiungere l&#8217;intesa definitiva<\/p>\n<p><a href=\"https:\/\/sport.sky.it\/calciomercato\/2026\/07\/29\/pio-esposito-inter-rinnovo-calciomercato-news\" title=\"Inter, passi avanti per il rinnovo di Pio Esposito: la durata del nuovo contratto\" class=\"lvbg-post-link\" data-intcmp=\"skysport_liveblog_liveblog-preview_null\" data-analytics-element=\"liveblog-preview\" rel=\"nofollow noopener\" target=\"_blank\"><img alt=\"Inter, passi avanti per il rinnovo di Pio Esposito: la durata del nuovo contratto\" style=\"opacity:0;transition:opacity 0.3s\" class=\"lvbg-post-link__image\"\/>Inter, passi avanti per il rinnovo di Pio Esposito: la durata del nuovo contrattoVai al contenuto <\/a><\/p>\n<p>09:30<\/p>\n<p>Bisseck rinnova con l&#8217;Inter<\/p>\n<p>Il club nerazzurro blinda <strong>Yann Bisseck<\/strong>. Ufficiale il rinnovo del difensore tedesco, che ha prolungato il proprio contratto per altre cinque stagioni con l&#8217;Inter. L&#8217;accordo prevede un ingaggio da <strong>3 milioni di euro netti all&#8217;anno fino al 2031<\/strong><\/p>\n<p><a href=\"https:\/\/sport.sky.it\/calciomercato\/2026\/07\/29\/bisseck-inter-calciomercato-news\" title=\"Inter, ufficiale il rinnovo di Bisseck: la durata del nuovo contratto e quanto guadagner\u00e0\" class=\"lvbg-post-link\" data-intcmp=\"skysport_liveblog_liveblog-preview_null\" data-analytics-element=\"liveblog-preview\" rel=\"nofollow noopener\" target=\"_blank\"><img alt=\"Inter, ufficiale il rinnovo di Bisseck: la durata del nuovo contratto e quanto guadagner\u00e0\" style=\"opacity:0;transition:opacity 0.3s\" class=\"lvbg-post-link__image\"\/>Inter, ufficiale il rinnovo di Bisseck: la durata del nuovo contratto e quanto guadagner\u00e0Vai al contenuto <\/a><\/p>\n<p>09:20<\/p>\n<p>Torino, fatta per Fitz-Jim<\/p>\n<p>Il <strong>Torino <\/strong>ha raggiunto l&#8217;accordo con l&#8217;Ajax per il trasferimento di <strong>Kian Fitz-Jim<\/strong> per <strong>2,5 milioni di euro pi\u00f9 una percentuale sulla rivendita<\/strong>. Trovata anche l&#8217;intesa con il giocatore<\/p>\n<p><a href=\"https:\/\/sport.sky.it\/calciomercato\/2026\/07\/29\/torino-fitz-jim-calciomercato-news\" title=\"Torino, fatta per Fitz-Jim dall&#039;Ajax: i dettagli dell&#039;operazione\" class=\"lvbg-post-link\" data-intcmp=\"skysport_liveblog_liveblog-preview_null\" data-analytics-element=\"liveblog-preview\" rel=\"nofollow noopener\" target=\"_blank\"><img alt=\"Torino, fatta per Fitz-Jim dall'Ajax: i dettagli dell'operazione\" style=\"opacity:0;transition:opacity 0.3s\" class=\"lvbg-post-link__image\"\/>Torino, fatta per Fitz-Jim dall&#8217;Ajax: i dettagli dell&#8217;operazioneVai al contenuto <\/a><\/p>\n<p>09:10<\/p>\n<p>Rose extra large in Serie A: 140 giocatori in bilico o sul mercato<\/p>\n<p>Dalla A di Atalanta alla V di Venezia, sono ben<strong> 140 i giocatori rientrati in estate <\/strong>dai vari prestiti che al momento <strong>&#8220;allungano&#8221;<\/strong> le rose dei ritiri e che, presto, potrebbero andare incontro a una nuova cessione:<\/p>\n<p><a href=\"https:\/\/sport.sky.it\/calciomercato\/calciomercato-serie-a-2026-giocatori-rose-in-vendita\" title=\"Rose extra large in Serie A: 140 giocatori in bilico o sul mercato\" class=\"lvbg-post-link\" data-intcmp=\"skysport_liveblog_liveblog-preview_null\" data-analytics-element=\"liveblog-preview\" rel=\"nofollow noopener\" target=\"_blank\"><img alt=\"Rose extra large in Serie A: 140 giocatori in bilico o sul mercato\" style=\"opacity:0;transition:opacity 0.3s\" class=\"lvbg-post-link__image\"\/>Rose extra large in Serie A: 140 giocatori in bilico o sul mercatoVai al contenuto <\/a><br \/>\n      <script async src=\"\/\/www.instagram.com\/embed.js\"><\/script><\/p>\n","protected":false},"excerpt":{"rendered":"\\n Juventus, Carnevali: \\&#8221;Per Kolo Muani siamo alla fase conclusiva\\&#8221; \\n Ufficiale, John Stones \u00e8 un giocatore dell&#8217;Inter&hellip;\n","protected":false},"author":3,"featured_media":295576,"comment_status":"","ping_status":"","sticky":false,"template":"","format":"standard","meta":{"footnotes":"","_share_on_mastodon":"0"},"categories":[176],"tags":[7724,569,586,6300,353,6295,39578,16323,14179,7725,6293,6294,3705,2263,5281,6298,350,1537,90,89,565,558,5188,6296,553,11121,248,6301,6299,245,244,1641,2817,222],"class_list":["post-609870","post","type-post","status-publish","format-standard","has-post-thumbnail","category-sport","tag-as-roma","tag-atalanta","tag-bologna","tag-cagliari","tag-calciomercato","tag-calciomercato-estero","tag-calciomercato-fiorentina","tag-calciomercato-inter","tag-calciomercato-napoli","tag-calciomercato-roma","tag-calciomercato-serie-a","tag-calciomercato-serie-b","tag-como","tag-fiorentina","tag-frosinone","tag-genoa","tag-inter","tag-it","tag-italia","tag-italy","tag-juve","tag-juventus","tag-lazio","tag-lecce","tag-milan","tag-monza","tag-napoli","tag-parma","tag-sassuolo","tag-sport","tag-sports","tag-torino","tag-udinese","tag-venezia"],"share_on_mastodon":{"url":"https:\/\/pubeurope.com\/@it\/117010661669123231","error":""},"_links":{"self":[{"href":"https:\/\/www.europesays.com\/it\/wp-json\/wp\/v2\/posts\/609870","targetHints":{"allow":["GET"]}}],"collection":[{"href":"https:\/\/www.europesays.com\/it\/wp-json\/wp\/v2\/posts"}],"about":[{"href":"https:\/\/www.europesays.com\/it\/wp-json\/wp\/v2\/types\/post"}],"author":[{"embeddable":true,"href":"https:\/\/www.europesays.com\/it\/wp-json\/wp\/v2\/users\/3"}],"replies":[{"embeddable":true,"href":"https:\/\/www.europesays.com\/it\/wp-json\/wp\/v2\/comments?post=609870"}],"version-history":[{"count":0,"href":"https:\/\/www.europesays.com\/it\/wp-json\/wp\/v2\/posts\/609870\/revisions"}],"wp:featuredmedia":[{"embeddable":true,"href":"https:\/\/www.europesays.com\/it\/wp-json\/wp\/v2\/media\/295576"}],"wp:attachment":[{"href":"https:\/\/www.europesays.com\/it\/wp-json\/wp\/v2\/media?parent=609870"}],"wp:term":[{"taxonomy":"category","embeddable":true,"href":"https:\/\/www.europesays.com\/it\/wp-json\/wp\/v2\/categories?post=609870"},{"taxonomy":"post_tag","embeddable":true,"href":"https:\/\/www.europesays.com\/it\/wp-json\/wp\/v2\/tags?post=609870"}],"curies":[{"name":"wp","href":"https:\/\/api.w.org\/{rel}","templated":true}]}}