{"id":60996,"date":"2025-08-21T20:58:11","date_gmt":"2025-08-21T20:58:11","guid":{"rendered":"https:\/\/www.europesays.com\/it\/60996\/"},"modified":"2025-08-21T20:58:11","modified_gmt":"2025-08-21T20:58:11","slug":"il-bovesano-federico-piccolo-in-finale-al-premio-mercurio-dargento-la-guida","status":"publish","type":"post","link":"https:\/\/www.europesays.com\/it\/60996\/","title":{"rendered":"Il bovesano Federico Piccolo in finale al Premio Mercurio d\u2019Argento &#8211; La Guida"},"content":{"rendered":"<p>Il pianista e compositore bovesano Federico Piccolo \u00e8 nella triade dei candidati al Premio Mercurio d\u2019Argento, riconoscimento dedicato alla celebrazione del mondo della musica per immagini. Il concorso, giunto alla VII edizione, avr\u00e0 la sua fase finale venerd\u00ec 22 agosto a Massa.<\/p>\n<p>Gli artisti dovevano quest\u2019anno musicare il corto \u201cIl desiderio di Paul\u201d del regista Max Chianese. Fra le tante opere pervenute, tre i temi selezionati, tra cui quello di Piccolo. Una nuova soddisfazione dopo quella maturata come finalista Marvin Hamlisch Internatinal Music Awards 2025 nella sezione Film &amp; Media Scoring a New York.<\/p>\n<p>\u201cIn questo cortometraggio \u2013 commenta il compositore bovesano \u2013 viene approfondita la relazione che esiste tra un padre e la propria figlia. Ho ideato due temi contrastanti che si alternano e giocano tra di loro. Volevo che la musica descrivesse ci\u00f2 che non vedevamo, ci\u00f2 che il tempo aveva aiutato a creare e rafforzare e cio\u00e8 il profondo legame che esiste tra i due. Essere selezionato tra i finalisti rappresenta una tappa importante nella mia carriera musicale. Accompagnare e complementare le immagini che si susseguono sullo schermo con la mia musica \u00e8 tra le esperienze pi\u00f9 emozionanti e stimolanti\u201d.<\/p>\n<p>Per chi volesse approfondire la conoscenza del mondo sonoro creato da Federico Piccolo, le sue musiche sono disponibili per essere ascoltate sul suo canale YouTube, sulla pagina Instagram e su Spotify.<\/p>\n","protected":false},"excerpt":{"rendered":"Il pianista e compositore bovesano Federico Piccolo \u00e8 nella triade dei candidati al Premio Mercurio d\u2019Argento, riconoscimento dedicato&hellip;\n","protected":false},"author":3,"featured_media":60997,"comment_status":"","ping_status":"","sticky":false,"template":"","format":"standard","meta":{"footnotes":""},"categories":[1443],"tags":[48719,16719,203,48720,204,1537,90,89,8990,1538,1539,41814,48721],"class_list":{"0":"post-60996","1":"post","2":"type-post","3":"status-publish","4":"format-standard","5":"has-post-thumbnail","7":"category-musica","8":"tag-boves","9":"tag-compositore","10":"tag-entertainment","11":"tag-federico-piccolo","12":"tag-intrattenimento","13":"tag-it","14":"tag-italia","15":"tag-italy","16":"tag-massa","17":"tag-music","18":"tag-musica","19":"tag-pianista","20":"tag-premio-mercurio-dargento"},"share_on_mastodon":{"url":"","error":""},"_links":{"self":[{"href":"https:\/\/www.europesays.com\/it\/wp-json\/wp\/v2\/posts\/60996","targetHints":{"allow":["GET"]}}],"collection":[{"href":"https:\/\/www.europesays.com\/it\/wp-json\/wp\/v2\/posts"}],"about":[{"href":"https:\/\/www.europesays.com\/it\/wp-json\/wp\/v2\/types\/post"}],"author":[{"embeddable":true,"href":"https:\/\/www.europesays.com\/it\/wp-json\/wp\/v2\/users\/3"}],"replies":[{"embeddable":true,"href":"https:\/\/www.europesays.com\/it\/wp-json\/wp\/v2\/comments?post=60996"}],"version-history":[{"count":0,"href":"https:\/\/www.europesays.com\/it\/wp-json\/wp\/v2\/posts\/60996\/revisions"}],"wp:featuredmedia":[{"embeddable":true,"href":"https:\/\/www.europesays.com\/it\/wp-json\/wp\/v2\/media\/60997"}],"wp:attachment":[{"href":"https:\/\/www.europesays.com\/it\/wp-json\/wp\/v2\/media?parent=60996"}],"wp:term":[{"taxonomy":"category","embeddable":true,"href":"https:\/\/www.europesays.com\/it\/wp-json\/wp\/v2\/categories?post=60996"},{"taxonomy":"post_tag","embeddable":true,"href":"https:\/\/www.europesays.com\/it\/wp-json\/wp\/v2\/tags?post=60996"}],"curies":[{"name":"wp","href":"https:\/\/api.w.org\/{rel}","templated":true}]}}