{"id":610036,"date":"2026-07-30T22:13:14","date_gmt":"2026-07-30T22:13:14","guid":{"rendered":"https:\/\/www.europesays.com\/it\/610036\/"},"modified":"2026-07-30T22:13:14","modified_gmt":"2026-07-30T22:13:14","slug":"covid-estate-con-migliaia-di-nuovi-casi-in-cina-bassetti-spiega-cosa-sta-succedendo","status":"publish","type":"post","link":"https:\/\/www.europesays.com\/it\/610036\/","title":{"rendered":"Covid, estate con migliaia di nuovi casi in Cina. Bassetti spiega cosa sta succedendo"},"content":{"rendered":"<p>Un&#8217;anomala ondata di <strong><a href=\"https:\/\/www.leggo.it\/t\/covid\" rel=\"nofollow noopener\" target=\"_blank\">Covid<\/a><\/strong> estiva. \u00c8 quella che sta colpendo la <a href=\"https:\/\/www.leggo.it\/t\/cina\" rel=\"nofollow noopener\" target=\"_blank\">Cina<\/a> in questi giorni. Oltre 79.000 nuovi casi confermati, inclusi 130 gravi e un decesso, secondo il Centro cinese per il controllo e la prevenzione delle malattie.<\/p>\n<p>  Covid, l&#8217;ondata estiva <\/p>\n<p>Eppure le temperature sono alte. E non \u00e8 la stagione di maggior diffusione. Allora perch\u00e9 c&#8217;\u00e8 stata questa impennata dei contagi?<\/p>\n","protected":false},"excerpt":{"rendered":"Un&#8217;anomala ondata di Covid estiva. \u00c8 quella che sta colpendo la Cina in questi giorni. Oltre 79.000 nuovi&hellip;\n","protected":false},"author":3,"featured_media":610037,"comment_status":"","ping_status":"","sticky":false,"template":"","format":"standard","meta":{"footnotes":"","_share_on_mastodon":"0"},"categories":[175],"tags":[35384,356,4124,1533,239,1537,90,89,9076,31822,240,3378],"class_list":["post-610036","post","type-post","status-publish","format-standard","has-post-thumbnail","category-salute","tag-bassetti","tag-cina","tag-covid","tag-estate","tag-health","tag-it","tag-italia","tag-italy","tag-matteo-bassetti","tag-pandemia","tag-salute","tag-virus"],"share_on_mastodon":{"url":"https:\/\/pubeurope.com\/@it\/117011232127343853","error":""},"_links":{"self":[{"href":"https:\/\/www.europesays.com\/it\/wp-json\/wp\/v2\/posts\/610036","targetHints":{"allow":["GET"]}}],"collection":[{"href":"https:\/\/www.europesays.com\/it\/wp-json\/wp\/v2\/posts"}],"about":[{"href":"https:\/\/www.europesays.com\/it\/wp-json\/wp\/v2\/types\/post"}],"author":[{"embeddable":true,"href":"https:\/\/www.europesays.com\/it\/wp-json\/wp\/v2\/users\/3"}],"replies":[{"embeddable":true,"href":"https:\/\/www.europesays.com\/it\/wp-json\/wp\/v2\/comments?post=610036"}],"version-history":[{"count":0,"href":"https:\/\/www.europesays.com\/it\/wp-json\/wp\/v2\/posts\/610036\/revisions"}],"wp:featuredmedia":[{"embeddable":true,"href":"https:\/\/www.europesays.com\/it\/wp-json\/wp\/v2\/media\/610037"}],"wp:attachment":[{"href":"https:\/\/www.europesays.com\/it\/wp-json\/wp\/v2\/media?parent=610036"}],"wp:term":[{"taxonomy":"category","embeddable":true,"href":"https:\/\/www.europesays.com\/it\/wp-json\/wp\/v2\/categories?post=610036"},{"taxonomy":"post_tag","embeddable":true,"href":"https:\/\/www.europesays.com\/it\/wp-json\/wp\/v2\/tags?post=610036"}],"curies":[{"name":"wp","href":"https:\/\/api.w.org\/{rel}","templated":true}]}}