{"id":610132,"date":"2026-07-30T23:39:14","date_gmt":"2026-07-30T23:39:14","guid":{"rendered":"https:\/\/www.europesays.com\/it\/610132\/"},"modified":"2026-07-30T23:39:14","modified_gmt":"2026-07-30T23:39:14","slug":"almasri-nordio-invia-le-carte-ai-pm-per-larresto-del-generale-libico-atto-dovuto-ma-ora-non-servono-piu","status":"publish","type":"post","link":"https:\/\/www.europesays.com\/it\/610132\/","title":{"rendered":"Almasri, Nordio invia le carte ai pm per l&#8217;arresto del generale libico. \u00abAtto dovuto\u00bb. Ma ora non servono pi\u00f9"},"content":{"rendered":"<p>Un atto dovuto: le norme che hanno consentito al ministro della Giustizia <strong><a href=\"https:\/\/www.ilmessaggero.it\/t\/carlo-nordio\" rel=\"nofollow noopener\" target=\"_blank\">Carlo Nordio<\/a><\/strong> di \u00abtenersi\u00bb le carte della Corte penale internazionale su <strong>Osama Njeem Almasri<\/strong>, per il quale era stato emesso un mandato di arresto per crimini contro l&#8217;umanit\u00e0 e crimini di guerra, sono state dichiarate incostituzionali. Una decisione che Nordio aveva anche rivendicato. E ora, a un anno e mezzo dall\u2019arresto del generale a Torino e dal rapidissimo rimpatrio su un volo dei servizi in Libia, il ministro della Giustizia ha trasmesso alla Procura generale gli atti d\u2019accusa, senza i quali non \u00e8 stata possibile la convalida dell\u2019arresto. Una vicenda che ha generato un\u2019inchiesta, con la richiesta di processo per i ministri (oltre Nordio anche il ministro dell\u2019Interno Matteo Piantedosi e il sottosegretario alla presidenza Alfredo Mantovano) e una crisi diplomatica. La vicenda \u00e8 stata al centro di polemiche per mesi. Per i giudici costituzionali, il Guardasigilli doveva \u00abimmediatamente trasmettere al procuratore generale presso la Corte d&#8217;appello di Roma le richieste di cooperazione della Corte penale internazionale\u00bb, altrimenti avrebbe dovuto comunicare alla stessa Corte d&#8217;appello \u00abla dichiarazione motivata di non dare corso a tali richieste per l&#8217;esigenza di tutela di principi costituzionali preminenti\u00bb. Ieri, intanto, Nordio ha incassato la solidariet\u00e0 dal presidente della Repubblica Sergio Mattarella e dagli esponenti dell\u2019intero arco costituzionale per la scritta con vernice rossa apparsa su un muro della Capitale, in via Portuense, \u00abNordio ti metto dentro una R4\u00bb, con accanto una stella a cinque punte e la sigla delle Br. Parole che riportano alla mente la Renault 4 rossa nella quale il 9 maggio 1978 fu ritrovato il corpo di Aldo Moro.\u00a0<\/p>\n<p>ATTO DOVUTO <\/p>\n<p>La procura generale adesso esaminer\u00e0 quegli atti, ma l&#8217;ex comandante si trova nel carcere di Mitiga, in Libia da gennaio 2025. Ben diverso, per\u00f2, il peso politico della trasmissione degli atti. All&#8217;epoca il Guardasigilli, difendendo l&#8217;operato del governo, aveva rivendicato di non fare \u00abda passacarte\u00bb. Ed \u00e8 questo il motivo per il quale, senza nascondere l&#8217;irritazione, fonti di governo fanno ora notare che la sentenza della Consulta a tanto ridurrebbe la sua funzione. Non solo. La decisione di inviare il fascicolo \u00e8 arrivata dopo due giorni di valutazioni ai massimi livelli del governo. Proprio marted\u00ec Nordio \u00e8 stato a Palazzo Chigi per un colloquio, durato circa due ore, con il sottosegretario alla presidenza del Consiglio Alfredo Mantovano. Un&#8217;occasione, era poi trapelato, per un focus sulle carceri. Ma alla luce di quanto \u00e8 avvenuto poche ore dopo non si pu\u00f2 affatto escludere che in quelle due ore si sia parlato, ampiamente, anche del capitolo Almasri.\u00a0<\/p>\n<p>LA POLEMICA <\/p>\n<p>Intanto le opposizioni partono all&#8217;attacco dopo i nuovi risvolti sulla vicenda del generale libico. \u00abAlla fine avevamo ragione noi &#8211; tuona Nicola Fratoianni di Avs &#8211; Abbiamo sempre avuto ragione: Nordio doveva trasferire subito le carte in Procura per l&#8217;arresto del criminale libico. Un ministro che mente spudoratamente al Parlamento in un Paese normale dovrebbe dimettersi un minuto dopo\u00bb. Sulla stessa scia Angelo Bonelli: il Guardasigilli \u00ab\u00e8 stato smascherato &#8211; afferma &#8211; Per mesi ha difeso l&#8217;indifendibile, rivendicato poteri che non aveva e raccontato al parlamento una versione falsa per coprire una delle pagine pi\u00f9 vergognose di questo governo\u00bb. Per Bonelli, \u00abun ministro smentito in questo modo dalla Corte costituzionale non pu\u00f2 restare al suo posto. Si dimetta\u00bb attacca.\u00a0<br \/>\u00a0<\/p>\n<p>&#13;<br \/>\n                                \u00a9 RIPRODUZIONE RISERVATA&#13;<\/p>\n<p>&#13;<\/p>\n<p>\n                            Commenti e retroscena del panorama politico<br \/>\n                            <b>Iscriviti<\/b> e ricevi le notizie via email\n                        <\/p>\n","protected":false},"excerpt":{"rendered":"Un atto dovuto: le norme che hanno consentito al ministro della Giustizia Carlo Nordio di \u00abtenersi\u00bb le carte&hellip;\n","protected":false},"author":3,"featured_media":610133,"comment_status":"","ping_status":"","sticky":false,"template":"","format":"standard","meta":{"footnotes":"","_share_on_mastodon":"0"},"categories":[79],"tags":[28356,453,14,93,94,1537,90,89,8021,7,2438,15,11,84,91,12,85,92],"class_list":["post-610132","post","type-post","status-publish","format-standard","has-post-thumbnail","category-italia","tag-almasri","tag-arresto","tag-cronaca","tag-cronaca-italiana","tag-cronacaitaliana","tag-it","tag-italia","tag-italy","tag-libia","tag-news","tag-nordio","tag-notizie","tag-ultime-notizie","tag-ultime-notizie-e-news-di-oggi","tag-ultime-notizie-italia","tag-ultimenotizie","tag-ultimenotizieenewsdioggi","tag-ultimenotizieitalia"],"share_on_mastodon":{"url":"https:\/\/pubeurope.com\/@it\/117011570351397304","error":""},"_links":{"self":[{"href":"https:\/\/www.europesays.com\/it\/wp-json\/wp\/v2\/posts\/610132","targetHints":{"allow":["GET"]}}],"collection":[{"href":"https:\/\/www.europesays.com\/it\/wp-json\/wp\/v2\/posts"}],"about":[{"href":"https:\/\/www.europesays.com\/it\/wp-json\/wp\/v2\/types\/post"}],"author":[{"embeddable":true,"href":"https:\/\/www.europesays.com\/it\/wp-json\/wp\/v2\/users\/3"}],"replies":[{"embeddable":true,"href":"https:\/\/www.europesays.com\/it\/wp-json\/wp\/v2\/comments?post=610132"}],"version-history":[{"count":0,"href":"https:\/\/www.europesays.com\/it\/wp-json\/wp\/v2\/posts\/610132\/revisions"}],"wp:featuredmedia":[{"embeddable":true,"href":"https:\/\/www.europesays.com\/it\/wp-json\/wp\/v2\/media\/610133"}],"wp:attachment":[{"href":"https:\/\/www.europesays.com\/it\/wp-json\/wp\/v2\/media?parent=610132"}],"wp:term":[{"taxonomy":"category","embeddable":true,"href":"https:\/\/www.europesays.com\/it\/wp-json\/wp\/v2\/categories?post=610132"},{"taxonomy":"post_tag","embeddable":true,"href":"https:\/\/www.europesays.com\/it\/wp-json\/wp\/v2\/tags?post=610132"}],"curies":[{"name":"wp","href":"https:\/\/api.w.org\/{rel}","templated":true}]}}