{"id":610316,"date":"2026-07-31T02:43:12","date_gmt":"2026-07-31T02:43:12","guid":{"rendered":"https:\/\/www.europesays.com\/it\/610316\/"},"modified":"2026-07-31T02:43:12","modified_gmt":"2026-07-31T02:43:12","slug":"juventus-jonathan-david-in-vetrina-sul-mercato-puo-far-posto-a-zirkzee","status":"publish","type":"post","link":"https:\/\/www.europesays.com\/it\/610316\/","title":{"rendered":"Juventus, Jonathan David in vetrina sul mercato: pu\u00f2 far posto a Zirkzee"},"content":{"rendered":"<p>Il nazionale canadese \u00e8 rientrato in Italia dopo le vacanze post-Mondiali: pu\u00f2 tornare in Francia.<\/p>\n<p><b><strong>Via vai <\/strong><\/b><b><strong>sul mercato in attacco della Juventus. <\/strong><\/b><\/p>\n<p><b><strong>Pronta a riaccogliere il francese Randal Kolo Muani, in arrivo dal Paris Saint-Germain<\/strong><\/b> con la formula del prestito con obbligo di riscatto fissato a 45 milioni di euro. <\/p>\n<p>Si tratta del secondo rinforzo nel reparto avanzato dei bianconeri dopo l&#8217;acquisto del giovane italiano<b><strong> Jeff Ekhator dal Genoa. <\/strong><\/b><\/p>\n","protected":false},"excerpt":{"rendered":"Il nazionale canadese \u00e8 rientrato in Italia dopo le vacanze post-Mondiali: pu\u00f2 tornare in Francia. Via vai sul&hellip;\n","protected":false},"author":3,"featured_media":398606,"comment_status":"","ping_status":"","sticky":false,"template":"","format":"standard","meta":{"footnotes":"","_share_on_mastodon":"0"},"categories":[176],"tags":[353,1537,90,89,102158,558,245,244,355],"class_list":["post-610316","post","type-post","status-publish","format-standard","has-post-thumbnail","category-sport","tag-calciomercato","tag-it","tag-italia","tag-italy","tag-j-david","tag-juventus","tag-sport","tag-sports","tag-transfers"],"share_on_mastodon":{"url":"https:\/\/pubeurope.com\/@it\/117012293758892988","error":""},"_links":{"self":[{"href":"https:\/\/www.europesays.com\/it\/wp-json\/wp\/v2\/posts\/610316","targetHints":{"allow":["GET"]}}],"collection":[{"href":"https:\/\/www.europesays.com\/it\/wp-json\/wp\/v2\/posts"}],"about":[{"href":"https:\/\/www.europesays.com\/it\/wp-json\/wp\/v2\/types\/post"}],"author":[{"embeddable":true,"href":"https:\/\/www.europesays.com\/it\/wp-json\/wp\/v2\/users\/3"}],"replies":[{"embeddable":true,"href":"https:\/\/www.europesays.com\/it\/wp-json\/wp\/v2\/comments?post=610316"}],"version-history":[{"count":0,"href":"https:\/\/www.europesays.com\/it\/wp-json\/wp\/v2\/posts\/610316\/revisions"}],"wp:featuredmedia":[{"embeddable":true,"href":"https:\/\/www.europesays.com\/it\/wp-json\/wp\/v2\/media\/398606"}],"wp:attachment":[{"href":"https:\/\/www.europesays.com\/it\/wp-json\/wp\/v2\/media?parent=610316"}],"wp:term":[{"taxonomy":"category","embeddable":true,"href":"https:\/\/www.europesays.com\/it\/wp-json\/wp\/v2\/categories?post=610316"},{"taxonomy":"post_tag","embeddable":true,"href":"https:\/\/www.europesays.com\/it\/wp-json\/wp\/v2\/tags?post=610316"}],"curies":[{"name":"wp","href":"https:\/\/api.w.org\/{rel}","templated":true}]}}