{"id":610430,"date":"2026-07-31T04:54:15","date_gmt":"2026-07-31T04:54:15","guid":{"rendered":"https:\/\/www.europesays.com\/it\/610430\/"},"modified":"2026-07-31T04:54:15","modified_gmt":"2026-07-31T04:54:15","slug":"pierpaolo-pretelli-la-casa-total-white-con-giulia-salemi-il-pianoforte-da-3mila-euro-in-salone-la-cameretta-di-kian-decorata-a-mano-il-bagno-in-marmo","status":"publish","type":"post","link":"https:\/\/www.europesays.com\/it\/610430\/","title":{"rendered":"Pierpaolo Pretelli, la casa total white con Giulia Salemi: il pianoforte da 3mila euro in salone, la cameretta di Kian decorata a mano, il bagno in marmo"},"content":{"rendered":"<p>A <strong><a href=\"https:\/\/www.leggo.it\/t\/milano\" rel=\"nofollow noopener\" target=\"_blank\">Milano<\/a><\/strong>, nel quartiere <strong>Moscova<\/strong>, <strong><a href=\"https:\/\/www.leggo.it\/t\/pierpaolo-pretelli\" rel=\"nofollow noopener\" target=\"_blank\">Pierpaolo Pretelli<\/a><\/strong> e <a href=\"https:\/\/www.leggo.it\/t\/giulia-salemi\" rel=\"nofollow noopener\" target=\"_blank\">Giulia Salemi<\/a> hanno costruito il loro nido d&#8217;amore, una <strong><a href=\"https:\/\/www.leggo.it\/t\/casa\" rel=\"nofollow noopener\" target=\"_blank\">casa<\/a><\/strong> moderna e luminosa diventata ancora pi\u00f9 speciale con l&#8217;arrivo del piccolo Kian. \u00c8 qui che la coppia, tra le pi\u00f9 seguite del mondo dello spettacolo, condivide scorci della quotidianit\u00e0 e della nuova vita da genitori. In occasione del 36esimo compleanno di Pierpaolo, entriamo nella loro elegante abitazione milanese.<\/p>\n<p>  Pierpaolo Pretelli, chi \u00e8  <\/p>\n<p>Pierpaolo Pretelli nasce il 31 luglio 1990 a Maratea, in Basilicata. Dopo gli esordi come velino di Striscia la Notizia, si \u00e8 fatto conoscere dal grande pubblico partecipando al Grande Fratello Vip, esperienza che gli ha aperto le porte di numerosi progetti in televisione, radio e intrattenimento. Negli anni ha lavorato come conduttore e inviato, e oggi \u00e8 pronto a una nuova sfida professionale: sar\u00e0 infatti uno degli inviati della nuova edizione de L&#8217;Isola dei Famosi, condotta da Selvaggia Lucarelli.<\/p>\n<p>Sul fronte privato, Pierpaolo \u00e8 legato dal 2021 a <strong><a href=\"https:\/\/www.leggo.it\/t\/giulia-salemi\" rel=\"nofollow noopener\" target=\"_blank\">Giulia Salemi<\/a><\/strong>, conosciuta proprio nella Casa del Grande Fratello Vip. Dalla loro relazione \u00e8 nato il piccolo Kian, primo figlio della coppia e secondo per Pretelli, che \u00e8 gi\u00e0 pap\u00e0 di Leonardo, avuto dalla precedente relazione con la modella Andriadna Romero.<\/p>\n","protected":false},"excerpt":{"rendered":"A Milano, nel quartiere Moscova, Pierpaolo Pretelli e Giulia Salemi hanno costruito il loro nido d&#8217;amore, una casa&hellip;\n","protected":false},"author":3,"featured_media":610431,"comment_status":"","ping_status":"","sticky":false,"template":"","format":"standard","meta":{"footnotes":"","_share_on_mastodon":"0"},"categories":[1451],"tags":[1621,1620,203,9213,204,1537,90,89,9215],"class_list":["post-610430","post","type-post","status-publish","format-standard","has-post-thumbnail","category-celebrita","tag-celebrita","tag-celebrities","tag-entertainment","tag-giulia-salemi","tag-intrattenimento","tag-it","tag-italia","tag-italy","tag-pierpaolo-pretelli"],"share_on_mastodon":{"url":"https:\/\/pubeurope.com\/@it\/117012808543464442","error":""},"_links":{"self":[{"href":"https:\/\/www.europesays.com\/it\/wp-json\/wp\/v2\/posts\/610430","targetHints":{"allow":["GET"]}}],"collection":[{"href":"https:\/\/www.europesays.com\/it\/wp-json\/wp\/v2\/posts"}],"about":[{"href":"https:\/\/www.europesays.com\/it\/wp-json\/wp\/v2\/types\/post"}],"author":[{"embeddable":true,"href":"https:\/\/www.europesays.com\/it\/wp-json\/wp\/v2\/users\/3"}],"replies":[{"embeddable":true,"href":"https:\/\/www.europesays.com\/it\/wp-json\/wp\/v2\/comments?post=610430"}],"version-history":[{"count":0,"href":"https:\/\/www.europesays.com\/it\/wp-json\/wp\/v2\/posts\/610430\/revisions"}],"wp:featuredmedia":[{"embeddable":true,"href":"https:\/\/www.europesays.com\/it\/wp-json\/wp\/v2\/media\/610431"}],"wp:attachment":[{"href":"https:\/\/www.europesays.com\/it\/wp-json\/wp\/v2\/media?parent=610430"}],"wp:term":[{"taxonomy":"category","embeddable":true,"href":"https:\/\/www.europesays.com\/it\/wp-json\/wp\/v2\/categories?post=610430"},{"taxonomy":"post_tag","embeddable":true,"href":"https:\/\/www.europesays.com\/it\/wp-json\/wp\/v2\/tags?post=610430"}],"curies":[{"name":"wp","href":"https:\/\/api.w.org\/{rel}","templated":true}]}}