{"id":610690,"date":"2026-07-31T09:00:15","date_gmt":"2026-07-31T09:00:15","guid":{"rendered":"https:\/\/www.europesays.com\/it\/610690\/"},"modified":"2026-07-31T09:00:15","modified_gmt":"2026-07-31T09:00:15","slug":"salvaggia-lucarelli-compie-52-anni-il-fidanzato-lorenzo-bigiarelli-ti-amo-quanto-tu-ami-i-gatti-lei-replica-non-so-se-ce-la-fai","status":"publish","type":"post","link":"https:\/\/www.europesays.com\/it\/610690\/","title":{"rendered":"Salvaggia Lucarelli compie 52 anni. Il fidanzato Lorenzo Bigiarelli: \u00abTi amo quanto tu ami i gatti\u00bb. Lei replica: \u00abNon so se ce la fai\u00bb"},"content":{"rendered":"<p>La giornalista \u00e8 nata a Civitavecchia ma vive a Milano. Gli auguri social del compagno e la replica ironica della festeggiata<\/p>\n<p class=\"chapter-paragraph\"><b>Selvaggia Lucarelli spegne 52 candeline<\/b> (la giornalista \u00e8 nata a Civitavecchia il 30 luglio 1974, ma vive tra Milano e il suo buen retiro in Salento) e il fidanzato, <b>Lorenzo Biagiarelli, posta i suoi auguri speciali sulla sua pagina Instagram. <\/b>\u00abHo valutato migliaia di metafore diverse \u2013 scrive Biagiarelli -, pi\u00f9 o meno romantiche o efficaci, ma alla fine nessuna reggeva il confronto, per chiarezza e verit\u00e0, con questa: e cio\u00e8 ti amo quanto tu ami i gatti. Auguri amore della mia vita\u00bb.  Il post \u00e8 accompagnato da uno scatto della giornalista con una delle sue gatte, la piccola Gaza,  trovata lo scorso settembre, in una strada di Sorisole, nella Bergamasca. La micia era sola e mal ridotta, in un grave stato di malnutrizione. In un primo momento la coppia aveva deciso di affidare la gattina a un ragazzo che avrebbe voluto adottarla, ma visto che le condizioni di salute peggioravano, i due avevano poi deciso di tenerla con loro nella  loro casa di Milano, postandone di volta in volta i miglioramenti. <b>Tranchant la replica di Selvaggia al fidanzato. \u00abNon so se ce la fai\u00bb.<\/b><br \/>&#13;<br \/>\n&#13;<br \/>\n&#13;<br \/>\n&#13;<br \/>\n&#13;<br \/>\n&#13;<br \/>\n&#13;<br \/>\n&#13;<br \/>\n&#13;<br \/>\n&#13;<br \/>\n&#13;<br \/>\n&#13;<br \/>\n&#13;<br \/>\n&#13;<br \/>\n&#13;<br \/>\n&#13;<br \/>\n&#13;<br \/>\n&#13;<br \/>\n&#13;<br \/>\n&#13;<br \/>\n&#13;<br \/>\n&#13;<br \/>\n&#13;<br \/>\n&#13;<br \/>\n&#13;<br \/>\n&#13;<br \/>\n&#13;<br \/>\n&#13;<br \/>\n&#13;<br \/>\n&#13;<br \/>\n&#13;<br \/>\n&#13;<br \/>\n&#13;<br \/>\n&#13;<br \/>\n&#13;<br \/>\n&#13;<br \/>\n&#13;<br \/>\n&#13;<br \/>\n&#13;<br \/>\n&#13;<br \/>\n&#13;<br \/>\n&#13;<br \/>\n&#13;<br \/>\n&#13;<br \/>\n&#13;<br \/>\n&#13;<br \/>\n&#13;<br \/>\n&#13;<br \/>\n&#13;<br \/>\n&#13;<br \/>\n&#13;<br \/>\n&#13;<br \/>\n&#13;\n<\/p>\n<p class=\"is-last-update\" datetime=\"2026-07-31T09:28:46+02:00\">31 luglio 2026 ( modifica il 31 luglio 2026 | 09:28)<\/p>\n<p class=\"is-copyright\">\n            \u00a9 RIPRODUZIONE RISERVATA\n        <\/p>\n","protected":false},"excerpt":{"rendered":"La giornalista \u00e8 nata a Civitavecchia ma vive a Milano. Gli auguri social del compagno e la replica&hellip;\n","protected":false},"author":3,"featured_media":610691,"comment_status":"","ping_status":"","sticky":false,"template":"","format":"standard","meta":{"footnotes":"","_share_on_mastodon":"0"},"categories":[1451],"tags":[20151,336589,9521,336590,336591,9522,171314,6969,1621,1620,50362,3059,203,5226,4348,204,1537,90,89,28,17194],"class_list":["post-610690","post","type-post","status-publish","format-standard","has-post-thumbnail","category-celebrita","tag-ami","tag-ami-gatti","tag-amo","tag-amo-ami","tag-amo-ami-gatti","tag-auguri","tag-biagiarelli","tag-ce","tag-celebrita","tag-celebrities","tag-civitavecchia","tag-deciso","tag-entertainment","tag-fidanzato","tag-giornalista","tag-intrattenimento","tag-it","tag-italia","tag-italy","tag-milano","tag-replica"],"share_on_mastodon":{"url":"https:\/\/pubeurope.com\/@it\/117013776371067650","error":""},"_links":{"self":[{"href":"https:\/\/www.europesays.com\/it\/wp-json\/wp\/v2\/posts\/610690","targetHints":{"allow":["GET"]}}],"collection":[{"href":"https:\/\/www.europesays.com\/it\/wp-json\/wp\/v2\/posts"}],"about":[{"href":"https:\/\/www.europesays.com\/it\/wp-json\/wp\/v2\/types\/post"}],"author":[{"embeddable":true,"href":"https:\/\/www.europesays.com\/it\/wp-json\/wp\/v2\/users\/3"}],"replies":[{"embeddable":true,"href":"https:\/\/www.europesays.com\/it\/wp-json\/wp\/v2\/comments?post=610690"}],"version-history":[{"count":0,"href":"https:\/\/www.europesays.com\/it\/wp-json\/wp\/v2\/posts\/610690\/revisions"}],"wp:featuredmedia":[{"embeddable":true,"href":"https:\/\/www.europesays.com\/it\/wp-json\/wp\/v2\/media\/610691"}],"wp:attachment":[{"href":"https:\/\/www.europesays.com\/it\/wp-json\/wp\/v2\/media?parent=610690"}],"wp:term":[{"taxonomy":"category","embeddable":true,"href":"https:\/\/www.europesays.com\/it\/wp-json\/wp\/v2\/categories?post=610690"},{"taxonomy":"post_tag","embeddable":true,"href":"https:\/\/www.europesays.com\/it\/wp-json\/wp\/v2\/tags?post=610690"}],"curies":[{"name":"wp","href":"https:\/\/api.w.org\/{rel}","templated":true}]}}