{"id":610860,"date":"2026-07-31T11:18:16","date_gmt":"2026-07-31T11:18:16","guid":{"rendered":"https:\/\/www.europesays.com\/it\/610860\/"},"modified":"2026-07-31T11:18:16","modified_gmt":"2026-07-31T11:18:16","slug":"x-factor-2026-quando-torna-su-sky-e-now-la-giuria-i-nuovi-talenti-e-la-conduzione-tutte-le-novita","status":"publish","type":"post","link":"https:\/\/www.europesays.com\/it\/610860\/","title":{"rendered":"X Factor 2026, quando torna su Sky e NOW: la giuria, i nuovi talenti e la conduzione, tutte le novit\u00e0"},"content":{"rendered":"<p>&#13;<br \/>\n                               &#13;<br \/>\n                                                &#13;<br \/>\n                &#13;<\/p>\n<p>Prende ufficialmente il via il conto alla rovescia per la nuova edizione di <strong><a href=\"https:\/\/www.leggo.it\/t\/x-factor\" rel=\"nofollow noopener\" target=\"_blank\">X Factor<\/a><\/strong>. Diffuso venerd\u00ec 31 luglio 2026 sui canali social il promo ufficiale che vede protagoniste le cinque anime dello show: la conduttrice <strong><a href=\"https:\/\/www.leggo.it\/t\/giorgia\" rel=\"nofollow noopener\" target=\"_blank\">Giorgia<\/a><\/strong> e i quattro giudici <strong><a href=\"https:\/\/www.leggo.it\/t\/francesco-gabbani\" rel=\"nofollow noopener\" target=\"_blank\">Francesco Gabbani<\/a><\/strong>, <strong><a href=\"https:\/\/www.leggo.it\/t\/irama\" rel=\"nofollow noopener\" target=\"_blank\">Irama<\/a><\/strong>, <strong><a href=\"https:\/\/www.leggo.it\/t\/jake-la-furia\" rel=\"nofollow noopener\" target=\"_blank\">Jake La Furia<\/a><\/strong> e <strong><a href=\"https:\/\/www.leggo.it\/t\/paola-iezzi\" rel=\"nofollow noopener\" target=\"_blank\">Paola Iezzi<\/a><\/strong>, immortalati\u00a0tra murales e realt\u00e0.<\/p>\n<p>&#13;<br \/>\n&#13;<br \/>\n<strong>Quando torna X Factor<\/strong>&#13;<br \/>\n&#13;<\/p>\n<p>Il video, ideato e realizzato dalla Sky Creative Agency, d\u00e0 il via alla marcia di avvicinamento verso l&#8217;esordio della nuova stagione,<strong> atteso per gioved\u00ec 10 settembre su Sky e in streaming su NOW<\/strong>.<\/p>\n<p>&#13;<br \/>\n&#13;<br \/>\n<strong>Il talent: cosa sappiamo<\/strong>&#13;<br \/>\n&#13;<\/p>\n<p>A Giorgia, con la sua inconfondibile empatia e la sua voce, spetter\u00e0 il compito di accogliere e accompagnare sul palco i talenti pronti a mettersi in gioco durante le Auditions. Spetter\u00e0 invece al quartetto di giudici al tavolo la missione pi\u00f9 ardua: selezionare i concorrenti attraverso un percorso serrato che comprender\u00e0 Bootcamp e Last Call, fino alla definizione delle squadre ufficiali composte dai 12 protagonisti della gara di quest&#8217;anno.<\/p>\n<p>&#13;<br \/>\n&#13;<\/p>\n<p>Settimana dopo settimana, per tutto l&#8217;autunno, lo show Sky Original prodotto da Fremantle promette un viaggio emozionante e all&#8217;insegna della musica, culminando nei Live Show. <\/p>\n<p>L&#8217;appuntamento con la nuova stagione \u00e8 fissato ogni gioved\u00ec, a partire dal 10 settembre.&#13;<br \/>\n&#13;<\/p>\n<p>Video Sky<\/p>\n<p>                                &#13;<br \/>\n                &#13;<br \/>\n&#13;<br \/>\n                Ultimo aggiornamento: venerd\u00ec 31 luglio 2026, 11:54&#13;<br \/>\n                <br \/>&#13;<br \/>\n                &#13;<br \/>\n                  &#13;<br \/>\n                    &#13;<br \/>\n                        \u00a9 RIPRODUZIONE RISERVATA&#13;<\/p>\n<p>&#13;<\/p>\n<p>                    &#13;<\/p>\n","protected":false},"excerpt":{"rendered":"&#13; &#13; &#13; &#13; Prende ufficialmente il via il conto alla rovescia per la nuova edizione di X&hellip;\n","protected":false},"author":3,"featured_media":610861,"comment_status":"","ping_status":"","sticky":false,"template":"","format":"standard","meta":{"footnotes":"","_share_on_mastodon":"0"},"categories":[1444],"tags":[203,204,1537,90,89,253,48718,233875],"class_list":["post-610860","post","type-post","status-publish","format-standard","has-post-thumbnail","category-tv","tag-entertainment","tag-intrattenimento","tag-it","tag-italia","tag-italy","tag-tv","tag-x-factor","tag-x-factor-2026"],"share_on_mastodon":{"url":"https:\/\/pubeurope.com\/@it\/117014318720967993","error":""},"_links":{"self":[{"href":"https:\/\/www.europesays.com\/it\/wp-json\/wp\/v2\/posts\/610860","targetHints":{"allow":["GET"]}}],"collection":[{"href":"https:\/\/www.europesays.com\/it\/wp-json\/wp\/v2\/posts"}],"about":[{"href":"https:\/\/www.europesays.com\/it\/wp-json\/wp\/v2\/types\/post"}],"author":[{"embeddable":true,"href":"https:\/\/www.europesays.com\/it\/wp-json\/wp\/v2\/users\/3"}],"replies":[{"embeddable":true,"href":"https:\/\/www.europesays.com\/it\/wp-json\/wp\/v2\/comments?post=610860"}],"version-history":[{"count":0,"href":"https:\/\/www.europesays.com\/it\/wp-json\/wp\/v2\/posts\/610860\/revisions"}],"wp:featuredmedia":[{"embeddable":true,"href":"https:\/\/www.europesays.com\/it\/wp-json\/wp\/v2\/media\/610861"}],"wp:attachment":[{"href":"https:\/\/www.europesays.com\/it\/wp-json\/wp\/v2\/media?parent=610860"}],"wp:term":[{"taxonomy":"category","embeddable":true,"href":"https:\/\/www.europesays.com\/it\/wp-json\/wp\/v2\/categories?post=610860"},{"taxonomy":"post_tag","embeddable":true,"href":"https:\/\/www.europesays.com\/it\/wp-json\/wp\/v2\/tags?post=610860"}],"curies":[{"name":"wp","href":"https:\/\/api.w.org\/{rel}","templated":true}]}}