{"id":610986,"date":"2026-07-31T13:07:17","date_gmt":"2026-07-31T13:07:17","guid":{"rendered":"https:\/\/www.europesays.com\/it\/610986\/"},"modified":"2026-07-31T13:07:17","modified_gmt":"2026-07-31T13:07:17","slug":"da-palermo-a-bagheria-lello-analfino-canta-la-sicilia-donatella-finocchiaro-protagonista-di-cuntami","status":"publish","type":"post","link":"https:\/\/www.europesays.com\/it\/610986\/","title":{"rendered":"Da Palermo a Bagheria, Lello Analfino canta la Sicilia: Donatella Finocchiaro protagonista di \u201cCuntami&#8221;"},"content":{"rendered":"<p>Palermo, Bagheria e Villa Palagonia sono al centro di \u201cCuntami\u201d, il nuovo singolo di Lello Analfino, da oggi disponibile insieme al videoclip ufficiale interpretato dall\u2019attrice Donatella Finocchiaro. Il brano, pubblicato da Mcn Dischi e distribuito da Artist First, \u00e8 una dichiarazione d\u2019amore alla Sicilia, raccontata attraverso la memoria, la bellezza, le ferite e le contraddizioni che ne definiscono l\u2019identit\u00e0.\u00a0Il videoclip \u00e8 stato girato nella Villa dei Mostri di Bagheria, scelta come scenario di un racconto sospeso tra realt\u00e0, simbolo e immaginazione. Un nuovo capitolo del percorso artistico del cantautore siciliano, che affida alla musica il racconto della propria terra, attraversandone il desiderio di riscatto e quel sentimento di appartenenza che continua a resistere anche alla lontananza.<\/p>\n<p>Il titolo richiama il verbo siciliano \u201ccuntari\u201d, raccontare, e racchiude l\u2019urgenza di dare voce a un amore profondo, ma mai idealizzato. Nel brano la Sicilia emerge attraverso i volti, i quartieri e le citt\u00e0 di Palermo e Catania, i racconti dei rais delle isole e il respiro imponente dell\u2019Etna e di Stromboli. Una terra capace di accogliere chi arriva e, al tempo stesso, di costringere troppo spesso i propri figli a partire, senza per\u00f2 recidere il legame di sangue, memoria e tradizione che continua a unirli alle proprie radici.<\/p>\n<p><img decoding=\"async\" src=\"https:\/\/www.europesays.com\/it\/wp-content\/uploads\/2026\/07\/lello-analfino.jpg\" alt=\"lello analfino\" title=\"lello analfino\"\/><\/p>\n<p>&#8220;Questa canzone &#8211; racconta Analfino &#8211; \u00e8 la mia definitiva dichiarazione d\u2019amore alla Sicilia. A quella Sicilia che ho sempre sognato: la Sicilia di chi sa morire ridendo, di chi ogni giorno cerca di raccontare al mondo la bellezza di un\u2019isola che non \u00e8 mai sola, nemmeno nei suoi paradossi e nelle sue contraddizioni&#8221;.\u00a0Diretto da Caterina Sciortino, che firma anche il soggetto, il videoclip traduce il significato di \u201cCuntami\u201d in immagini. All\u2019interno di Villa Palagonia, Donatella Finocchiaro interpreta una figura femminile simile a una dea: bella, rassicurante e, al tempo stesso, perturbante.\u00a0La protagonista diventa cos\u00ec l\u2019immagine di una terra nella quale rifugiarsi e dalla quale, talvolta, si avverte il bisogno di fuggire. Prigioniera della diffidenza, di un legame quasi morboso e di una volont\u00e0 di riscatto che rischia di trasformarsi in rabbia, trova nel canto, nel \u201ccunto\u201d e nella forza della tradizione la possibilit\u00e0 di liberarsi e tornare verso la luce.<\/p>\n<p>&#8220;Che sia una dea o un comune mortale &#8211; spiega ancora Analfino &#8211; soltanto l\u2019arte e la bellezza potranno indicarci la strada che conduce alla luce e all\u2019amore. Il canto e il racconto diventano strumenti di liberazione, capaci di custodire ci\u00f2 che siamo e di restituirci il senso pi\u00f9 autentico della nostra identit\u00e0&#8221;.\u00a0\u201cCuntami\u201d \u00e8 interpretato da Lello Analfino alla voce, con Daniel Bellina alla batteria, Francesco Prestigiacomo alle percussioni, Domenico Cacciatore al basso, Lino Costa alle chitarre, Vincenzo Fontes ai synth e alla programmazione, Nicola Mogavero ai sassofoni, Fabio Piro al trombone, Davide Leone al basso tuba e Samuel Davi alla tromba.\u00a0Gli arrangiamenti e la produzione sono di Francesco Prestigiacomo. La produzione \u00e8 curata da Mcn Studio17 e Zeit Studio, il mastering \u00e8 di Luca Rinaudo e la produzione esecutiva di Azzurra Guglielmino. Nel videoclip, prodotto dalla stessa Guglielmino, Donatella Finocchiaro \u00e8 diretta da Caterina Sciortino, affiancata dagli aiuti regia Lino Costa e Giacomo Sciortino.<\/p>\n","protected":false},"excerpt":{"rendered":"Palermo, Bagheria e Villa Palagonia sono al centro di \u201cCuntami\u201d, il nuovo singolo di Lello Analfino, da oggi&hellip;\n","protected":false},"author":3,"featured_media":610987,"comment_status":"","ping_status":"","sticky":false,"template":"","format":"standard","meta":{"footnotes":"","_share_on_mastodon":"0"},"categories":[1443],"tags":[203,204,1537,90,89,1538,1539,19133],"class_list":["post-610986","post","type-post","status-publish","format-standard","has-post-thumbnail","category-musica","tag-entertainment","tag-intrattenimento","tag-it","tag-italia","tag-italy","tag-music","tag-musica","tag-videoclip"],"share_on_mastodon":{"url":"https:\/\/pubeurope.com\/@it\/117014748219663405","error":""},"_links":{"self":[{"href":"https:\/\/www.europesays.com\/it\/wp-json\/wp\/v2\/posts\/610986","targetHints":{"allow":["GET"]}}],"collection":[{"href":"https:\/\/www.europesays.com\/it\/wp-json\/wp\/v2\/posts"}],"about":[{"href":"https:\/\/www.europesays.com\/it\/wp-json\/wp\/v2\/types\/post"}],"author":[{"embeddable":true,"href":"https:\/\/www.europesays.com\/it\/wp-json\/wp\/v2\/users\/3"}],"replies":[{"embeddable":true,"href":"https:\/\/www.europesays.com\/it\/wp-json\/wp\/v2\/comments?post=610986"}],"version-history":[{"count":0,"href":"https:\/\/www.europesays.com\/it\/wp-json\/wp\/v2\/posts\/610986\/revisions"}],"wp:featuredmedia":[{"embeddable":true,"href":"https:\/\/www.europesays.com\/it\/wp-json\/wp\/v2\/media\/610987"}],"wp:attachment":[{"href":"https:\/\/www.europesays.com\/it\/wp-json\/wp\/v2\/media?parent=610986"}],"wp:term":[{"taxonomy":"category","embeddable":true,"href":"https:\/\/www.europesays.com\/it\/wp-json\/wp\/v2\/categories?post=610986"},{"taxonomy":"post_tag","embeddable":true,"href":"https:\/\/www.europesays.com\/it\/wp-json\/wp\/v2\/tags?post=610986"}],"curies":[{"name":"wp","href":"https:\/\/api.w.org\/{rel}","templated":true}]}}