{"id":611066,"date":"2026-07-31T14:09:12","date_gmt":"2026-07-31T14:09:12","guid":{"rendered":"https:\/\/www.europesays.com\/it\/611066\/"},"modified":"2026-07-31T14:09:12","modified_gmt":"2026-07-31T14:09:12","slug":"dimesso-il-70enne-aggredito-in-piazza-da-un-diciottenne-a-grumo-nevano-dovra-affrontare-la-riabilitazione","status":"publish","type":"post","link":"https:\/\/www.europesays.com\/it\/611066\/","title":{"rendered":"Dimesso il 70enne aggredito in piazza da un diciottenne a Grumo Nevano: dovr\u00e0 affrontare la riabilitazione"},"content":{"rendered":"<p>            Franco Longino \u00e8 fuori pericolo di vita ed \u00e8 stato dimesso dall&#8217;ospedale San Giovanni di Dio di Frattamaggiore. Nella tarda matinata di oggi, il 69enne aggredito lo scorso marted\u00ec sul sagrato della Basilica di San Tammaro, a Grumo Nevano, \u00e8 stato trasportato in barella e caricato su un&#8217;ambulanza del 118. A documentare il momento del rientro \u00e8 stato il deputato Avs Francesco Emilio Borrelli attraverso una diretta pubblicata sui suoi profili social. \u00abSono stati tutti disponibili e ci hanno supportato in questa situazione\u00bb, ha affermato la moglie dell&#8217;uomo ringraziando il personale sanitario.   <img loading=\"lazy\" decoding=\"async\" alt=\"Video\" height=\"180\" src=\"https:\/\/utils.cedsdigital.it\/img\/placeholders\/video.svg\" style=\"max-width:100%;height:auto;display:block;margin:auto;left:0;bottom:0;right:0;top:0;position:absolute\" width=\"340\"\/>            <\/p>\n","protected":false},"excerpt":{"rendered":"Franco Longino \u00e8 fuori pericolo di vita ed \u00e8 stato dimesso dall&#8217;ospedale San Giovanni di Dio di Frattamaggiore.&hellip;\n","protected":false},"author":3,"featured_media":611067,"comment_status":"","ping_status":"","sticky":false,"template":"","format":"standard","meta":{"footnotes":"","_share_on_mastodon":"0"},"categories":[79],"tags":[23660,14,93,94,152116,303756,1537,90,89,248,7,15,11,84,91,12,85,92],"class_list":["post-611066","post","type-post","status-publish","format-standard","has-post-thumbnail","category-italia","tag-avs","tag-cronaca","tag-cronaca-italiana","tag-cronacaitaliana","tag-francesco-borrelli","tag-grumo-nevano","tag-it","tag-italia","tag-italy","tag-napoli","tag-news","tag-notizie","tag-ultime-notizie","tag-ultime-notizie-e-news-di-oggi","tag-ultime-notizie-italia","tag-ultimenotizie","tag-ultimenotizieenewsdioggi","tag-ultimenotizieitalia"],"share_on_mastodon":{"url":"https:\/\/pubeurope.com\/@it\/117014991959740261","error":""},"_links":{"self":[{"href":"https:\/\/www.europesays.com\/it\/wp-json\/wp\/v2\/posts\/611066","targetHints":{"allow":["GET"]}}],"collection":[{"href":"https:\/\/www.europesays.com\/it\/wp-json\/wp\/v2\/posts"}],"about":[{"href":"https:\/\/www.europesays.com\/it\/wp-json\/wp\/v2\/types\/post"}],"author":[{"embeddable":true,"href":"https:\/\/www.europesays.com\/it\/wp-json\/wp\/v2\/users\/3"}],"replies":[{"embeddable":true,"href":"https:\/\/www.europesays.com\/it\/wp-json\/wp\/v2\/comments?post=611066"}],"version-history":[{"count":0,"href":"https:\/\/www.europesays.com\/it\/wp-json\/wp\/v2\/posts\/611066\/revisions"}],"wp:featuredmedia":[{"embeddable":true,"href":"https:\/\/www.europesays.com\/it\/wp-json\/wp\/v2\/media\/611067"}],"wp:attachment":[{"href":"https:\/\/www.europesays.com\/it\/wp-json\/wp\/v2\/media?parent=611066"}],"wp:term":[{"taxonomy":"category","embeddable":true,"href":"https:\/\/www.europesays.com\/it\/wp-json\/wp\/v2\/categories?post=611066"},{"taxonomy":"post_tag","embeddable":true,"href":"https:\/\/www.europesays.com\/it\/wp-json\/wp\/v2\/tags?post=611066"}],"curies":[{"name":"wp","href":"https:\/\/api.w.org\/{rel}","templated":true}]}}