{"id":611096,"date":"2026-07-31T14:37:14","date_gmt":"2026-07-31T14:37:14","guid":{"rendered":"https:\/\/www.europesays.com\/it\/611096\/"},"modified":"2026-07-31T14:37:14","modified_gmt":"2026-07-31T14:37:14","slug":"gargano-incendio-31-luglio-2026-a-vieste-san-marco-in-lamis-e-a-cagnano-varano","status":"publish","type":"post","link":"https:\/\/www.europesays.com\/it\/611096\/","title":{"rendered":"Gargano, incendio 31 luglio 2026: a Vieste, San Marco in Lamis e a Cagnano Varano"},"content":{"rendered":"<p>Poco dopo le 11 di oggi, venerd\u00ec 31 luglio, \u00e8 divampato un incendio nella pineta di Vieste, in zona Carabella-Defensola, sulla montagna alle spalle delle strutture ricettive e di un hotel, non molto distante dal lungomare Europa.\u00a0<\/p>\n<p>undefined<\/p>\n<p>Sconcerto e spavento tra i residenti e i vacanzieri che hanno scelto di trascorrere le vacanze nella perla del Gargano &#8220;Vicino da noi \u00e8 scoppiato il rogo&#8221; ci scrive un turista. \u201cQuando ho visto le fiamme avanzare mi sono preoccupata&#8221;.<\/p>\n<p>undefined<\/p>\n<p>Le fiamme sono visibili dalla costa e da gran parte della citt\u00e0 del faro. Sul posto sono intervenuti per primi i volontari della protezione civile del posto e gli operatori Arif. In un secondo momento, allertata la centrale del 115, il comando provinciale dei vigili del fuoco ha inviato i DOS di Iacotenente e due squadre da Vico del Gargano e Manfredonia.\u00a0<\/p>\n<p>undefined<\/p>\n<p>Per l&#8217;incendio di Vieste sono in corso numerosi lanci d&#8217;acqua da parte di due canadair e due elicotteri. L&#8217;incendio che sta interessando la zona \u00e8 stato appiccato in pi\u00f9 punti.<\/p>\n<p>\u00a0<\/p>\n<p>undefined<\/p>\n<p>L&#8217;altro incendio a Cagnano Varano<\/p>\n<p>Sull&#8217;altro fronte della costa garganica, due canadair stanno effettuando rifornimenti in mare e numerosi lanci d&#8217;acqua per provare a spegnere le fiamme di un incendio divampato in agro di Cagnano Varano riattivatosi nello stesso punto di un precedente rogo, in zona Monte Tudisco. Nelle operazioni di spegnimento sono impegnati anche i DOS e una squadra del 115, entrambi di San Severo.<\/p>\n<p>L&#8217;incendio a San Marco in Lamis<\/p>\n<p>I vigili del fuoco sono impegnati anche nel bosco \u2018La Difesa\u2019, in localit\u00e0 Coppa di Mezzo a San Marco in Lamis, dove un agriturismo lambito dalle fiamme di un incendio partito dalla localit\u00e0 Gallo d&#8217;Oro, \u00e8 stato evacuato (<a href=\"https:\/\/www.foggiatoday.it\/cronaca\/incendio-san-marco-in-lamis-agriturismo-evacuato.html\" rel=\"nofollow noopener\" target=\"_blank\">leggi la notizia<\/a>).<\/p>\n","protected":false},"excerpt":{"rendered":"Poco dopo le 11 di oggi, venerd\u00ec 31 luglio, \u00e8 divampato un incendio nella pineta di Vieste, in&hellip;\n","protected":false},"author":3,"featured_media":611097,"comment_status":"","ping_status":"","sticky":false,"template":"","format":"standard","meta":{"footnotes":"","_share_on_mastodon":"0"},"categories":[6],"tags":[336816,14,8,3411,1537,90,89,7,15,82,9,83,10,13,11,80,84,12,81,85,53512],"class_list":["post-611096","post","type-post","status-publish","format-standard","has-post-thumbnail","category-ultime-notizie","tag-31-luglio-2026","tag-cronaca","tag-headlines","tag-incendio","tag-it","tag-italia","tag-italy","tag-news","tag-notizie","tag-notizie-di-cronaca","tag-notizie-principali","tag-notiziedicronaca","tag-notizieprincipali","tag-titoli","tag-ultime-notizie","tag-ultime-notizie-di-cronaca","tag-ultime-notizie-e-news-di-oggi","tag-ultimenotizie","tag-ultimenotiziedicronaca","tag-ultimenotizieenewsdioggi","tag-vieste"],"share_on_mastodon":{"url":"https:\/\/pubeurope.com\/@it\/117015101147741644","error":""},"_links":{"self":[{"href":"https:\/\/www.europesays.com\/it\/wp-json\/wp\/v2\/posts\/611096","targetHints":{"allow":["GET"]}}],"collection":[{"href":"https:\/\/www.europesays.com\/it\/wp-json\/wp\/v2\/posts"}],"about":[{"href":"https:\/\/www.europesays.com\/it\/wp-json\/wp\/v2\/types\/post"}],"author":[{"embeddable":true,"href":"https:\/\/www.europesays.com\/it\/wp-json\/wp\/v2\/users\/3"}],"replies":[{"embeddable":true,"href":"https:\/\/www.europesays.com\/it\/wp-json\/wp\/v2\/comments?post=611096"}],"version-history":[{"count":0,"href":"https:\/\/www.europesays.com\/it\/wp-json\/wp\/v2\/posts\/611096\/revisions"}],"wp:featuredmedia":[{"embeddable":true,"href":"https:\/\/www.europesays.com\/it\/wp-json\/wp\/v2\/media\/611097"}],"wp:attachment":[{"href":"https:\/\/www.europesays.com\/it\/wp-json\/wp\/v2\/media?parent=611096"}],"wp:term":[{"taxonomy":"category","embeddable":true,"href":"https:\/\/www.europesays.com\/it\/wp-json\/wp\/v2\/categories?post=611096"},{"taxonomy":"post_tag","embeddable":true,"href":"https:\/\/www.europesays.com\/it\/wp-json\/wp\/v2\/tags?post=611096"}],"curies":[{"name":"wp","href":"https:\/\/api.w.org\/{rel}","templated":true}]}}