{"id":611193,"date":"2026-07-31T15:57:13","date_gmt":"2026-07-31T15:57:13","guid":{"rendered":"https:\/\/www.europesays.com\/it\/611193\/"},"modified":"2026-07-31T15:57:13","modified_gmt":"2026-07-31T15:57:13","slug":"da-agosto-il-castello-sforzesco-e-altri-monumenti-aprono-di-sera","status":"publish","type":"post","link":"https:\/\/www.europesays.com\/it\/611193\/","title":{"rendered":"Da agosto, il Castello Sforzesco e altri monumenti aprono di sera"},"content":{"rendered":"<p>Chi ha sempre sognato di visitare il <strong>Colosseo<\/strong> mentre il cielo si tinge di blu, o di alzare lo sguardo verso l\u2019oculo del <strong>Pantheon<\/strong> con le prime stelle sopra la testa, da agosto pu\u00f2 finalmente farlo. Una sperimentazione promossa dal <strong>Ministero della Cultura<\/strong>, dal <strong>Ministero del Turismo<\/strong> e dal <strong>Comune di Milano<\/strong> allunga infatti gli orari di apertura di tre tra i monumenti pi\u00f9 visitati d\u2019Italia, portandoli fino a quattro ore oltre il consueto.<\/p>\n<p>L\u2019iniziativa parte <strong>sabato 1\u00b0 agosto<\/strong> e durer\u00e0 per tutto il mese, coinvolgendo <strong>Roma<\/strong> sul fronte dei siti statali e <strong>Milano<\/strong> su quello dei musei civici. Dietro la scelta c\u2019\u00e8 la volont\u00e0 di <strong>distribuire meglio i flussi turistici<\/strong>, permettendo l\u2019accesso nelle ore pi\u00f9 fresche della giornata e in fasce compatibili con chi lavora.<\/p>\n<p>Non un semplice esperimento di orari, insomma, ma un tentativo di <strong>ripensare il modo in cui si vive la cultura<\/strong> in piena estate, quando le code sotto il sole diventano spesso il ricordo pi\u00f9 vivido di una visita. Ecco cosa cambia, monumento per monumento.\n<\/p>\n<p>Colosseo, Roma<\/p>\n<p>Il <a href=\"https:\/\/siviaggia.it\/notizie\/una-notte-al-colosseo-visite-serali-roma-2026\/595725\/\" rel=\"nofollow noopener\" target=\"_blank\">Colosseo<\/a>, simbolo per eccellenza di Roma, apre le porte la sera nei weekend: <strong>venerd\u00ec e sabato<\/strong> sar\u00e0 possibile entrare <strong>dalle 19:45 fino alle 23:30<\/strong>. Un orario pensato su misura per chi vuole evitare il caldo delle ore centrali e scoprire l\u2019anfiteatro Flavio in una luce completamente diversa, quando le ombre si allungano sulle arcate e l\u2019atmosfera si fa pi\u00f9 raccolta.<\/p>\n<p>Per organizzare la visita, il consiglio \u00e8 di <strong>prenotare con anticipo<\/strong> il biglietto attraverso i canali ufficiali del Parco Archeologico del Colosseo, verificando gli orari aggiornati per il mese di agosto, dato che la sperimentazione riguarda solo i giorni indicati. Chi arriva in questa fascia potr\u00e0 anche godersi con calma il percorso verso l\u2019arena e i livelli superiori, solitamente pi\u00f9 affollati durante il giorno.<\/p>\n<p>Pantheon, Roma<\/p>\n<p>Anche il <a href=\"https:\/\/siviaggia.it\/varie\/dentro-pantheon-ammirare-finestra-cielo-roma\/400590\/\" rel=\"nofollow noopener\" target=\"_blank\">Pantheon<\/a>, uno dei monumenti meglio conservati dell\u2019antichit\u00e0, si apre alle visite notturne: <strong>dalle 19:00 alle 23:00<\/strong>, ogni giorno tranne il gioved\u00ec. Varcare la soglia della basilica quando fuori \u00e8 gi\u00e0 buio regala una prospettiva diversa sull\u2019oculo, l\u2019apertura circolare nella cupola da cui di giorno filtra un fascio di luce netto: di sera, complice l\u2019illuminazione interna, l\u2019atmosfera si fa pi\u00f9 raccolta e silenziosa.<\/p>\n<p>\u00c8 un buon momento anche per osservare con pi\u00f9 calma le tombe illustri custodite all\u2019interno, compresa quella di Raffaello, senza il viavai tipico delle ore centrali.<\/p>\n<blockquote class=\"instagram-media\" data-instgrm-captioned=\"\" data-instgrm-permalink=\"https:\/\/www.instagram.com\/p\/DbVEnThKR2s\/?utm_source=ig_embed&amp;utm_campaign=loading\" data-instgrm-version=\"14\" style=\" background:#FFF; border:0; border-radius:3px; box-shadow:0 0 1px 0 rgba(0,0,0,0.5),0 1px 10px 0 rgba(0,0,0,0.15); margin: 1px; max-width:100%; min-width:326px; padding:0; width:99.375%; width:-webkit-calc(100% - 2px); width:calc(100% - 2px);\"\/>\n<p>Castello Sforzesco, Milano<\/p>\n<p>Infine, a Milano l\u2019iniziativa riguarda il <a href=\"https:\/\/siviaggia.it\/notizie\/castello-sforzesco-scoperti-passaggi-segreti\/512783\/\" rel=\"nofollow noopener\" target=\"_blank\">Castello Sforzesco<\/a>, che rester\u00e0 aperto <strong>ogni giorno fino alle 19:30<\/strong>, due ore in pi\u00f9 rispetto al solito, con orario esteso dalle 17:30. Il maniero visconteo-sforzesco, che nell\u2019ultimo anno ha superato il mezzo milione di ingressi nei suoi musei, permette in questa fascia di visitare alcune delle sue collezioni pi\u00f9 preziose, a partire dalla <strong>Piet\u00e0 Rondanini<\/strong>, l\u2019ultima, incompiuta scultura di Michelangelo custodita proprio all\u2019interno del castello.<\/p>\n<p>Nello stesso periodo \u00e8 visitabile anche la mostra <strong>\u201cPassione e Disegno\u201d<\/strong>, allestita nelle Salette della Grafica, che mette insieme opere di autori lontanissimi tra loro nel tempo, da Leonardo da Vinci all\u2019artista americano Keith Haring.<\/p>\n<p>\t<script async src=\"\/\/www.instagram.com\/embed.js\"><\/script><\/p>\n","protected":false},"excerpt":{"rendered":"Chi ha sempre sognato di visitare il Colosseo mentre il cielo si tinge di blu, o di alzare&hellip;\n","protected":false},"author":3,"featured_media":611194,"comment_status":"","ping_status":"","sticky":false,"template":"","format":"standard","meta":{"footnotes":"","_share_on_mastodon":"0"},"categories":[79],"tags":[20452,14,93,94,1537,90,89,5857,7,15,11,84,91,12,85,92],"class_list":["post-611193","post","type-post","status-publish","format-standard","has-post-thumbnail","category-italia","tag-castelli","tag-cronaca","tag-cronaca-italiana","tag-cronacaitaliana","tag-it","tag-italia","tag-italy","tag-itinerari-culturali","tag-news","tag-notizie","tag-ultime-notizie","tag-ultime-notizie-e-news-di-oggi","tag-ultime-notizie-italia","tag-ultimenotizie","tag-ultimenotizieenewsdioggi","tag-ultimenotizieitalia"],"share_on_mastodon":{"url":"https:\/\/pubeurope.com\/@it\/117015415940338919","error":""},"_links":{"self":[{"href":"https:\/\/www.europesays.com\/it\/wp-json\/wp\/v2\/posts\/611193","targetHints":{"allow":["GET"]}}],"collection":[{"href":"https:\/\/www.europesays.com\/it\/wp-json\/wp\/v2\/posts"}],"about":[{"href":"https:\/\/www.europesays.com\/it\/wp-json\/wp\/v2\/types\/post"}],"author":[{"embeddable":true,"href":"https:\/\/www.europesays.com\/it\/wp-json\/wp\/v2\/users\/3"}],"replies":[{"embeddable":true,"href":"https:\/\/www.europesays.com\/it\/wp-json\/wp\/v2\/comments?post=611193"}],"version-history":[{"count":0,"href":"https:\/\/www.europesays.com\/it\/wp-json\/wp\/v2\/posts\/611193\/revisions"}],"wp:featuredmedia":[{"embeddable":true,"href":"https:\/\/www.europesays.com\/it\/wp-json\/wp\/v2\/media\/611194"}],"wp:attachment":[{"href":"https:\/\/www.europesays.com\/it\/wp-json\/wp\/v2\/media?parent=611193"}],"wp:term":[{"taxonomy":"category","embeddable":true,"href":"https:\/\/www.europesays.com\/it\/wp-json\/wp\/v2\/categories?post=611193"},{"taxonomy":"post_tag","embeddable":true,"href":"https:\/\/www.europesays.com\/it\/wp-json\/wp\/v2\/tags?post=611193"}],"curies":[{"name":"wp","href":"https:\/\/api.w.org\/{rel}","templated":true}]}}