{"id":61134,"date":"2025-08-21T22:29:10","date_gmt":"2025-08-21T22:29:10","guid":{"rendered":"https:\/\/www.europesays.com\/it\/61134\/"},"modified":"2025-08-21T22:29:10","modified_gmt":"2025-08-21T22:29:10","slug":"la-festa-pd-ha-inizio","status":"publish","type":"post","link":"https:\/\/www.europesays.com\/it\/61134\/","title":{"rendered":"la festa PD ha inizio"},"content":{"rendered":"<p><a href=\"http:\/\/www.lapressa.it\/redirect.php?id=136&amp;sito=https:\/\/italpizza.com\/\" target=\"_blank\" rel=\"nofollow noopener\" aria-label=\"Spazio ADV dedicata a Italpizza\"><img decoding=\"async\" loading=\"lazy\" src=\"https:\/\/www.europesays.com\/it\/wp-content\/uploads\/2025\/08\/ITALPIZZA.jpg\" alt=\"Spazio ADV dedicata a Italpizza\"\/><\/a> <a href=\"http:\/\/www.lapressa.it\/redirect.php?id=409&amp;sito=https:\/\/www.mivebo.it\/\" target=\"_blank\" rel=\"nofollow noopener\" aria-label=\"Spazio ADV dedicata a Mivebo\"><img decoding=\"async\" loading=\"lazy\" src=\"https:\/\/www.europesays.com\/it\/wp-content\/uploads\/2025\/08\/s.jpg\" alt=\"Spazio ADV dedicata a Mivebo\"\/><\/a> Davanti ad una platea di 200 persone ed accompagnata dalle percussioni della banda Rulli Frulli, i segretari regionale e provinciale del Partito Democratico Luigi Tosiani e Marika Menozzi hanno aperto, presso lo spazio dedicato al dibattito politico intitolato ad Aude Pacchioni, nel centro del piazzale comunale di via Divisione Acqui, la Festa provinciale dell\u2019Unit\u00e0.<br \/>\u00a0Menozzi ha richiamato con forza il legame tra la Festa dell\u2019Unit\u00e0 e la Resistenza. \u201cOgni volta che ci ritroveremo in questa Agor\u00e0 durante i 22 giorni della festa, sapremo che dietro le parole e i dibattiti ci sono le sue battaglie, la sua tenacia e il suo esempio.\u201d &#8211; riferendosi ad Aude Pacchioni a cui lo spazio di base dei dibattiti politici \u00e8 dedicato. In una edizione della festa che segna anche \u201cgli 80 anni della Festa dell\u2019Unit\u00e0 e, allo stesso tempo, gli 80 anni della Liberazione. La Resistenza ci ha consegnato un Paese libero, una democrazia da coltivare e custodire\u201d.<br \/>\u00a0La segretaria provinciale ha poi dedicato parole di gratitudine, applaudito e fatto applaudire il dimissionario segretario provinciale PD Stefano Reggianini, nell&#8217;ambito dello scandalo Amo di cui era stato Amministratore Unico. <br \/>&#8216;Non possiamo nascondere che la nostra federazione ha vissuto un momento difficile dopo le dimissioni del precedente segretario Stefano Reggianini.  A lui va il mio personale e il nostro collettivo ringraziamento per la responsabilit\u00e0 che ha dimostrato con le sue dimissioni per cercare di mettere in sicurezza il nostro partito, dalle strumentalizzazioni della destra che, come spesso accade, fa la garantista con i suoi e la giustizialista con gli altri&#8217;.<br \/>\u00a0Un riferimento anche al risultato elettorale: \u201cMeno di un anno fa, alle regionali, abbiamo ottenuto il 45% dei voti in questa provincia, grazie a una proposta politica efficace e candidati di valore.\u201d Tuttavia \u2014 ha avvertito \u2014 non bisogna sedersi sugli allori: ci sono ancora territori dove la destra \u00e8 radicata e dove serve ritrovare slancio, radicamento e nuove proposte.<br \/>\u00a0Un passaggio cruciale del discorso ha riguardato il tema della legalit\u00e0. Menozzi ha citato dati allarmanti: \u201cUn dato grave l\u2019arretramento del nostro Paese negli indici dell\u2019anticorruzione. Abbiamo perso pi\u00f9 di due punti percentuali quest\u2019anno, scendendo di dieci posizioni nella classifica internazionale.\u201d Accusa diretta al governo: \u201cHa abolito reati\u2011spia come l\u2019abuso d\u2019ufficio e limita i controlli dell\u2019antimafia \u2013 ad esempio sul Ponte sullo Stretto.\u201d Secondo Menozzi, questa non \u00e8 la strada giusta per garantire legalit\u00e0 e trasparenza nella pubblica amministrazione. Tra le bandiere esposte nell&#8217;area spiccano quelle di Ucraina e Palestina.  \u201cPer l\u2019Ucraina \u2013 ha dichiarato Menozzi \u2013 una pace giusta non pu\u00f2 essere decisa senza l\u2019Ucraina stessa, insieme all\u2019Unione Europea e alla comunit\u00e0 internazionale.\u201d E sul Medio Oriente: \u201cRiconoscere lo Stato di Palestina \u00e8 un principio semplice ma fondamentale cosi come il cessate il fuoco\u201d.<br \/>\u00a0Un affondo anche contro leader come Trump, Putin e Netanyahu: \u201cBloccano la morte e il terrore solo per ridisegnare equilibri globali. L\u2019Europa deve reagire, rialzare la testa, farsi centro economico e solidale per affermare diritti, giustizia sociale e una pace duratura\u201d. Un passaggio del discorso ha esaltato il ruolo dei sindaci e amministratori locali: \u201cSiete la spina dorsale della democrazia italiana,\u201d \u00e8 stato l\u2019elogio. Nonostante tagli ai trasferimenti\u2014\u201coltre 1,8 miliardi in cinque anni\u201d\u2014gli amministratori non arretrano mai, garantendo servizi e risposte concrete ai cittadini.Un pensiero particolare \u00e8 stato rivolto a Egidio Pagani, scomparso in questi giorni, gi\u00e0 sindaco di Fiorano per oltre vent\u2019anni:\u201cA lui va il nostro pi\u00f9 sentito grazie,\u201d ha affermato Menozzi con commozione. Menozzi ha chiuso con un ringraziamento collettivo: ai volontari, a Fabrizio Casarini anch&#8217;egli scomparso \u2014 a cui \u00e8 dedicato uno spazio \u2014 e ai tanti, ma la cui eredit\u00e0 vive nella Festa odierna. \u201cGrazie e avanti: con fiducia, coraggio e passione\u201d.  <br \/>\u00a0Sul palco, <strong>Luigi Tosiani <\/strong>ha sottolineato la disponibilit\u00e0 e l\u2019unit\u00e0 attorno al lavoro della segretaria reggente: \u201cMarika dimostra che si pu\u00f2 dire &#8216;s\u00ec, ci sono&#8217;. Noi ti ringraziamo, siamo a tuo fianco.\u201d Tosiani ha lanciato un richiamo sulla devastante tragedia di Gaza: \u201cLa vergogna di Gaza \u00e8 la vergogna di un crimine ripetuto contro l\u2019umanita&#8217;. Abbiate il coraggio di riconoscere lo Stato di Palestina, chiedere un cessate il fuoco, far diventare gli aiuti umanitari il cuore per salvare vite umane.\u201d &#8211; afferma rivolgendosi idealmente al governo.<br \/>\u00a0Un governo che &#8211; dice- china la testa di fronte ad un paese pi\u00f9 disequale, ad un paese meno giusto, ad un paese che soffre, ad un paese in cui oggi viene ribadito qualcosa che avevamo visto gi\u00e0 negli anni passati, di fronte alla drammatica tragedia della pandemia, ossia l&#8217;idea che per questo governo la sanit\u00e0 pubblica pu\u00f2 essere certamente smantellata, ma quello che non si pu\u00f2 fare \u00e8 schierarsi con chiarezza dalla parte della scienza. Ho trovato aberrante l&#8217;idea di lisciare il pelo ai No Vax sulla Commissione e sulla retromarcia fatta dal Ministro Schillaci. Anche il segretario regionale Tosiani ha concluso il suo intervento ringraziando per il lavoro tutti i volontari che hanno contribuito all&#8217;allestimento della festa.<\/p>\n","protected":false},"excerpt":{"rendered":"Davanti ad una platea di 200 persone ed accompagnata dalle percussioni della banda Rulli Frulli, i segretari regionale&hellip;\n","protected":false},"author":3,"featured_media":61135,"comment_status":"","ping_status":"","sticky":false,"template":"","format":"standard","meta":{"footnotes":""},"categories":[1512],"tags":[239,1537,90,89,240,2189,2188,2187],"class_list":{"0":"post-61134","1":"post","2":"type-post","3":"status-publish","4":"format-standard","5":"has-post-thumbnail","7":"category-vaccini","8":"tag-health","9":"tag-it","10":"tag-italia","11":"tag-italy","12":"tag-salute","13":"tag-vaccine","14":"tag-vaccines","15":"tag-vaccini"},"share_on_mastodon":{"url":"","error":""},"_links":{"self":[{"href":"https:\/\/www.europesays.com\/it\/wp-json\/wp\/v2\/posts\/61134","targetHints":{"allow":["GET"]}}],"collection":[{"href":"https:\/\/www.europesays.com\/it\/wp-json\/wp\/v2\/posts"}],"about":[{"href":"https:\/\/www.europesays.com\/it\/wp-json\/wp\/v2\/types\/post"}],"author":[{"embeddable":true,"href":"https:\/\/www.europesays.com\/it\/wp-json\/wp\/v2\/users\/3"}],"replies":[{"embeddable":true,"href":"https:\/\/www.europesays.com\/it\/wp-json\/wp\/v2\/comments?post=61134"}],"version-history":[{"count":0,"href":"https:\/\/www.europesays.com\/it\/wp-json\/wp\/v2\/posts\/61134\/revisions"}],"wp:featuredmedia":[{"embeddable":true,"href":"https:\/\/www.europesays.com\/it\/wp-json\/wp\/v2\/media\/61135"}],"wp:attachment":[{"href":"https:\/\/www.europesays.com\/it\/wp-json\/wp\/v2\/media?parent=61134"}],"wp:term":[{"taxonomy":"category","embeddable":true,"href":"https:\/\/www.europesays.com\/it\/wp-json\/wp\/v2\/categories?post=61134"},{"taxonomy":"post_tag","embeddable":true,"href":"https:\/\/www.europesays.com\/it\/wp-json\/wp\/v2\/tags?post=61134"}],"curies":[{"name":"wp","href":"https:\/\/api.w.org\/{rel}","templated":true}]}}