{"id":611509,"date":"2026-07-31T20:15:19","date_gmt":"2026-07-31T20:15:19","guid":{"rendered":"https:\/\/www.europesays.com\/it\/611509\/"},"modified":"2026-07-31T20:15:19","modified_gmt":"2026-07-31T20:15:19","slug":"mario-mitaj-e-un-giocatore-del-genoa-genoa-cricket-and-football-club","status":"publish","type":"post","link":"https:\/\/www.europesays.com\/it\/611509\/","title":{"rendered":"Mario Mitaj \u00e8 un giocatore del Genoa &#8211; Genoa Cricket and Football Club"},"content":{"rendered":"<p class=\"wp-block-paragraph\">Genova, 31 luglio 2026 \u2013 Genoa CFC comunica di aver formalizzato con Al-Ittihad l\u2019acquisizione, in prestito con opzione di riscatto, dei diritti sportivi relativi all\u2019esterno <strong>Mario Mitaj<\/strong>. Nato il 6 agosto 2003 e formatosi nelle giovanili dell\u2019Aek Atene, Mitaj, doppio passaporto, ha sostenuto le visite nelle strutture di CDS e vanta un <strong>curriculum di spessore a livello internazionale<\/strong>.<\/p>\n<p class=\"wp-block-paragraph\">Con la <strong>Nazionale albanese<\/strong> ha collezionato 32 presenze prendendo parte, da titolare, al <strong>Campionato Europeo 2024<\/strong>. Con i club di appartenenza, tra cui il Lokomotiv Mosca, vanta 142 presenze nei campionati greco, russo, saudita, oltre che nelle coppe nazionali e continentali. In Arabia Saudita ha vinto il campionato e la Coppa del Re nella stagione sportiva \u201824\/25.<\/p>\n<p>Lo Chief of Football<strong> Diego Lopez<\/strong>: \u201cMario \u00e8 un giocatore che abbina due caratteristiche importanti: la qualit\u00e0 tecnica per la costruzione del gioco e la solidit\u00e0 mentale che non pu\u00f2 mancare al Genoa. Benvenuto, Mario\u201d.<br \/>Il <strong>nuovo giocatore<\/strong> del Genoa: \u201cArrivare in un club come il Genoa e nel campionato di Serie A era un obiettivo. Ho voglia di mettermi all\u2019opera in un contesto che offre grandi motivazioni\u201d.<\/p>\n<p><img loading=\"lazy\" decoding=\"async\" width=\"819\" height=\"1024\" data-id=\"75586\" src=\"https:\/\/www.europesays.com\/it\/wp-content\/uploads\/2026\/07\/PHOTO-2026-07-31-18-50-03-819x1024.jpg\" alt=\"\" class=\"wp-image-75586\"  \/><\/p>\n<p><img loading=\"lazy\" decoding=\"async\" width=\"820\" height=\"1024\" data-id=\"75589\" src=\"https:\/\/www.europesays.com\/it\/wp-content\/uploads\/2026\/07\/DSC_0852-820x1024.jpg\" alt=\"\" class=\"wp-image-75589\"  \/><\/p>\n","protected":false},"excerpt":{"rendered":"Genova, 31 luglio 2026 \u2013 Genoa CFC comunica di aver formalizzato con Al-Ittihad l\u2019acquisizione, in prestito con opzione&hellip;\n","protected":false},"author":3,"featured_media":611510,"comment_status":"","ping_status":"","sticky":false,"template":"","format":"standard","meta":{"footnotes":"","_share_on_mastodon":"0"},"categories":[1452],"tags":[721,1740,6298,310774,1537,90,89,337031,1739,245,244],"class_list":["post-611509","post","type-post","status-publish","format-standard","has-post-thumbnail","category-calcio","tag-calcio","tag-football","tag-genoa","tag-genoacfc","tag-it","tag-italia","tag-italy","tag-mariomitaj","tag-soccer","tag-sport","tag-sports"],"share_on_mastodon":{"url":"https:\/\/pubeurope.com\/@it\/117016431140082684","error":""},"_links":{"self":[{"href":"https:\/\/www.europesays.com\/it\/wp-json\/wp\/v2\/posts\/611509","targetHints":{"allow":["GET"]}}],"collection":[{"href":"https:\/\/www.europesays.com\/it\/wp-json\/wp\/v2\/posts"}],"about":[{"href":"https:\/\/www.europesays.com\/it\/wp-json\/wp\/v2\/types\/post"}],"author":[{"embeddable":true,"href":"https:\/\/www.europesays.com\/it\/wp-json\/wp\/v2\/users\/3"}],"replies":[{"embeddable":true,"href":"https:\/\/www.europesays.com\/it\/wp-json\/wp\/v2\/comments?post=611509"}],"version-history":[{"count":0,"href":"https:\/\/www.europesays.com\/it\/wp-json\/wp\/v2\/posts\/611509\/revisions"}],"wp:featuredmedia":[{"embeddable":true,"href":"https:\/\/www.europesays.com\/it\/wp-json\/wp\/v2\/media\/611510"}],"wp:attachment":[{"href":"https:\/\/www.europesays.com\/it\/wp-json\/wp\/v2\/media?parent=611509"}],"wp:term":[{"taxonomy":"category","embeddable":true,"href":"https:\/\/www.europesays.com\/it\/wp-json\/wp\/v2\/categories?post=611509"},{"taxonomy":"post_tag","embeddable":true,"href":"https:\/\/www.europesays.com\/it\/wp-json\/wp\/v2\/tags?post=611509"}],"curies":[{"name":"wp","href":"https:\/\/api.w.org\/{rel}","templated":true}]}}