{"id":611728,"date":"2026-07-31T23:11:15","date_gmt":"2026-07-31T23:11:15","guid":{"rendered":"https:\/\/www.europesays.com\/it\/611728\/"},"modified":"2026-07-31T23:11:15","modified_gmt":"2026-07-31T23:11:15","slug":"addio-a-don-mazzi-le-reazioni-alla-morte-del-fondatore-di-exodus","status":"publish","type":"post","link":"https:\/\/www.europesays.com\/it\/611728\/","title":{"rendered":"Addio a Don Mazzi, le reazioni alla morte del fondatore di Exodus"},"content":{"rendered":"<p>Il <b>presidente della Repubblica Sergio Mattarella<\/b> ha espresso il suo cordoglio per la morte di Don Antonio Mazzi: &#8220;Sacerdote, educatore, comunicatore che ha speso interamente la sua esistenza al servizio degli ultimi e dei fragili: emarginati, poveri, disabili, tossicodipendenti. Ha reso una testimonianza di impegno sociale e civile, vigoroso e spesso coraggioso, nella formazione dei giovani, nella creazione di ambienti e di occasioni, spesso innovative, di solidariet\u00e0 e di amicizia. Alla sua comunit\u00e0, ai suoi ragazzi esprimo la solidariet\u00e0 e la vicinanza della Repubblica&#8221;. Questo \u00e8 quanto si legge in una nota del Colle.\u00a0<\/p>\n<p>\u00a0<\/p>\n<p><b>Per approfondire:<a data-intcmp=\"skytg24_schede_interlink_text\" href=\"https:\/\/tg24.sky.it\/cronaca\/2026\/07\/31\/don-mazzi-morto\" rel=\"nofollow noopener\" target=\"_blank\">\u00a0Morto a 96 anni don Antonio Mazzi, il prete di Exodus che salvava i ragazzi dalla droga<\/a><\/b><\/p>\n","protected":false},"excerpt":{"rendered":"Il presidente della Repubblica Sergio Mattarella ha espresso il suo cordoglio per la morte di Don Antonio Mazzi:&hellip;\n","protected":false},"author":3,"featured_media":611729,"comment_status":"","ping_status":"","sticky":false,"template":"","format":"standard","meta":{"footnotes":"","_share_on_mastodon":"0"},"categories":[6],"tags":[2922,14,369,8,1537,90,89,28,964,7,15,82,9,83,10,13,11,80,84,12,81,85],"class_list":["post-611728","post","type-post","status-publish","format-standard","has-post-thumbnail","category-ultime-notizie","tag-addii","tag-cronaca","tag-digitall","tag-headlines","tag-it","tag-italia","tag-italy","tag-milano","tag-morte","tag-news","tag-notizie","tag-notizie-di-cronaca","tag-notizie-principali","tag-notiziedicronaca","tag-notizieprincipali","tag-titoli","tag-ultime-notizie","tag-ultime-notizie-di-cronaca","tag-ultime-notizie-e-news-di-oggi","tag-ultimenotizie","tag-ultimenotiziedicronaca","tag-ultimenotizieenewsdioggi"],"share_on_mastodon":{"url":"","error":""},"_links":{"self":[{"href":"https:\/\/www.europesays.com\/it\/wp-json\/wp\/v2\/posts\/611728","targetHints":{"allow":["GET"]}}],"collection":[{"href":"https:\/\/www.europesays.com\/it\/wp-json\/wp\/v2\/posts"}],"about":[{"href":"https:\/\/www.europesays.com\/it\/wp-json\/wp\/v2\/types\/post"}],"author":[{"embeddable":true,"href":"https:\/\/www.europesays.com\/it\/wp-json\/wp\/v2\/users\/3"}],"replies":[{"embeddable":true,"href":"https:\/\/www.europesays.com\/it\/wp-json\/wp\/v2\/comments?post=611728"}],"version-history":[{"count":0,"href":"https:\/\/www.europesays.com\/it\/wp-json\/wp\/v2\/posts\/611728\/revisions"}],"wp:featuredmedia":[{"embeddable":true,"href":"https:\/\/www.europesays.com\/it\/wp-json\/wp\/v2\/media\/611729"}],"wp:attachment":[{"href":"https:\/\/www.europesays.com\/it\/wp-json\/wp\/v2\/media?parent=611728"}],"wp:term":[{"taxonomy":"category","embeddable":true,"href":"https:\/\/www.europesays.com\/it\/wp-json\/wp\/v2\/categories?post=611728"},{"taxonomy":"post_tag","embeddable":true,"href":"https:\/\/www.europesays.com\/it\/wp-json\/wp\/v2\/tags?post=611728"}],"curies":[{"name":"wp","href":"https:\/\/api.w.org\/{rel}","templated":true}]}}