{"id":611762,"date":"2026-07-31T23:47:16","date_gmt":"2026-07-31T23:47:16","guid":{"rendered":"https:\/\/www.europesays.com\/it\/611762\/"},"modified":"2026-07-31T23:47:16","modified_gmt":"2026-07-31T23:47:16","slug":"infortunio-per-roglic-investito-da-unauto-salta-san-sebastian-le-sue-condizioni","status":"publish","type":"post","link":"https:\/\/www.europesays.com\/it\/611762\/","title":{"rendered":"Infortunio per Roglic, investito da un&#8217;auto: salta San Sebastian. Le sue condizioni"},"content":{"rendered":"<p><strong>Primoz Roglic salter\u00e0 la Cl\u00e0sica San Sebasti\u00e0n<\/strong>. Il ciclita sloveno \u00e8 stato<strong> investito da un&#8217;auto<\/strong> nei giorni scorsi riportando problema alla<strong> coscia destra <\/strong>(che presenta un grosso livido). Ad annunciarlo \u00e8 stato lui stesso attraverso un post su Instagram: &#8220;Sono stato investito da un&#8217;auto qualche giorno fa.<strong> Purtroppo non parteciper\u00f2 alla San Sebasti\u00e1n n\u00e9 al Giro di Burgos<\/strong>. Non \u00e8 la situazione ideale, ma \u00e8 la vita, no? <strong>Ora massima concentrazione su La Vuelta: lavoriamo e speriamo che le cose si mettano per il verso giusto!<\/strong>&#8220;.<\/p>\n<p>\t\t\t<a class=\"c-inline-card j-inline-card c-inline-card--with-image\" href=\"https:\/\/sport.sky.it\/ciclismo\/2026\/05\/22\/vuelta-2028-sardegna-tappe-news\" rel=\"follow nofollow noopener\" data-intcmp=\"skysport_articolo_approfondimenti_inline\" target=\"_blank\"><\/p>\n<p>\t\t\t         <img decoding=\"async\" crossorigin=\"anonymous\" alt=\"\"  loading=\"lazy\"  src=\"https:\/\/www.europesays.com\/it\/wp-content\/uploads\/2026\/07\/aru_ANSA_vuelta_2015.jpg\"\/><\/p>\n<p>\n\t\t\t         Approfondimento<br \/>\n\t\t\t         Vuelta 2028, la Sardegna vuole le prime tappe\n\t\t\t      <\/p>\n<p>\t\t\t<\/a><\/p>\n<p>\t\t\tSlitta il debutto assieme a Evenepoel<\/p>\n<p>Nei Paesi Baschi Roglic avrebbe dovuto correre <strong>per la prima volta insieme al compagno di squadra Remco Evenepoel<\/strong>, recentemente classificatosi al secondo posto al Tour de France. Vittima di numerose cadute nel corso della carriera, il 36enne Roglic<strong> si \u00e8 ritirato anche dal Tour de Burgos all&#8217;inizio di agosto<\/strong>. Ora si concentrer\u00e0 su La Vuelta di Spagna, corsa che ha vinto quattro volte e che inizier\u00e0 il 22 agosto a Monaco.\u00a0<\/p>\n","protected":false},"excerpt":{"rendered":"Primoz Roglic salter\u00e0 la Cl\u00e0sica San Sebasti\u00e0n. Il ciclita sloveno \u00e8 stato investito da un&#8217;auto nei giorni scorsi&hellip;\n","protected":false},"author":3,"featured_media":611763,"comment_status":"","ping_status":"","sticky":false,"template":"","format":"standard","meta":{"footnotes":"","_share_on_mastodon":"0"},"categories":[1456],"tags":[1824,1825,1537,90,89,1879,245,244,14374],"class_list":["post-611762","post","type-post","status-publish","format-standard","has-post-thumbnail","category-ciclismo","tag-ciclismo","tag-cycling","tag-it","tag-italia","tag-italy","tag-primoz-roglic","tag-sport","tag-sports","tag-vuelta"],"share_on_mastodon":{"url":"https:\/\/pubeurope.com\/@it\/117017264532882503","error":""},"_links":{"self":[{"href":"https:\/\/www.europesays.com\/it\/wp-json\/wp\/v2\/posts\/611762","targetHints":{"allow":["GET"]}}],"collection":[{"href":"https:\/\/www.europesays.com\/it\/wp-json\/wp\/v2\/posts"}],"about":[{"href":"https:\/\/www.europesays.com\/it\/wp-json\/wp\/v2\/types\/post"}],"author":[{"embeddable":true,"href":"https:\/\/www.europesays.com\/it\/wp-json\/wp\/v2\/users\/3"}],"replies":[{"embeddable":true,"href":"https:\/\/www.europesays.com\/it\/wp-json\/wp\/v2\/comments?post=611762"}],"version-history":[{"count":0,"href":"https:\/\/www.europesays.com\/it\/wp-json\/wp\/v2\/posts\/611762\/revisions"}],"wp:featuredmedia":[{"embeddable":true,"href":"https:\/\/www.europesays.com\/it\/wp-json\/wp\/v2\/media\/611763"}],"wp:attachment":[{"href":"https:\/\/www.europesays.com\/it\/wp-json\/wp\/v2\/media?parent=611762"}],"wp:term":[{"taxonomy":"category","embeddable":true,"href":"https:\/\/www.europesays.com\/it\/wp-json\/wp\/v2\/categories?post=611762"},{"taxonomy":"post_tag","embeddable":true,"href":"https:\/\/www.europesays.com\/it\/wp-json\/wp\/v2\/tags?post=611762"}],"curies":[{"name":"wp","href":"https:\/\/api.w.org\/{rel}","templated":true}]}}