{"id":611794,"date":"2026-08-01T00:20:21","date_gmt":"2026-08-01T00:20:21","guid":{"rendered":"https:\/\/www.europesays.com\/it\/611794\/"},"modified":"2026-08-01T00:20:21","modified_gmt":"2026-08-01T00:20:21","slug":"quattro-nuove-sculture-ambientali-allorto-botanico-unipa-vince-il-piano-per-larte-contemporanea","status":"publish","type":"post","link":"https:\/\/www.europesays.com\/it\/611794\/","title":{"rendered":"Quattro nuove sculture ambientali all\u2019Orto Botanico, Unipa vince il Piano per l\u2019arte contemporanea"},"content":{"rendered":"<p>Quattro sculture ambientali all\u2019Orto Botanico che richiameranno, nei sostegni in bronzo, le ramificazioni complesse delle piante. Quattro opere d&#8217;arte da vivere, dove sedersi, sostare, respirare. \u00c8 il progetto di Francesco Simeti con cui Unipa Heritage, il Sistema museale dell\u2019universit\u00e0 di Palermo, si \u00e8 classificata al primo posto nella sezione dedicata all\u2019acquisizione di nuove opere del Pac2026 &#8211; Piano per l\u2019arte contemporanea, l\u2019avviso pubblico della direzione generale creativit\u00e0 contemporanea, nell\u2019ambito del dipartimento per le attivit\u00e0 culturali del ministero della Cultura.\u00a0<\/p>\n<p>Per il Sistema museale si tratta del terzo Pac vinto nel corso degli ultimi anni, dopo quello del 2021 e quello del 2025. \u201cSiamo particolarmente felici di questo risultato &#8211; dichiara il presidente di Unipa Heritage Michelangelo Gruttadauria &#8211; \u00e8 un progetto fortemente voluto ed essere primi classificati \u00e8 un riconoscimento del suo valore ma anche della visione e del solido impegno di questa governance nel far coesistere botanica e arte contemporanea\u201d.\u00a0<\/p>\n<p>\u201cCon questo progetto &#8211; interviene il direttore Rosario Schicchi &#8211; Francesco Simeti propone una visione capace di offrire una nuova interpretazione dell\u2019identit\u00e0 dell\u2019Orto Botanico, invitando il pubblico a viverlo non soltanto come un luogo di straordinaria biodiversit\u00e0, ma anche come uno spazio di incontro, riflessione e partecipazione, contribuendo al dialogo tra arte contemporanea, ricerca scientifica, fruizione e divulgazione\u201d.\u00a0<\/p>\n<p><img decoding=\"async\" src=\"https:\/\/www.europesays.com\/it\/wp-content\/uploads\/2026\/08\/after-nature-di-francesco-simeti.jpg\" alt=\"After Nature di Francesco Simeti\" title=\"After Nature di Francesco Simeti\"\/><\/p>\n<p>Il progetto \u201cAfter Nature. (re-enchanting). Un poema degli elementi\u201d di Francesco Simeti, a cura di Maria Chiara Di Trapani e la collaborazione di Laura Barreca, prevede la realizzazione di quattro sculture permanenti concepite come installazioni ambientali diffuse per l\u2019Orto Botanico di Palermo. Ogni scultura si presenta con due elementi in bronzo, veri \u201cconnettori\u201d assemblabili, basamenti per le sedute in legno. I sostegni in bronzo di ogni scultura sviluppano un linguaggio fitomorfo fatto di linee in movimento e ramificazioni che evocano i processi vitali delle piante &#8211; crescita, adattamento, metamorfosi &#8211; tradotti dal linguaggio visivo dell\u2019artista in forme ibride, in equilibrio tra funzione e contemplazione.\u00a0<\/p>\n<p>Francesco Simeti da oltre trent\u2019anni indaga il rapporto tra natura, costruzione culturale e trasformazione del paesaggio, sempre mantenendo un doppio livello di lettura: se a prima vista le sculture appaiono armoniche e integrate nel contesto dell\u2019Orto Botanico, un\u2019attenzione pi\u00f9 mirata ne rivela la complessit\u00e0 formale e l\u2019ambiguit\u00e0 tra organismo naturale, costruzione artificiale e ornamento. La possibilit\u00e0 di sedersi e sostare sulle opere \u00e8 un elemento essenziale dell\u2019esperienza. Ogni scultura \u00e8 un implicito invito a rallentare, passando cos\u00ec da uno stato di distrazione all\u2019entrare in una consapevole relazione con l\u2019universo vegetale circostante.\u00a0<\/p>\n<p>Il progetto sar\u00e0 promosso con una campagna di disseminazione pubblica, laboratori didattici, un convegno internazionale e una mostra presso l\u2019Orto Botanico e si concluder\u00e0 nel mese di luglio del prossimo anno. Questo \u00e8 il terzo PAC vinto dal Sistema museale di Ateneo, dopo quello dello scorso anno PAC2025 \u201cCelibi. Storia di una migrazione botanica\u201d di Donata Lazzarini a cura di Maria Rosa Sossai e il Pac2021 \u201cDiorami. Meraviglie botaniche in 8 atti\u201d di Francesca Berardi e Alessandro Sala, a cura di Maria Chiara Di Trapani.<\/p>\n","protected":false},"excerpt":{"rendered":"Quattro sculture ambientali all\u2019Orto Botanico che richiameranno, nei sostegni in bronzo, le ramificazioni complesse delle piante. Quattro opere&hellip;\n","protected":false},"author":3,"featured_media":611795,"comment_status":"","ping_status":"","sticky":false,"template":"","format":"standard","meta":{"footnotes":"","_share_on_mastodon":"0"},"categories":[1446],"tags":[1615,1613,1614,1611,1610,1612,203,204,1537,90,89,13736,4316],"class_list":["post-611794","post","type-post","status-publish","format-standard","has-post-thumbnail","category-arte-e-design","tag-arte","tag-arte-e-design","tag-arteedesign","tag-arts","tag-arts-and-design","tag-design","tag-entertainment","tag-intrattenimento","tag-it","tag-italia","tag-italy","tag-premi","tag-universita"],"share_on_mastodon":{"url":"https:\/\/pubeurope.com\/@it\/117017394407006807","error":""},"_links":{"self":[{"href":"https:\/\/www.europesays.com\/it\/wp-json\/wp\/v2\/posts\/611794","targetHints":{"allow":["GET"]}}],"collection":[{"href":"https:\/\/www.europesays.com\/it\/wp-json\/wp\/v2\/posts"}],"about":[{"href":"https:\/\/www.europesays.com\/it\/wp-json\/wp\/v2\/types\/post"}],"author":[{"embeddable":true,"href":"https:\/\/www.europesays.com\/it\/wp-json\/wp\/v2\/users\/3"}],"replies":[{"embeddable":true,"href":"https:\/\/www.europesays.com\/it\/wp-json\/wp\/v2\/comments?post=611794"}],"version-history":[{"count":0,"href":"https:\/\/www.europesays.com\/it\/wp-json\/wp\/v2\/posts\/611794\/revisions"}],"wp:featuredmedia":[{"embeddable":true,"href":"https:\/\/www.europesays.com\/it\/wp-json\/wp\/v2\/media\/611795"}],"wp:attachment":[{"href":"https:\/\/www.europesays.com\/it\/wp-json\/wp\/v2\/media?parent=611794"}],"wp:term":[{"taxonomy":"category","embeddable":true,"href":"https:\/\/www.europesays.com\/it\/wp-json\/wp\/v2\/categories?post=611794"},{"taxonomy":"post_tag","embeddable":true,"href":"https:\/\/www.europesays.com\/it\/wp-json\/wp\/v2\/tags?post=611794"}],"curies":[{"name":"wp","href":"https:\/\/api.w.org\/{rel}","templated":true}]}}