{"id":612150,"date":"2026-08-01T06:47:18","date_gmt":"2026-08-01T06:47:18","guid":{"rendered":"https:\/\/www.europesays.com\/it\/612150\/"},"modified":"2026-08-01T06:47:18","modified_gmt":"2026-08-01T06:47:18","slug":"vampate-aumentano-con-il-caldo-in-estate-skincare-e-trattamenti-che-abbassano-temperatura-delle-donne-in-perimenopausa-consigliati-dallesperta","status":"publish","type":"post","link":"https:\/\/www.europesays.com\/it\/612150\/","title":{"rendered":"Vampate, aumentano con il caldo in estate: skincare e trattamenti che abbassano temperatura delle donne in perimenopausa consigliati dall&#8217;esperta"},"content":{"rendered":"<p>In generale le statistiche cliniche, come quelle della North American Menopause Society, mostrano che <strong>tra il 75% e l&#8217;80% delle donne in perimenopausa soffre di sintomi vasomotori, le classiche vampate.<\/strong> Quando arriva il caldo estivo, questa enorme fetta di donne si trova quindi costretta a <strong>dover gestire un doppio calore:<\/strong> quello interno causato dagli sbalzi degli estrogeni e quello ambientale. Che magari una skincare mirata pu\u00f2 alleviare.<\/p>\n<p>Vampate in estate, la skincare giusta<\/p>\n<p>\u00abLe vampate sono tra i sintomi pi\u00f9 frequenti della perimenopausa e, <strong>durante l\u2019estate, possono risultare ancora pi\u00f9 intense<\/strong> perch\u00e9 il calore ambientale si somma a un sistema di termoregolazione alterato dalle oscillazioni ormonali. Non esiste un cosmetico in grado di impedirne la comparsa, ma <strong>una skincare mirata pu\u00f2 contribuire a ridurre la sensazione di calore,<\/strong> rossore e disagio che spesso le accompagna\u00bb, afferma la Dottoressa Ilaria Proietti, dermatologa.<\/p>\n<p>\u00abIn estate consiglio <strong>texture leggere, come gel e sieri<\/strong>, con ingredienti lenitivi e riparatori della barriera cutanea, tra cui <strong>niacinamide, pantenolo, ectoina e acqua termale.<\/strong> Anche piccoli gesti possono fare la differenza: detergere il <a href=\"https:\/\/www.vanityfair.it\/topic\/viso\" isautogenerated=\"true\" rel=\"nofollow noopener\" target=\"_blank\">viso<\/a> con acqua fresca, evitare prodotti contenenti alcol o profumazioni intense e utilizzare <strong>spray viso o<\/strong>\u00a0<strong>acqua mist<\/strong>, preferibilmente conservati in frigorifero, per ottenere un immediato effetto rinfrescante senza alterare il film idrolipidico\u00bb.<\/p>\n<p>Infine, <strong><a href=\"https:\/\/www.vanityfair.it\/gallery\/protezioni-solari-viso-corpo\" rel=\"nofollow noopener\" target=\"_blank\">la protezione solare<\/a> rimane un alleato imprescindibile<\/strong>: \u00abDurante la perimenopausa la pelle \u00e8 pi\u00f9 sensibile agli stimoli esterni, tende a infiammarsi pi\u00f9 facilmente ed \u00e8 maggiormente predisposta alle macchie. Proteggerla ogni giorno significa non solo prevenire il foto invecchiamento, ma anche limitare uno dei fattori che possono accentuare rossore e discomfort\u00bb.<\/p>\n<p>Vampate in estate, trattamenti consigliati<\/p>\n<p>Ma per chi suda in maniera eccessiva, esiste qualche trattamento che possa rimediare? \u00abS\u00ec, esistono <a href=\"https:\/\/www.vanityfair.it\/topic\/trattamenti\" isautogenerated=\"true\" rel=\"nofollow noopener\" target=\"_blank\">trattamenti<\/a> <strong>topici specifici a base di principi attivi che riducono la produzione di sudore<\/strong> e possono essere prescritti dal dermatologo nelle situazioni pi\u00f9 fastidiose, migliorando il comfort quotidiano senza ricorrere a terapie sistemiche. Nei casi in cui il rossore e la sudorazione del volto siano particolarmente marcati, <strong>\u00e8 possibile ricorrere anche a trattamenti ambulatoriali come il\u00a0micro-Botox.<\/strong> Attraverso microiniezioni molto superficiali di tossina botulinica si riduce temporaneamente l\u2019attivit\u00e0 delle ghiandole sudoripare e la vasodilatazione superficiale, con un <strong>effetto di <a href=\"https:\/\/www.vanityfair.it\/topic\/pelle\" isautogenerated=\"true\" rel=\"nofollow noopener\" target=\"_blank\">pelle<\/a> pi\u00f9 asciutta, meno arrossata e visibilmente pi\u00f9 uniforme<\/strong>. \u00c8 una procedura rapida, eseguita in ambulatorio, che pu\u00f2 rappresentare un valido aiuto proprio nei mesi estivi per pazienti selezionati\u00bb, sottolinea l&#8217;esperta.<\/p>\n","protected":false},"excerpt":{"rendered":"In generale le statistiche cliniche, come quelle della North American Menopause Society, mostrano che tra il 75% e&hellip;\n","protected":false},"author":3,"featured_media":612151,"comment_status":"","ping_status":"","sticky":false,"template":"","format":"standard","meta":{"footnotes":"","_share_on_mastodon":"0"},"categories":[175],"tags":[10721,1533,239,1537,90,89,240,24289],"class_list":["post-612150","post","type-post","status-publish","format-standard","has-post-thumbnail","category-salute","tag-bellezza","tag-estate","tag-health","tag-it","tag-italia","tag-italy","tag-salute","tag-viso"],"share_on_mastodon":{"url":"https:\/\/pubeurope.com\/@it\/117018915513450009","error":""},"_links":{"self":[{"href":"https:\/\/www.europesays.com\/it\/wp-json\/wp\/v2\/posts\/612150","targetHints":{"allow":["GET"]}}],"collection":[{"href":"https:\/\/www.europesays.com\/it\/wp-json\/wp\/v2\/posts"}],"about":[{"href":"https:\/\/www.europesays.com\/it\/wp-json\/wp\/v2\/types\/post"}],"author":[{"embeddable":true,"href":"https:\/\/www.europesays.com\/it\/wp-json\/wp\/v2\/users\/3"}],"replies":[{"embeddable":true,"href":"https:\/\/www.europesays.com\/it\/wp-json\/wp\/v2\/comments?post=612150"}],"version-history":[{"count":0,"href":"https:\/\/www.europesays.com\/it\/wp-json\/wp\/v2\/posts\/612150\/revisions"}],"wp:featuredmedia":[{"embeddable":true,"href":"https:\/\/www.europesays.com\/it\/wp-json\/wp\/v2\/media\/612151"}],"wp:attachment":[{"href":"https:\/\/www.europesays.com\/it\/wp-json\/wp\/v2\/media?parent=612150"}],"wp:term":[{"taxonomy":"category","embeddable":true,"href":"https:\/\/www.europesays.com\/it\/wp-json\/wp\/v2\/categories?post=612150"},{"taxonomy":"post_tag","embeddable":true,"href":"https:\/\/www.europesays.com\/it\/wp-json\/wp\/v2\/tags?post=612150"}],"curies":[{"name":"wp","href":"https:\/\/api.w.org\/{rel}","templated":true}]}}