{"id":612154,"date":"2026-08-01T06:49:15","date_gmt":"2026-08-01T06:49:15","guid":{"rendered":"https:\/\/www.europesays.com\/it\/612154\/"},"modified":"2026-08-01T06:49:15","modified_gmt":"2026-08-01T06:49:15","slug":"mercedes-maybach-classe-s-prova-prezzo-interni-motore","status":"publish","type":"post","link":"https:\/\/www.europesays.com\/it\/612154\/","title":{"rendered":"Mercedes-Maybach Classe S: prova, prezzo, interni, motore"},"content":{"rendered":"<p>Con un vero prodotto di lusso, il punto raramente \u00e8 il \u201cdi pi\u00f9\u201d. Pi\u00f9 dotazioni, pi\u00f9 pelle e pi\u00f9 velocit\u00e0 contano poco per l\u2019acquirente di una limousine da un quarto di milione di dollari, con motore <strong>V12 biturbo<\/strong> e un\u2019impostazione da suite su ruote. Il \u201cdi pi\u00f9\u201d c\u2019\u00e8 gi\u00e0: ma conta come ti sta addosso.<\/p>\n<p><strong>Maybach<\/strong> \u00e8 un marchio del vero eccesso. Fa sempre il massimo. Che si tratti della verniciatura bicolore, degli interni bianchi lucidissimi o semplicemente del logo stampato su ogni superficie possibile, qui non c\u2019\u00e8 alcuna timidezza nell\u2019idea di esagerazione. Ed \u00e8 qualcosa che, in fondo, si pu\u00f2 anche ammirare.<\/p>\n<p>La nuova <strong>Maybach Classe S 2027<\/strong> spinge ancora oltre in questa direzione, mantenendo vivo il <strong>V12<\/strong> e conservando molte delle caratteristiche del modello precedente. Non \u00e8 necessariamente \u201cdi pi\u00f9\u201d rispetto a prima, ma ha pi\u00f9 fascino Maybach che mai.<\/p>\n<p>Ancora pi\u00f9 opulenta<\/p>\n<p>Molto di ci\u00f2 che offre la <a href=\"https:\/\/it.motor1.com\/mercedes-benz\/s600\/\" data-inline-widget=\"internal-links\" data-type-id=\"1\" data-params=\"%7B%22make_alias%22%3A%22mercedes-benz%22%2C%22alias%22%3A%22s600%22%7D\" rel=\"nofollow noopener\" target=\"_blank\">Maybach Classe S <\/a>oscilla tra il <strong>discreto e l\u2019assolutamente esagerato<\/strong>. Dal punto di vista estetico, un leggero restyling porta fari e fanali posteriori al pi\u00f9 moderno linguaggio stilistico Mercedes-chic. L\u2019aggiornamento pi\u00f9 evidente \u00e8 il motivo <strong>Maybach nelle prese d\u2019aria ai lati della griglia<\/strong> principale: per alcuni potr\u00e0 risultare terribilmente pacchiano, io invece tendo ad apprezzare l\u2019audacia stessa della scelta.<\/p>\n<p>        <img decoding=\"async\" src=\"https:\/\/www.europesays.com\/it\/wp-content\/uploads\/2025\/07\/16x9-tr.png\" alt=\"Mercedes-Maybach S 680 2027\" width=\"16\" height=\"9\" loading=\"lazy\"\/><\/p>\n<p>Mercedes-Maybach S 680 2027 &#8211;\u00a0Molto di ci\u00f2 che offre la Maybach Classe S oscilla tra il discreto e l\u2019assolutamente esagerato<\/p>\n<p>Foto di: Chris Rosales \/ Motor1<\/p>\n<p>All\u2019interno, gran parte dell\u2019abitacolo della Classe S resta invariata, eccezion fatta per il nuovo sistema MBUX. <strong>Tre schermi<\/strong> occupano una superficie in vetro dall\u2019aspetto uniforme: un quadro strumenti da <strong>12,3 pollici<\/strong> con capacit\u00e0 3D, uno schermo centrale da <strong>14,4 pollici<\/strong> e un display passeggero da <strong>12,3 pollici<\/strong>. <strong>Dietro<\/strong>, i passeggeri dispongono di due schermi da <strong>13,1 pollici<\/strong> con l\u2019ultima evoluzione del sistema Mercedes, comprensiva di gaming, navigazione web e streaming per ciascun occupante.<\/p>\n<p>        <img decoding=\"async\" src=\"https:\/\/www.europesays.com\/it\/wp-content\/uploads\/2025\/07\/16x9-tr.png\" alt=\"Mercedes-Maybach S 680 2027\" width=\"16\" height=\"9\" loading=\"lazy\"\/><\/p>\n<p>Mercedes-Maybach S 680 2027 &#8211;\u00a0All\u2019interno, gran parte dell\u2019abitacolo della Classe S resta invariata, eccezion fatta per il nuovo sistema infotainment<\/p>\n<p>Foto Di: Chris Rosales \/ Motor1<\/p>\n<p>        <img decoding=\"async\" src=\"https:\/\/www.europesays.com\/it\/wp-content\/uploads\/2025\/07\/16x9-tr.png\" alt=\"Mercedes-Maybach S 680 2027\" width=\"16\" height=\"9\" loading=\"lazy\"\/><\/p>\n<p>Mercedes-Maybach S 680 2027 &#8211; I\u00a0passeggeri dispongono di due schermi da 13,1 pollici con l\u2019ultima evoluzione del sistema Mercedes<\/p>\n<p>Foto di: Chris Rosales \/ Motor1<\/p>\n<p>Nuova tecnologia e un pizzico di cattiveria<\/p>\n<p>La <strong>nuova tecnologia<\/strong>\u00a0(MB.OS) \u00e8 raffinata, molto pi\u00f9 delle precedenti versioni di MBUX. L\u2019avevo gi\u00e0 provata sulla <a href=\"https:\/\/it.motor1.com\/mercedes-benz\/vle\/\" data-inline-widget=\"internal-links\" data-type-id=\"1\" data-params=\"%7B%22make_alias%22%3A%22mercedes-benz%22%2C%22alias%22%3A%22vle%22%7D\" rel=\"nofollow noopener\" target=\"_blank\">Mercedes VLE<\/a>, quindi qui non c\u2019\u00e8 molto altro da aggiungere, ma \u00e8 bene chiarire che si tratta di un enorme passo avanti rispetto al vecchio sistema, soprattutto per i comandi fisici al volante dedicati a volume e cruise control. L\u2019impianto stereo Burmester, con <strong>31 altoparlanti<\/strong> e <strong>1.690 W<\/strong>, offre semplicemente la migliore esperienza audio che io abbia mai ascoltato in un\u2019auto.<\/p>\n<p>        <img decoding=\"async\" src=\"https:\/\/www.europesays.com\/it\/wp-content\/uploads\/2025\/07\/16x9-tr.png\" alt=\"Mercedes-Maybach S 680 2027\" width=\"16\" height=\"9\" loading=\"lazy\"\/><\/p>\n<p>Mercedes-Maybach S 680 2027 &#8211;\u00a0\u00a0La\u00a0S680 incute rispetto allo stato puro<\/p>\n<p>Foto di: Chris Rosales \/ Motor1<\/p>\n<p>L\u2019esemplare in prova si pu\u00f2 definire al meglio come minaccioso. Totalmente nero, con cerchi AMG monoblock lucidati. La\u00a0<strong>S680<\/strong> incute rispetto allo stato puro. Durante il servizio fotografico mi sono imbattuto in un amico che mi ha detto di essersi sentito \u201cdavvero intimidito\u201d vedendo la Classe S arrivargli accanto. Ed \u00e8 proprio questo il \u201cdi pi\u00f9\u201d di cui parlo: il <strong>prestigio assoluto<\/strong> e la forza che la Maybach riesce a proiettare.<\/p>\n<p>Tutto Personalizzabile<\/p>\n<p>Naturalmente si pu\u00f2 <strong>configurare la propria Maybach<\/strong> come si preferisce. Accanto alle tradizionali opzioni esclusive, chiamate <strong>Manufaktur<\/strong>, ora c\u2019\u00e8 anche un programma denominato <strong>Made to Measure\u00a0<\/strong>che consente un livello di personalizzazione ancora pi\u00f9 elevato. Le tinte per esterni e interni disponibili sono ormai centinaia, il che significa che praticamente ogni Maybach potr\u00e0 essere <strong>un esemplare unico<\/strong> per il suo proprietario.<\/p>\n<p>\u00a0<br \/>\nL\u2019eccellenza del V12<\/p>\n<p>In ogni caso, la S680 si <strong>guida in modo eccellente<\/strong>, con solo qualche piccola sbavatura nell\u2019esperienza complessiva. Il gi\u00e0 citato impianto <strong>Burmester<\/strong>, combinato con un livello di rumore percepito incredibilmente basso, regala un\u2019esperienza quasi cinematografica. Ho ascoltato migliaia di volte Random Access Memories dei Daft Punk come album di riferimento e con questo impianto sono riuscito a cogliere dettagli nuovi. Da solo, \u00e8 un elemento straordinario e sorprendente.<\/p>\n<p>        <img decoding=\"async\" src=\"https:\/\/www.europesays.com\/it\/wp-content\/uploads\/2025\/07\/16x9-tr.png\" alt=\"Mercedes-Maybach S 680 2027\" width=\"16\" height=\"9\" loading=\"lazy\"\/><\/p>\n<p>Mercedes-Maybach S 680 2027 &#8211; Quando il V12 intona la sua voce sorprendentemente musicale sa essere anche molto veloce<\/p>\n<p>Foto Di: Chris Rosales \/ Motor1<\/p>\n<p>        <img decoding=\"async\" src=\"https:\/\/www.europesays.com\/it\/wp-content\/uploads\/2025\/07\/16x9-tr.png\" alt=\"Mercedes-Maybach S 680 2027\" width=\"16\" height=\"9\" loading=\"lazy\"\/><\/p>\n<p>Mercedes-Maybach S 680 2027 &#8211;\u00a0I posti dietro sono davvero sontuosi e comodi<\/p>\n<p>Foto Di: Chris Rosales \/ Motor1<\/p>\n<p>La grande Maybach ha uno <strong>sterzo gradevole<\/strong> e una buona agilit\u00e0, e quando il <strong>V12<\/strong> intona la sua voce sorprendentemente musicale sa essere anche molto veloce. Anche se d\u00e0 il meglio di s\u00e9 in autostrada e, soprattutto, sui sedili posteriori.<\/p>\n<p>I posti dietro sono davvero sontuosi e comodi. Ci sono flute da champagne Maybach in metallo, funzione massaggio, ventilazione e riscaldamento dei sedili. Pur non arrivando a una posizione completamente distesa, lo <strong>schienale si reclina parecchio<\/strong>, e il passeggero posteriore lato destro pu\u00f2 distendere completamente le gambe ripiegando in avanti il sedile anteriore. Lo spazio complessivo \u00e8 buono, anche se non raggiunge quello di un SUV come il GLS. In compenso, qui c\u2019\u00e8 molto pi\u00f9 stile.<\/p>\n<p>Ma ha anche dei difetti<\/p>\n<p>L\u2019unico vero difetto \u00e8 un <strong>assorbimento un po\u2019 brusco<\/strong> sulle asperit\u00e0 pi\u00f9 marcate. Crepe nell\u2019asfalto, dossi pi\u00f9 pronunciati e pav\u00e9 sconnesso si traducono in <strong>colpi secchi e rimbombanti<\/strong> nell\u2019abitacolo, un comportamento poco coerente con il resto dell\u2019esperienza. Forse il punto \u00e8 che la Maybach \u00e8 talmente silenziosa da rendere pi\u00f9 evidenti le imperfezioni, ma resta una piccola nota stonata in un contesto altrimenti serenissimo.<\/p>\n<p>        <img decoding=\"async\" src=\"https:\/\/www.europesays.com\/it\/wp-content\/uploads\/2025\/07\/16x9-tr.png\" alt=\"Mercedes-Maybach S 680 2027\" width=\"16\" height=\"9\" loading=\"lazy\"\/><\/p>\n<p>Mercedes-Maybach S 680 2027 &#8211;\u00a0In ogni caso, la S680 si guida in modo eccellente, con solo qualche piccola sbavatura nell\u2019esperienza complessiva.<\/p>\n<p>Foto di: Chris Rosales \/ Motor1<\/p>\n<p>La qualit\u00e0 di marcia di base (sui grandi avvallamenti e sulle ondulazioni ampie) \u00e8 eccezionale. Nell\u2019abitacolo si <strong>percepisce pochissimo del reale movimento<\/strong> verticale della vettura. Sui lunghi tratti autostradali, al di qua di una <a href=\"https:\/\/it.motor1.com\/rolls-royce\/\" data-inline-widget=\"internal-links\" data-type-id=\"2\" data-params=\"%7B%22alias%22%3A%22rolls-royce%22%7D\" rel=\"nofollow noopener\" target=\"_blank\">Rolls-Royce<\/a>, \u00e8 difficile trovare un\u2019auto pi\u00f9 silenziosa, confortevole e rilassante.<\/p>\n<p>Verdetto: una berlina V12 da autentico &#8220;villain&#8221;<\/p>\n<p>La Classe S con motore <strong>V12<\/strong> continua a resistere, e lo fa con grande dignit\u00e0. Anche se resta riservata a una clientela ultrafacoltosa \u2014 con un prezzo di partenza di <strong>249mila dollari (circa 208mila euro)<\/strong>\u00a0\u2014 \u00e8 confortante sapere che <strong>l\u2019ammiraglia di lusso pi\u00f9 aspirazionale<\/strong> esiste ancora e che c\u2019\u00e8 ancora spazio per una grande cruiser intimidatoria con dodici cilindri. Inoltre, la si pu\u00f2 plasmare secondo qualsiasi immagine si desideri, che non deve per forza essere minacciosa.<\/p>\n<p>        <img decoding=\"async\" src=\"https:\/\/www.europesays.com\/it\/wp-content\/uploads\/2025\/07\/16x9-tr.png\" alt=\"Mercedes-Maybach S 680 2027\" width=\"16\" height=\"9\" loading=\"lazy\"\/><\/p>\n<p>Mercedes-Maybach S 680 2027 &#8211; Resta riservata a una clientela ultrafacoltosa \u2014 con un prezzo di partenza di 249mila dollari (circa 208mila euro)\u00a0<\/p>\n<p>Foto di: Chris Rosales \/ Motor1<\/p>\n<p>Ma ci\u00f2 che la <strong>Maybach Classe S<\/strong> \u00e8, e sar\u00e0 sempre, \u00e8 semplicemente \u201cdi pi\u00f9\u201d. Non \u00e8 soltanto una berlina di soprale righe: \u00e8 <strong>l\u2019espressione ultima di una Mercedes di lusso<\/strong>, con tutto ci\u00f2 che questo comporta. Anche solo per questo motivo, \u00e8 pi\u00f9 facile volerle bene che a quasi qualsiasi altra berlina di quel livello. Sappiate solo questo: se una Maybach Classe S vi si affianca, <strong>un certo timore<\/strong> \u00e8 del tutto comprensibile.<\/p>\n<ul class=\"wpc-list wpc-list--pros\">\n<li class=\"wpc-item\">Tecnologia di ultima generazione<\/li>\n<li class=\"wpc-item\">Impianto audio incredibile<\/li>\n<li class=\"wpc-item\">Eccellente assetto su strada<\/li>\n<\/ul>\n<ul class=\"wpc-list wpc-list--cons\">\n<li class=\"wpc-item\">Pochi comandi fisici<\/li>\n<li class=\"wpc-item\">Al volante si percepiscono un po&#8217; di vibrazioni sullo sconnesso<\/li>\n<\/ul>\n<p>                            <a href=\"http:\/\/it.motor1.com\/photos\/930087\/mercedes-maybach-s-680-2027\/#8560562_mercedes-maybach-s-680-modello-2027\" class=\"msnt-photo-thumb-gallery-main-photo-box\" itemprop=\"image\" itemscope=\"\" itemtype=\"https:\/\/schema.org\/ImageObject\" data-url=\"\/photos\/930087\/mercedes-maybach-s-680-2027\/#8560562_mercedes-maybach-s-680-modello-2027\" data-thumb=\"\" data-caption=\"Mercedes-Maybach S 680 2027\" data-src=\"\" data-sub-html=\"Mercedes-Maybach S 680 2027\" data-entity-id=\"8560562\" data-download-url=\"\" rel=\"nofollow noopener\" target=\"_blank\"><\/p>\n<p>                                    <img decoding=\"async\" src=\"https:\/\/www.europesays.com\/it\/wp-content\/uploads\/2025\/07\/16x9-tr.png\" loading=\"lazy\" alt=\"Mercedes-Maybach S 680 2027\" width=\"16\" height=\"9\"\/><\/p>\n<p>                            <\/a><\/p>\n<p>                                    49                                <\/p>\n<p>\n                                                                                                                    Fonte: Chris Rosales \/ Motor1                                                                    <\/p>\n<p>2027 Mercedes-Maybach Classe S<\/p>\n<p>&#13;<br \/>\n\t\t\t\t\t\t&#13;<br \/>\n\t\t\t\t\t\t\t&#13;<br \/>\n\t\t\t\t\t\t\tMotore&#13;<br \/>\n\t\t\t\t\t\t&#13;<br \/>\n\t\t\t\t\t\tTwin-Turbocharged 6.0-Liter V12&#13;\n\t\t\t\t\t<\/p>\n<p>&#13;<br \/>\n\t\t\t\t\t\t&#13;<br \/>\n\t\t\t\t\t\t\t&#13;<br \/>\n\t\t\t\t\t\t\tPotenza&#13;<br \/>\n\t\t\t\t\t\t&#13;<br \/>\n\t\t\t\t\t\t621 Horsepower \/ 664 Pound-Feet&#13;\n\t\t\t\t\t<\/p>\n<p>&#13;<br \/>\n\t\t\t\t\t\t&#13;<br \/>\n\t\t\t\t\t\t\t&#13;<br \/>\n\t\t\t\t\t\t\tTrasmissione&#13;<br \/>\n\t\t\t\t\t\t&#13;<br \/>\n\t\t\t\t\t\tNine-Speed Automatic&#13;\n\t\t\t\t\t<\/p>\n<p>&#13;<br \/>\n\t\t\t\t\t\t&#13;<br \/>\n\t\t\t\t\t\t\t&#13;<br \/>\n\t\t\t\t\t\t\tTrazione&#13;<br \/>\n\t\t\t\t\t\t&#13;<br \/>\n\t\t\t\t\t\tAll-Wheel Drive&#13;\n\t\t\t\t\t<\/p>\n<p>&#13;<br \/>\n\t\t\t\t\t\t&#13;<br \/>\n\t\t\t\t\t\t\t&#13;<br \/>\n\t\t\t\t\t\t\tAccelerazione 0-60 mph&#13;<br \/>\n\t\t\t\t\t\t&#13;<br \/>\n\t\t\t\t\t\t4.3 Seconds (est.)&#13;\n\t\t\t\t\t<\/p>\n<p>&#13;<br \/>\n\t\t\t\t\t\t&#13;<br \/>\n\t\t\t\t\t\t\t&#13;<br \/>\n\t\t\t\t\t\t\tVelocit\u00e0 Massima&#13;<br \/>\n\t\t\t\t\t\t&#13;<br \/>\n\t\t\t\t\t\t155 Miles Per Hour&#13;\n\t\t\t\t\t<\/p>\n<p>&#13;<br \/>\n\t\t\t\t\t\t&#13;<br \/>\n\t\t\t\t\t\t\t&#13;<br \/>\n\t\t\t\t\t\t\tPeso&#13;<br \/>\n\t\t\t\t\t\t&#13;<br \/>\n\t\t\t\t\t\t5,280 Pounds&#13;\n\t\t\t\t\t<\/p>\n<p>&#13;<br \/>\n\t\t\t\t\t\t&#13;<br \/>\n\t\t\t\t\t\t\t&#13;<br \/>\n\t\t\t\t\t\t\tConsumi&#13;<br \/>\n\t\t\t\t\t\t&#13;<br \/>\n\t\t\t\t\t\t12 City \/ 20 Highway \/ 15 Combined&#13;\n\t\t\t\t\t<\/p>\n<p>&#13;<br \/>\n\t\t\t\t\t\t&#13;<br \/>\n\t\t\t\t\t\t\t&#13;<br \/>\n\t\t\t\t\t\t\tPosti a sedere&#13;<br \/>\n\t\t\t\t\t\t&#13;<br \/>\n\t\t\t\t\t\t4&#13;\n\t\t\t\t\t<\/p>\n<p>&#13;<br \/>\n\t\t\t\t\t\t&#13;<br \/>\n\t\t\t\t\t\t\t&#13;<br \/>\n\t\t\t\t\t\t\tVolume di Carico&#13;<br \/>\n\t\t\t\t\t\t&#13;<br \/>\n\t\t\t\t\t\t12.1 Cubic Feet &#13;\n\t\t\t\t\t<\/p>\n<p>&#13;<br \/>\n\t\t\t\t\t\t&#13;<br \/>\n\t\t\t\t\t\t\t&#13;<br \/>\n\t\t\t\t\t\t\tPrezzo base&#13;<br \/>\n\t\t\t\t\t\t&#13;<br \/>\n\t\t\t\t\t\t$249,000&#13;\n\t\t\t\t\t<\/p>\n<p class=\"comfort-title-large flex gap-spacing-sm-base items-center\">\n<p>\t\tVogliamo la tua opinione!\n\t<\/p>\n<p>Cosa vorresti vedere su Motor1.com?<\/p>\n<p>\t\t<a href=\"https:\/\/it.motor1.com\/survey\/2025\/\" rel=\"nofollow noopener\" target=\"_blank\"><br \/>\n\t\t\tPartecipa al nostro sondaggio di 3 minuti.\t\t<\/a><\/p>\n<p class=\"compact-body-medium\">&#8211; Il team di Motor1.com<\/p>\n","protected":false},"excerpt":{"rendered":"Con un vero prodotto di lusso, il punto raramente \u00e8 il \u201cdi pi\u00f9\u201d. Pi\u00f9 dotazioni, pi\u00f9 pelle e&hellip;\n","protected":false},"author":3,"featured_media":612155,"comment_status":"","ping_status":"","sticky":false,"template":"","format":"standard","meta":{"footnotes":"","_share_on_mastodon":"0"},"categories":[173],"tags":[25419,33800,1537,90,89,179483,30584,195,198,199,197,200,201,194,196],"class_list":["post-612154","post","type-post","status-publish","format-standard","has-post-thumbnail","category-scienza-e-tecnologia","tag-auto-tedesche","tag-berlina-3-volumi","tag-it","tag-italia","tag-italy","tag-mercedes-benz-classe-s","tag-prove-su-strada","tag-science","tag-science-and-technology","tag-scienceandtechnology","tag-scienza","tag-scienza-e-tecnologia","tag-scienzaetecnologia","tag-technology","tag-tecnologia"],"share_on_mastodon":{"url":"https:\/\/pubeurope.com\/@it\/117018924271027237","error":""},"_links":{"self":[{"href":"https:\/\/www.europesays.com\/it\/wp-json\/wp\/v2\/posts\/612154","targetHints":{"allow":["GET"]}}],"collection":[{"href":"https:\/\/www.europesays.com\/it\/wp-json\/wp\/v2\/posts"}],"about":[{"href":"https:\/\/www.europesays.com\/it\/wp-json\/wp\/v2\/types\/post"}],"author":[{"embeddable":true,"href":"https:\/\/www.europesays.com\/it\/wp-json\/wp\/v2\/users\/3"}],"replies":[{"embeddable":true,"href":"https:\/\/www.europesays.com\/it\/wp-json\/wp\/v2\/comments?post=612154"}],"version-history":[{"count":0,"href":"https:\/\/www.europesays.com\/it\/wp-json\/wp\/v2\/posts\/612154\/revisions"}],"wp:featuredmedia":[{"embeddable":true,"href":"https:\/\/www.europesays.com\/it\/wp-json\/wp\/v2\/media\/612155"}],"wp:attachment":[{"href":"https:\/\/www.europesays.com\/it\/wp-json\/wp\/v2\/media?parent=612154"}],"wp:term":[{"taxonomy":"category","embeddable":true,"href":"https:\/\/www.europesays.com\/it\/wp-json\/wp\/v2\/categories?post=612154"},{"taxonomy":"post_tag","embeddable":true,"href":"https:\/\/www.europesays.com\/it\/wp-json\/wp\/v2\/tags?post=612154"}],"curies":[{"name":"wp","href":"https:\/\/api.w.org\/{rel}","templated":true}]}}