{"id":612194,"date":"2026-08-01T07:19:16","date_gmt":"2026-08-01T07:19:16","guid":{"rendered":"https:\/\/www.europesays.com\/it\/612194\/"},"modified":"2026-08-01T07:19:16","modified_gmt":"2026-08-01T07:19:16","slug":"weekend-da-bollino-nero-traffico-intenso-sulle-autostrade-da-palermo-per-catania-e-mazara","status":"publish","type":"post","link":"https:\/\/www.europesays.com\/it\/612194\/","title":{"rendered":"Weekend da bollino nero, traffico intenso sulle autostrade da Palermo per Catania e Mazara"},"content":{"rendered":"<p>Fine settimana da bollino nero anche sulle principali autostrade che collegano Palermo. In occasione del secondo grande weekend di partenze estive, Anas prevede un aumento della circolazione lungo la A19 Palermo-Catania e la A29 Palermo-Mazara del Vallo, entrambe inserite tra gli itinerari turistici maggiormente interessati dall\u2019esodo. La fascia pi\u00f9 critica sar\u00e0 quella della mattina di sabato 1 agosto, classificata con il bollino nero da Viabilit\u00e0 Italia. Traffico sostenuto \u00e8 previsto anche nei pomeriggi di venerd\u00ec 31 luglio, sabato e domenica, contrassegnati dal bollino rosso. In particolare, venerd\u00ec pomeriggio e sabato mattina l\u2019incremento dei veicoli sar\u00e0 legato alle partenze da Palermo e dagli altri grandi centri urbani verso le localit\u00e0 di mare e di villeggiatura. Domenica pomeriggio, invece, i flussi pi\u00f9 consistenti saranno quelli di rientro verso la citt\u00e0<\/p>\n<p>Per fronteggiare l\u2019aumento della circolazione, Anas ha potenziato la presenza del personale lungo la rete e ridotto il numero dei cantieri. Il piano riguarda tutto il territorio nazionale e prevede, fino al 7 settembre, la chiusura o la sospensione di 1.175 cantieri, pari all\u201983 per cento dei 1.414 complessivamente attivi. A livello nazionale, secondo le stime dell\u2019Osservatorio mobilit\u00e0 stradale di Anas, tra venerd\u00ec 31 luglio e domenica 2 agosto sono attesi oltre 26 milioni di spostamenti sulle strade e autostrade gestite dalla societ\u00e0 del gruppo Fs.\u00a0<\/p>\n<p>\u201cLe giornate da bollino nero &#8211; ha dichiarato l\u2019amministratore delegato di Anas, Claudio Andrea Gemme &#8211; rappresentano il momento di massimo afflusso del fine settimana sulle nostre strade e autostrade. Rivolgiamo un invito a tutti i viaggiatori a programmare gli spostamenti con attenzione, verificando le condizioni del traffico, lo stato del veicolo e le previsioni meteo prima della partenza\u201d. Gemme ha inoltre richiamato gli automobilisti al rispetto dei limiti di velocit\u00e0 e delle distanze di sicurezza, invitandoli a evitare distrazioni al volante e a effettuare soste regolari durante i tragitti pi\u00f9 lunghi. Per agevolare gli spostamenti \u00e8 stato disposto anche il divieto di circolazione per i mezzi pesanti: venerd\u00ec 31 luglio dalle 16 alle 22, sabato 1 agosto dalle 8 alle 22 e domenica 2 agosto dalle 7 alle 22. \u00a0<\/p>\n<p>I consigli per affrontare il viaggio in sicurezza\u00a0<\/p>\n<p>Prima di mettersi in viaggio, Anas raccomanda di controllare le condizioni del veicolo, verificando in particolare la pressione degli pneumatici, l\u2019efficienza delle luci e i livelli di olio e acqua. \u00c8 inoltre opportuno consultare le previsioni meteo e la situazione del traffico, portare con s\u00e9 una scorta d\u2019acqua, soprattutto nelle ore pi\u00f9 calde, e programmare soste regolari nei tragitti pi\u00f9 lunghi. Durante la guida \u00e8 fondamentale rispettare i limiti di velocit\u00e0 e le distanze di sicurezza, utilizzare sempre le cinture, assicurare correttamente i bambini ai seggiolini ed evitare qualsiasi distrazione, a partire dall\u2019uso del telefono cellulare. In caso di stanchezza o sonnolenza, l\u2019indicazione \u00e8 quella di fermarsi subito in un\u2019area di servizio e riprendere il viaggio solo dopo essersi riposati. \u00a0<\/p>\n<p>Le informazioni in tempo reale sul traffico e sui cantieri sono disponibili attraverso il portale e l\u2019app \u201cVai\u201d di Anas, il servizio Cciss Viaggiare Informati e il numero verde Pronto Anas 800.841.148, attivo 24 ore su 24. \u00a0<\/p>\n<p>\u00a0<\/p>\n","protected":false},"excerpt":{"rendered":"Fine settimana da bollino nero anche sulle principali autostrade che collegano Palermo. In occasione del secondo grande weekend&hellip;\n","protected":false},"author":3,"featured_media":612195,"comment_status":"","ping_status":"","sticky":false,"template":"","format":"standard","meta":{"footnotes":"","_share_on_mastodon":"0"},"categories":[79],"tags":[4101,14,93,94,1537,90,89,7,15,1780,11,84,91,12,85,92],"class_list":["post-612194","post","type-post","status-publish","format-standard","has-post-thumbnail","category-italia","tag-autostrade","tag-cronaca","tag-cronaca-italiana","tag-cronacaitaliana","tag-it","tag-italia","tag-italy","tag-news","tag-notizie","tag-traffico","tag-ultime-notizie","tag-ultime-notizie-e-news-di-oggi","tag-ultime-notizie-italia","tag-ultimenotizie","tag-ultimenotizieenewsdioggi","tag-ultimenotizieitalia"],"share_on_mastodon":{"url":"https:\/\/pubeurope.com\/@it\/117019041281172797","error":""},"_links":{"self":[{"href":"https:\/\/www.europesays.com\/it\/wp-json\/wp\/v2\/posts\/612194","targetHints":{"allow":["GET"]}}],"collection":[{"href":"https:\/\/www.europesays.com\/it\/wp-json\/wp\/v2\/posts"}],"about":[{"href":"https:\/\/www.europesays.com\/it\/wp-json\/wp\/v2\/types\/post"}],"author":[{"embeddable":true,"href":"https:\/\/www.europesays.com\/it\/wp-json\/wp\/v2\/users\/3"}],"replies":[{"embeddable":true,"href":"https:\/\/www.europesays.com\/it\/wp-json\/wp\/v2\/comments?post=612194"}],"version-history":[{"count":0,"href":"https:\/\/www.europesays.com\/it\/wp-json\/wp\/v2\/posts\/612194\/revisions"}],"wp:featuredmedia":[{"embeddable":true,"href":"https:\/\/www.europesays.com\/it\/wp-json\/wp\/v2\/media\/612195"}],"wp:attachment":[{"href":"https:\/\/www.europesays.com\/it\/wp-json\/wp\/v2\/media?parent=612194"}],"wp:term":[{"taxonomy":"category","embeddable":true,"href":"https:\/\/www.europesays.com\/it\/wp-json\/wp\/v2\/categories?post=612194"},{"taxonomy":"post_tag","embeddable":true,"href":"https:\/\/www.europesays.com\/it\/wp-json\/wp\/v2\/tags?post=612194"}],"curies":[{"name":"wp","href":"https:\/\/api.w.org\/{rel}","templated":true}]}}