{"id":612226,"date":"2026-08-01T07:46:12","date_gmt":"2026-08-01T07:46:12","guid":{"rendered":"https:\/\/www.europesays.com\/it\/612226\/"},"modified":"2026-08-01T07:46:12","modified_gmt":"2026-08-01T07:46:12","slug":"perugia-tragedia-in-hotel-musicista-romano-muore-per-intossicazione-compagna-grave-evacuata-la-struttura","status":"publish","type":"post","link":"https:\/\/www.europesays.com\/it\/612226\/","title":{"rendered":"Perugia, tragedia in hotel: musicista romano muore per intossicazione, compagna grave. Evacuata la struttura"},"content":{"rendered":"<p>Un musicista romano di 55 anni, in citt\u00e0 per un tour con l\u2019Orchestra delle cento citt\u00e0, \u00e8 stato trovato senza vita venerd\u00ec sera in una stanza al terzo piano dell\u2019hotel Fortuna, in via Bonazzi. La compagna, una donna della stessa et\u00e0, \u00e8 stata rinvenuta priva di sensi ma ancora viva, seppur in condizioni gravissime. L\u2019allarme \u00e8 scattato quando i membri della band, in attesa sul palco della Sala dei Notari per l\u2019esibizione serale, hanno notato il ritardo del loro collega e non sono riusciti a contattarlo.<\/p>\n<p>Preoccupati per l\u2019assenza ingiustificata, i musicisti hanno contattato la reception dell\u2019albergo, chiedendo di verificare nella stanza del 55enne. Non ricevendo risposta nemmeno dal personale della struttura, \u00e8 stato subito allertato il 118 e richiesto l\u2019intervento dei vigili del fuoco. I pompieri, giunti sul posto intorno alle 22, sono stati costretti a forzare la porta della camera: l\u2019uomo era gi\u00e0 morto, mentre la compagna giaceva a terra in stato di incoscienza.<\/p>\n<p>I sanitari del 118 hanno immediatamente prestato le prime cure alla donna, apparendo subito critico il suo quadro clinico, per poi trasferirla d\u2019urgenza in ospedale a Perugia. Nella notte, vista la gravit\u00e0 della situazione, la 55enne \u00e8 stata sottoposta a un delicato trasferimento nel centro iperbarico di Ravenna, dove \u00e8 stata ricoverata in codice rosso. Per il musicista, purtroppo, ogni tentativo di rianimazione si \u00e8 rivelato vano.<\/p>\n<p>Sul posto sono intervenuti i carabinieri della compagnia di Perugia. Le indagini sono state coordinate dal sostituto procuratore di turno, Anna Maria Greco, che ha voluto presenziare personalmente al sopralluogo insieme al medico legale Anna Maria Verdelli, la quale ha effettuato una prima ispezione esterna sulla salma. Il corpo del 55enne \u00e8 stato poi traslato in tarda notte all\u2019istituto di medicina legale del capoluogo umbro, dove sar\u00e0 quasi certamente disposta l\u2019autopsia per fare piena luce sulle cause del decesso.<\/p>\n<p>Secondo una prima ipotesi, formulata dagli inquirenti e dai vigili del fuoco, la tragedia potrebbe essere stata causata da una fatale intossicazione da monossido di carbonio, un gas incolore e inodore che in concentrazioni elevate uccide in pochi minuti. A supporto di questa tesi, i pompieri hanno effettuato una lunga e accurata ispezione all\u2019interno dell\u2019hotel con apposite strumentazioni. Per precauzione, l\u2019intera struttura \u00e8 stata evacuata e gli ospiti, tra cui molti dei colleghi musicisti rimasti sconvolti dalla notizia, sono stati trasferiti in altre strutture ricettive della citt\u00e0.<\/p>\n<p>Al termine dei controlli, i vigili del fuoco hanno escluso la presenza di livelli pericolosi di monossido nelle altre camere e negli spazi comuni dell\u2019hotel. Il mistero, al momento, rimane concentrato all\u2019interno di quella stanza, dove l\u2019uomo e la donna hanno trascorso le ultime ore. Secondo quanto ricostruito, il musicista non aveva avuto contatti con i colleghi dalla met\u00e0 del pomeriggio, ma nessuno si era allarmato fino al momento dell\u2019appuntamento sul palco.<\/p>\n<p>Gli inquirenti stanno ora vagliando ogni dettaglio, tra cui l\u2019impianto di riscaldamento e le apparecchiature presenti in camera, per determinare l\u2019origine di quella che si prospetta essere una delle pi\u00f9 classiche e insidiose trappole domestiche, verificatasi per\u00f2 in una struttura ricettiva. La salma \u00e8 a disposizione dell\u2019autorit\u00e0 giudiziaria in attesa del definitivo responso dell\u2019esame autoptico.<\/p>\n","protected":false},"excerpt":{"rendered":"Un musicista romano di 55 anni, in citt\u00e0 per un tour con l\u2019Orchestra delle cento citt\u00e0, \u00e8 stato&hellip;\n","protected":false},"author":3,"featured_media":612227,"comment_status":"","ping_status":"","sticky":false,"template":"","format":"standard","meta":{"footnotes":"","_share_on_mastodon":"0"},"categories":[79],"tags":[14,93,94,3504,1537,90,89,7,15,11,84,91,12,85,92],"class_list":["post-612226","post","type-post","status-publish","format-standard","has-post-thumbnail","category-italia","tag-cronaca","tag-cronaca-italiana","tag-cronacaitaliana","tag-decesso","tag-it","tag-italia","tag-italy","tag-news","tag-notizie","tag-ultime-notizie","tag-ultime-notizie-e-news-di-oggi","tag-ultime-notizie-italia","tag-ultimenotizie","tag-ultimenotizieenewsdioggi","tag-ultimenotizieitalia"],"share_on_mastodon":{"url":"https:\/\/pubeurope.com\/@it\/117019147205616007","error":""},"_links":{"self":[{"href":"https:\/\/www.europesays.com\/it\/wp-json\/wp\/v2\/posts\/612226","targetHints":{"allow":["GET"]}}],"collection":[{"href":"https:\/\/www.europesays.com\/it\/wp-json\/wp\/v2\/posts"}],"about":[{"href":"https:\/\/www.europesays.com\/it\/wp-json\/wp\/v2\/types\/post"}],"author":[{"embeddable":true,"href":"https:\/\/www.europesays.com\/it\/wp-json\/wp\/v2\/users\/3"}],"replies":[{"embeddable":true,"href":"https:\/\/www.europesays.com\/it\/wp-json\/wp\/v2\/comments?post=612226"}],"version-history":[{"count":0,"href":"https:\/\/www.europesays.com\/it\/wp-json\/wp\/v2\/posts\/612226\/revisions"}],"wp:featuredmedia":[{"embeddable":true,"href":"https:\/\/www.europesays.com\/it\/wp-json\/wp\/v2\/media\/612227"}],"wp:attachment":[{"href":"https:\/\/www.europesays.com\/it\/wp-json\/wp\/v2\/media?parent=612226"}],"wp:term":[{"taxonomy":"category","embeddable":true,"href":"https:\/\/www.europesays.com\/it\/wp-json\/wp\/v2\/categories?post=612226"},{"taxonomy":"post_tag","embeddable":true,"href":"https:\/\/www.europesays.com\/it\/wp-json\/wp\/v2\/tags?post=612226"}],"curies":[{"name":"wp","href":"https:\/\/api.w.org\/{rel}","templated":true}]}}