{"id":612277,"date":"2026-08-01T08:29:15","date_gmt":"2026-08-01T08:29:15","guid":{"rendered":"https:\/\/www.europesays.com\/it\/612277\/"},"modified":"2026-08-01T08:29:15","modified_gmt":"2026-08-01T08:29:15","slug":"il-mar-conquista-il-pac-2026-dal-ministero-fondi-per-una-nuova-opera-monumentale","status":"publish","type":"post","link":"https:\/\/www.europesays.com\/it\/612277\/","title":{"rendered":"Il Mar conquista il Pac 2026: dal Ministero fondi per una nuova opera monumentale"},"content":{"rendered":"<p>Il Museo d&#8217;Arte della citt\u00e0 di Ravenna \u00e8 tra i vincitori del Pac 2026 &#8211; Piano per l&#8217;Arte Contemporanea, il programma promosso dalla direzione generale creativit\u00e0 contemporanea del Ministero della Cultura che sostiene l&#8217;incremento, la produzione e la valorizzazione del patrimonio pubblico di arte contemporanea. Il museo ravennate \u00e8 stato selezionato nell&#8217;Ambito 2 \u2013 Produzione, Sezione III \u2013 Nuove opere, entrando tra i dodici progetti finanziati a livello nazionale.<\/p>\n<p>Si tratta di un risultato di particolare rilievo: \u00e8 la prima volta che il Mar presenta una candidatura in questa sezione del Pac e ottiene il finanziamento, un riconoscimento che premia la qualit\u00e0 della progettazione culturale del museo e il percorso di ricerca sviluppato negli ultimi anni intorno al mosaico contemporaneo.<\/p>\n<p>Il progetto selezionato, \u201cGeografie del mosaico contemporaneo. Shahzia Sikander\u201d, curato da Daniele Torcellini, porter\u00e0 alla realizzazione di una nuova opera monumentale dell&#8217;artista pakistano-americana Shahzia Sikander, una delle personalit\u00e0 pi\u00f9 autorevoli della scena artistica internazionale. L&#8217;opera, dal titolo provvisorio \u201cShamsa\u201d, entrer\u00e0 a far parte della Collezione di Mosaici Contemporanei del Mar, arricchendo una delle raccolte pi\u00f9 importanti dedicate all&#8217;arte musiva contemporanea.<\/p>\n<p>Il finanziamento ministeriale rappresenta anche la naturale prosecuzione del percorso avviato dal Mar con la IX Biennale di Mosaico Contemporaneo &#8220;Luogo Condiviso&#8221; del 2025, che ha confermato Ravenna come punto di riferimento internazionale per la ricerca sul mosaico. In quell&#8217;occasione Shahzia Sikander \u00e8 stata tra le protagoniste della Biennale con la mostra personale allestita a Palazzo Rasponi dalle Teste, dove ha presentato una ricerca capace di intrecciare identit\u00e0 culturale, politiche di genere, memoria e narrazioni postcoloniali attraverso un linguaggio multidisciplinare. Proprio il confronto con la tradizione musiva ravennate ha dato origine a una nuova fase della sua ricerca artistica, culminata nella realizzazione dell&#8217;opera \u201cFem-iconoclasm\u201d, sviluppata in collaborazione con il Gruppo Mosaicisti Ravenna.<\/p>\n<p>Con Shamsa, questo dialogo si approfondisce ulteriormente. L&#8217;opera, concepita appositamente per Ravenna, prende forma attorno al motivo della Shamsa \u2013 il &#8220;piccolo sole&#8221; della tradizione indo-persiana \u2013 reinterpretato come simbolo di energia generativa, emancipazione e conoscenza. Un disco radiante abitato da figure femminili e immerso in una foresta libera e indomita diventa metafora di un mondo in continua trasformazione, nel quale natura, memoria e identit\u00e0 dialogano attraverso il linguaggio del mosaico.<\/p>\n<p>La realizzazione dell&#8217;opera avverr\u00e0 attraverso una residenza artistica presso il Gruppo Mosaicisti Ravenna, articolata in pi\u00f9 fasi di lavoro condiviso. L&#8217;artista seguir\u00e0 direttamente il processo creativo insieme ai mosaicisti ravennati, in un confronto che coinvolger\u00e0 anche giovani professionisti formati all&#8217;Accademia di Belle Arti di Ravenna. Il progetto conferma cos\u00ec uno degli elementi distintivi della tradizione ravennate: la capacit\u00e0 del mosaico di nascere dall&#8217;incontro tra ideazione artistica, saper fare artigianale e sperimentazione contemporanea.<\/p>\n<p>\u201cL\u2019assegnazione del Pac 2026 rappresenta una notizia di grande rilievo per il Mar e per Ravenna \u2013 dichiara Fabio Sbaraglia, assessore alla Cultura e al Mosaico del Comune di Ravenna \u2013. Si tratta di un riconoscimento che premia una visione di politica culturale che la citt\u00e0 porta avanti da anni: quella di un mosaico capace di dialogare con il presente e di continuare a essere terreno di ricerca, sperimentazione e produzione artistica. Il sostegno del Ministero, ottenuto alla prima candidatura del Mar nella sezione dedicata alla produzione, conferma la qualit\u00e0 del lavoro sviluppato dal museo e il ruolo che Ravenna ha saputo consolidare nel panorama internazionale del mosaico contemporaneo. Assume inoltre un valore particolare il fatto che questo progetto nasca da una relazione sviluppata nell\u2019ambito della Biennale del Mosaico Contemporaneo. La partecipazione di Shahzia Sikander ha dato vita a un confronto con la citt\u00e0, con i suoi mosaicisti e con le sue istituzioni culturali. Il fatto che quel dialogo si traduca oggi in una nuova opera destinata alle collezioni pubbliche del Mar conferma una delle ambizioni pi\u00f9 importanti della Biennale: creare connessioni tra artisti, competenze e luoghi, trovando nel mosaico contemporaneo un linguaggio capace di generare nuove collaborazioni e nuovo patrimonio culturale&#8221;.<\/p>\n<p>Con questo nuovo riconoscimento il Mar consolida il proprio ruolo tra i musei italiani pi\u00f9 attivi nella produzione culturale contemporanea e rafforza la vocazione internazionale di Ravenna come citt\u00e0 in cui la tradizione millenaria del mosaico continua a generare nuove visioni, nuovi linguaggi e nuove opere destinate al patrimonio pubblico.<\/p>\n","protected":false},"excerpt":{"rendered":"Il Museo d&#8217;Arte della citt\u00e0 di Ravenna \u00e8 tra i vincitori del Pac 2026 &#8211; Piano per l&#8217;Arte&hellip;\n","protected":false},"author":3,"featured_media":612278,"comment_status":"","ping_status":"","sticky":false,"template":"","format":"standard","meta":{"footnotes":"","_share_on_mastodon":"0"},"categories":[1446],"tags":[1615,1613,1614,1611,1610,1612,203,204,1537,90,89,8399],"class_list":["post-612277","post","type-post","status-publish","format-standard","has-post-thumbnail","category-arte-e-design","tag-arte","tag-arte-e-design","tag-arteedesign","tag-arts","tag-arts-and-design","tag-design","tag-entertainment","tag-intrattenimento","tag-it","tag-italia","tag-italy","tag-musei"],"share_on_mastodon":{"url":"https:\/\/pubeurope.com\/@it\/117019316477748910","error":""},"_links":{"self":[{"href":"https:\/\/www.europesays.com\/it\/wp-json\/wp\/v2\/posts\/612277","targetHints":{"allow":["GET"]}}],"collection":[{"href":"https:\/\/www.europesays.com\/it\/wp-json\/wp\/v2\/posts"}],"about":[{"href":"https:\/\/www.europesays.com\/it\/wp-json\/wp\/v2\/types\/post"}],"author":[{"embeddable":true,"href":"https:\/\/www.europesays.com\/it\/wp-json\/wp\/v2\/users\/3"}],"replies":[{"embeddable":true,"href":"https:\/\/www.europesays.com\/it\/wp-json\/wp\/v2\/comments?post=612277"}],"version-history":[{"count":0,"href":"https:\/\/www.europesays.com\/it\/wp-json\/wp\/v2\/posts\/612277\/revisions"}],"wp:featuredmedia":[{"embeddable":true,"href":"https:\/\/www.europesays.com\/it\/wp-json\/wp\/v2\/media\/612278"}],"wp:attachment":[{"href":"https:\/\/www.europesays.com\/it\/wp-json\/wp\/v2\/media?parent=612277"}],"wp:term":[{"taxonomy":"category","embeddable":true,"href":"https:\/\/www.europesays.com\/it\/wp-json\/wp\/v2\/categories?post=612277"},{"taxonomy":"post_tag","embeddable":true,"href":"https:\/\/www.europesays.com\/it\/wp-json\/wp\/v2\/tags?post=612277"}],"curies":[{"name":"wp","href":"https:\/\/api.w.org\/{rel}","templated":true}]}}