{"id":612452,"date":"2026-08-01T11:05:22","date_gmt":"2026-08-01T11:05:22","guid":{"rendered":"https:\/\/www.europesays.com\/it\/612452\/"},"modified":"2026-08-01T11:05:22","modified_gmt":"2026-08-01T11:05:22","slug":"da-padova-una-staffetta-ciclistica-per-non-dimenticare-la-strage-del-2-agosto","status":"publish","type":"post","link":"https:\/\/www.europesays.com\/it\/612452\/","title":{"rendered":"Da Padova una staffetta ciclistica per non dimenticare la strage del 2 agosto"},"content":{"rendered":"<p>\u00c8 partita ieri, 31 luglio, dalla citt\u00e0 del Santo la staffetta ciclistica che arriver\u00e0 fino a Bologna, un&#8217;iniziativa che accompagna ogni anno le commemorazioni della strage del 2 agosto 1980, costata la vita a 85 persone e il ferimento di oltre duecento.<\/p>\n<p>La cerimonia<\/p>\n<p>Prima della partenza, l\u2019assessora comunale Cristina Piva ha portato il saluto dell\u2019Amministrazione e ha letto la lettera inviata da Paolo Lambertini, presidente dell\u2019associazione Tra i Familiari delle Vittime della Strage del 2 Agosto 1980.<\/p>\n<p>Nel messaggio, Lambertini esprime la gratitudine dell\u2019ente per il sostegno offerto dalle staffette ciclistiche e podistiche, sottolineando come la memoria rappresenti \u00abun atto vivo\u00bb e come il contributo di chi partecipa a queste iniziative costituisca un\u2019importante testimonianza di solidariet\u00e0 verso i familiari delle vittime e i sopravvissuti.<\/p>\n<p>Durante la cerimonia, Andrea Rinaldi, promotore della staffetta Padova-Bologna, ha anche donato all\u2019assessora Piva il volume che raccoglie le storie delle 85 vittime della strage, a testimonianza dell\u2019impegno nel custodire e trasmettere la memoria delle persone che persero la vita nell\u2019attentato del 2 agosto 1980.<\/p>\n<p>Il percorso<\/p>\n<p>La staffetta ha attraversato numerosi comuni del Veneto e dell\u2019Emilia-Romagna, dove \u00e8 stata accolta dalle Amministrazioni locali e dalle associazioni del territorio, per concludersi oggi, 1\u00b0 agosto, a Villa Torchi e partecipare poi, domani domenica 2 agosto, alle celebrazioni ufficiali sotto le due Torri.<\/p>\n<p>Il ricordo<\/p>\n<p>L\u2019edizione 2026 \u00e8 caratterizzata da un valore simbolico: 85 partecipanti indosseranno altrettante maglie, ciascuna dedicata a una delle vittime della strage, affinch\u00e9 ogni nome continui a vivere nel ricordo collettivo.<\/p>\n<p><img loading=\"lazy\" decoding=\"async\" style=\"aspect-ratio:900\/1200;\" src=\"https:\/\/www.europesays.com\/it\/wp-content\/uploads\/2026\/08\/staffetta-ciclistica-strage-2-agosto.jpeg\" alt=\"staffetta ciclistica strage 2 agosto\" width=\"900\" height=\"1200\" title=\"staffetta ciclistica strage 2 agosto\"\/>I partecipanti davanti a Palazzo Moroni <\/p>\n","protected":false},"excerpt":{"rendered":"\u00c8 partita ieri, 31 luglio, dalla citt\u00e0 del Santo la staffetta ciclistica che arriver\u00e0 fino a Bologna, un&#8217;iniziativa&hellip;\n","protected":false},"author":3,"featured_media":612453,"comment_status":"","ping_status":"","sticky":false,"template":"","format":"standard","meta":{"footnotes":"","_share_on_mastodon":"0"},"categories":[1456],"tags":[337567,586,1824,46721,25656,1825,1537,90,89,9839,245,244,20402,11990],"class_list":["post-612452","post","type-post","status-publish","format-standard","has-post-thumbnail","category-ciclismo","tag-2-agosto","tag-bologna","tag-ciclismo","tag-ciclistica","tag-commemorazione","tag-cycling","tag-it","tag-italia","tag-italy","tag-padova","tag-sport","tag-sports","tag-staffetta","tag-strage"],"share_on_mastodon":{"url":"https:\/\/pubeurope.com\/@it\/117019930612665825","error":""},"_links":{"self":[{"href":"https:\/\/www.europesays.com\/it\/wp-json\/wp\/v2\/posts\/612452","targetHints":{"allow":["GET"]}}],"collection":[{"href":"https:\/\/www.europesays.com\/it\/wp-json\/wp\/v2\/posts"}],"about":[{"href":"https:\/\/www.europesays.com\/it\/wp-json\/wp\/v2\/types\/post"}],"author":[{"embeddable":true,"href":"https:\/\/www.europesays.com\/it\/wp-json\/wp\/v2\/users\/3"}],"replies":[{"embeddable":true,"href":"https:\/\/www.europesays.com\/it\/wp-json\/wp\/v2\/comments?post=612452"}],"version-history":[{"count":0,"href":"https:\/\/www.europesays.com\/it\/wp-json\/wp\/v2\/posts\/612452\/revisions"}],"wp:featuredmedia":[{"embeddable":true,"href":"https:\/\/www.europesays.com\/it\/wp-json\/wp\/v2\/media\/612453"}],"wp:attachment":[{"href":"https:\/\/www.europesays.com\/it\/wp-json\/wp\/v2\/media?parent=612452"}],"wp:term":[{"taxonomy":"category","embeddable":true,"href":"https:\/\/www.europesays.com\/it\/wp-json\/wp\/v2\/categories?post=612452"},{"taxonomy":"post_tag","embeddable":true,"href":"https:\/\/www.europesays.com\/it\/wp-json\/wp\/v2\/tags?post=612452"}],"curies":[{"name":"wp","href":"https:\/\/api.w.org\/{rel}","templated":true}]}}