{"id":612616,"date":"2026-08-01T13:33:10","date_gmt":"2026-08-01T13:33:10","guid":{"rendered":"https:\/\/www.europesays.com\/it\/612616\/"},"modified":"2026-08-01T13:33:10","modified_gmt":"2026-08-01T13:33:10","slug":"tumore-del-polmone-al-via-lo-screening-in-lombardia-in-citta-eseguito-il-primo-esame","status":"publish","type":"post","link":"https:\/\/www.europesays.com\/it\/612616\/","title":{"rendered":"Tumore del polmone, al via lo screening in Lombardia: in citt\u00e0 eseguito il primo esame"},"content":{"rendered":"<p>CREMA &#8211; In occasione della <strong>Giornata mondiale contro il tumore del polmone<\/strong>, che si celebra il primo agosto, <strong>Asst Crema<\/strong> richiama l\u2019attenzione sull\u2019importanza della <strong>prevenzione<\/strong> e della <strong>diagnosi precoce<\/strong>, strumenti fondamentali per aumentare le possibilit\u00e0 di cura e ridurre la mortalit\u00e0 legata a una delle neoplasie pi\u00f9 diffuse e aggressive.<\/p>\n<p>Il <strong>tumore del polmone<\/strong> rappresenta il <strong>terzo tumore per incidenza in Italia<\/strong>. In <strong>Lombardia<\/strong> si registrano ogni anno circa <strong>7.800 nuovi casi<\/strong>, un dato che conferma l\u2019importanza di investire in <strong>percorsi di prevenzione e diagnosi precoce<\/strong> rivolti soprattutto alle persone a maggior rischio.<\/p>\n<p>In questo contesto si inserisce l\u2019avvio del <strong>programma di screening per il tumore del polmone<\/strong> promosso da <strong>Regione Lombardia<\/strong>, che rappresenta un importante passo avanti nella diagnosi precoce oncologica. <strong>Asst Crema<\/strong> \u00e8 tra le aziende sanitarie che hanno aderito con un proprio progetto al programma e, nei giorni scorsi, ha effettuato lo screening sul <strong>primo paziente arruolato<\/strong>.<\/p>\n<p>\u00abL\u2019avvio del programma regionale di screening rappresenta un passaggio di grande rilevanza per la sanit\u00e0 pubblica e per la tutela della salute dei cittadini\u00bb, sottolinea\u00a0<strong>Tiberio Oggionni<\/strong>, direttore della <strong>Pneumologia di Asst Crema<\/strong>. \u00abLa <strong>diagnosi precoce<\/strong> \u00e8 oggi uno degli strumenti pi\u00f9 efficaci per contrastare il tumore del polmone: individuare la malattia nelle fasi iniziali consente infatti di intervenire tempestivamente, aumentando in modo significativo le possibilit\u00e0 di cura e di guarigione. L\u2019adesione di <strong>Asst Crema<\/strong> al programma offre ai cittadini che presentano i criteri di <strong>eleggibilit\u00e0<\/strong> un\u2019opportunit\u00e0 concreta di accedere a un <strong>percorso strutturato di diagnosi precoce e prevenzione<\/strong>, basato sulle pi\u00f9 recenti evidenze scientifiche e sull\u2019integrazione tra diverse professionalit\u00e0\u00bb.<\/p>\n<p>\u00abOgni anno presso il nostro ospedale vengono diagnosticati circa un <strong>centinaio di pazienti<\/strong> con tumore del polmone, un terzo dei quali presenta l\u2019indicazione al <strong>trattamento chirurgico<\/strong>. Lo <strong>screening<\/strong> consentir\u00e0 di intercettare un numero crescente di tumori in fase precoce, quando \u00e8 possibile ricorrere a <strong>trattamenti meno invasivi<\/strong> e ottenere risultati migliori in termini di <strong>sopravvivenza<\/strong> e <strong>qualit\u00e0 della vita<\/strong>. I pazienti che necessiteranno di ulteriori approfondimenti o di un trattamento saranno presi in carico dalla <strong>Pneumologia<\/strong> e dall\u2019<strong>Oncologia di Asst Crema<\/strong> e, nei casi che richiedano un intervento chirurgico, saranno indirizzati alla <strong>Chirurgia Toracica del Policlinico San Matteo di Pavia<\/strong>, <strong>Hub di riferimento<\/strong> in questo progetto della nostra azienda\u00bb.<\/p>\n<p>Nella fase iniziale del progetto mediante una prima visita pneumologica, si valuter\u00e0 l\u2019<strong>eleggibilit\u00e0<\/strong> del cittadino al programma di screening. Possono accedere al percorso i cittadini di et\u00e0 compresa tra i <strong>60 e i 64 anni<\/strong>, residenti in <strong>Lombardia<\/strong>, <strong>forti fumatori o ex forti fumatori<\/strong> che abbiano smesso da meno di <strong>15 anni<\/strong> e che non abbiano eseguito una <strong>Tc del torace<\/strong> negli ultimi <strong>18 mesi<\/strong>.<\/p>\n<p>Per le persone che rientrano nei criteri previsti, lo <strong>screening \u00e8 gratuito<\/strong> e comprende l\u2019esecuzione di una <strong>Tc del torace a basso dosaggio<\/strong> e una valutazione presso l\u2019<strong>ambulatorio antifumo del Ser.D.<\/strong>, con l\u2019obiettivo prioritario di favorire anche percorsi di <strong>disassuefazione dal fumo<\/strong>.<\/p>\n<p>Il programma si fonda su un <strong>approccio multidisciplinare<\/strong> che coinvolge la <strong>Pneumologia<\/strong>, la <strong>Radiologia<\/strong> e il <strong>Ser.D.<\/strong> sin dalle prime fasi del percorso. Qualora emergano elementi che richiedano ulteriori approfondimenti o trattamenti, vengono coinvolti anche gli specialisti dell\u2019<strong>Oncologia<\/strong>, della <strong>Cardiologia<\/strong> e della <strong>Chirurgia Toracica<\/strong>, garantendo una presa in carico <strong>integrata e personalizzata<\/strong>.<\/p>\n<p>\u00abLo screening rappresenta un <strong>investimento concreto nella salute dei cittadini<\/strong> e nella <strong>qualit\u00e0 dell\u2019assistenza<\/strong>\u00bb, dichiara\u00a0<strong>Alessandro Malingher<\/strong>, <strong>direttore sanitario di Asst Crema<\/strong>. \u00abEssere tra le aziende sanitarie lombarde ad aver avviato il programma e ad aver preso in carico il primo paziente testimonia la volont\u00e0 di tradurre rapidamente le strategie regionali in <strong>percorsi assistenziali efficaci<\/strong>. La <strong>prevenzione<\/strong> e la <strong>diagnosi precoce<\/strong> sono strumenti fondamentali per migliorare gli <strong>esiti clinici<\/strong>, ridurre l\u2019impatto delle patologie oncologiche e offrire ai cittadini un\u2019<strong>assistenza sempre pi\u00f9 tempestiva, appropriata e multidisciplinare<\/strong>\u00bb<\/p>\n<p>Con l\u2019avvio dello <strong>screening per il tumore del polmone<\/strong>, <strong>Asst Crema<\/strong> conferma il proprio impegno nello sviluppo di <strong>percorsi di prevenzione<\/strong>, <strong>promozione della salute<\/strong> e <strong>diagnosi precoce<\/strong>, mettendo a disposizione competenze specialistiche, tecnologie diagnostiche avanzate e una <strong>rete multidisciplinare<\/strong> in grado di garantire ai cittadini un\u2019<strong>assistenza qualificata<\/strong> lungo tutto il percorso di cura.<\/p>\n<p>    <a href=\"https:\/\/www.laprovinciacr.it\/video\/cronaca\/585546\/cosi-la-riabilitazione-restituisce-l-autonomia.html?utm_source=VCMS_correlati\" class=\"vc_cont_image\" rel=\"nofollow noopener\" target=\"_blank\"><img decoding=\"async\" class=\"vc_image\" src=\"https:\/\/www.europesays.com\/it\/wp-content\/uploads\/2026\/08\/PILLOLE_DI_SALUTE_(26)-1785344223929.jpg--.jpg\"\/><\/a><\/p>\n<p>    <a href=\"https:\/\/www.laprovinciacr.it\/news\/cronaca\/585507\/ragazzini-sotto-tutela-cresce-lallarme-+16.html?utm_source=VCMS_correlati\" class=\"vc_cont_image\" rel=\"nofollow noopener\" target=\"_blank\"><img decoding=\"async\" class=\"vc_image\" src=\"https:\/\/www.laprovinciacr.it\/resizer\/150\/-1\/true\/2026_07_29\/3007_CremoCre010_A03_39614844_img07-1785341584622.jpg--ragazzini__sotto_tutela___cresce_l_allarme___16_.jpg?1785341584639\"\/><\/a><\/p>\n","protected":false},"excerpt":{"rendered":"CREMA &#8211; In occasione della Giornata mondiale contro il tumore del polmone, che si celebra il primo agosto,&hellip;\n","protected":false},"author":3,"featured_media":612617,"comment_status":"","ping_status":"","sticky":false,"template":"","format":"standard","meta":{"footnotes":"","_share_on_mastodon":"0"},"categories":[175],"tags":[241955,87429,337620,239,1537,90,89,5762,8141,337621,20749,240,337623,337622,335511],"class_list":["post-612616","post","type-post","status-publish","format-standard","has-post-thumbnail","category-salute","tag-alessandro-malingher","tag-asst-crema","tag-giornata-mondiale-contro-il-tumore-del-polmone","tag-health","tag-it","tag-italia","tag-italy","tag-lombardia","tag-pavia","tag-policlinico-san-matteo-di-pavia","tag-regione-lombardia","tag-salute","tag-screening-tumore-del-polmone","tag-tiberio-oggionni","tag-tumore-del-polmone"],"share_on_mastodon":{"url":"https:\/\/pubeurope.com\/@it\/117020512659921832","error":""},"_links":{"self":[{"href":"https:\/\/www.europesays.com\/it\/wp-json\/wp\/v2\/posts\/612616","targetHints":{"allow":["GET"]}}],"collection":[{"href":"https:\/\/www.europesays.com\/it\/wp-json\/wp\/v2\/posts"}],"about":[{"href":"https:\/\/www.europesays.com\/it\/wp-json\/wp\/v2\/types\/post"}],"author":[{"embeddable":true,"href":"https:\/\/www.europesays.com\/it\/wp-json\/wp\/v2\/users\/3"}],"replies":[{"embeddable":true,"href":"https:\/\/www.europesays.com\/it\/wp-json\/wp\/v2\/comments?post=612616"}],"version-history":[{"count":0,"href":"https:\/\/www.europesays.com\/it\/wp-json\/wp\/v2\/posts\/612616\/revisions"}],"wp:featuredmedia":[{"embeddable":true,"href":"https:\/\/www.europesays.com\/it\/wp-json\/wp\/v2\/media\/612617"}],"wp:attachment":[{"href":"https:\/\/www.europesays.com\/it\/wp-json\/wp\/v2\/media?parent=612616"}],"wp:term":[{"taxonomy":"category","embeddable":true,"href":"https:\/\/www.europesays.com\/it\/wp-json\/wp\/v2\/categories?post=612616"},{"taxonomy":"post_tag","embeddable":true,"href":"https:\/\/www.europesays.com\/it\/wp-json\/wp\/v2\/tags?post=612616"}],"curies":[{"name":"wp","href":"https:\/\/api.w.org\/{rel}","templated":true}]}}