{"id":612904,"date":"2026-08-01T17:28:16","date_gmt":"2026-08-01T17:28:16","guid":{"rendered":"https:\/\/www.europesays.com\/it\/612904\/"},"modified":"2026-08-01T17:28:16","modified_gmt":"2026-08-01T17:28:16","slug":"calciomercato-2026-ultime-news-di-oggi-in-diretta-live-38","status":"publish","type":"post","link":"https:\/\/www.europesays.com\/it\/612904\/","title":{"rendered":"Calciomercato 2026, ultime news di oggi in diretta live"},"content":{"rendered":"<p>\\n  <\/p>\n<li>Juventus, Alajbegovic \u00e8 arrivato a Torino<\/li>\n<p>\\n  <\/p>\n<li><a href=\"\\&quot;https:\/\/sport.sky.it\/calciomercato\/2026\/08\/01\/koulierakis-roma-arrivo-video\\&quot;\" data-intcmp=\"\\&quot;skysport_liveblog_interlink_text\\&quot;\">Roma, Koulierakis arrivato in citt\u00e0. Nelle prossime ore le visite mediche<\/a><\/li>\n<p>\\n  <\/p>\n<li><a href=\"\\&quot;https:\/\/sport.sky.it\/calciomercato\/2026\/08\/01\/cagliari-esposito-comunicato-calciomercato-news\\&quot;\" data-intcmp=\"\\&quot;skysport_liveblog_interlink_text\\&quot;\">Cagliari, Esposito ha lasciato il ritiro senza autorizzazione<\/a><\/li>\n<p>\\n  <\/p>\n<li><a href=\"\\&quot;https:\/\/sport.sky.it\/calciomercato\/2026\/07\/31\/como-chalobah-chelsea-calciomercato-news\\&quot;\" data-intcmp=\"\\&quot;skysport_liveblog_interlink_text\\&quot;\">Como, accordo a un passo col Chelsea per Chalobah<\/a><\/li>\n<p>\\n  <\/p>\n<li><a href=\"\\&quot;https:\/\/sport.sky.it\/calciomercato\/2026\/07\/31\/napoli-gatti-juventus-calciomercato-news\\&quot;\" data-intcmp=\"\\&quot;skysport_liveblog_interlink_text\\&quot;\">Napoli, per la difesa avanza Gatti<\/a><\/li>\n<p>\\n  <\/p>\n<li><a href=\"\\&quot;https:\/\/sport.sky.it\/calciomercato\/allenatori-serie-a-2026-2027-situazione-panchine-squadre\\&quot;\" data-intcmp=\"\\&quot;skysport_liveblog_interlink_text\\&quot;\">Tutti gli allenatori ufficiali in Serie A<\/a><\/li>\n<p>\\n  <\/p>\n<li><a href=\"\\&quot;https:\/\/sport.sky.it\/calciomercato\/tabellone\\&quot;\" data-intcmp=\"\\&quot;skysport_liveblog_interlink_text\\&quot;\">Tabellone mercato Serie A<\/a><\/li>\n<p>\\n  <\/p>\n<li><a href=\"\\&quot;https:\/\/sport.sky.it\/calciomercato\/calciomercato-serie-a-estate-2026-acquisti-ufficiali\\&quot;\" data-intcmp=\"\\&quot;skysport_liveblog_interlink_text\\&quot;\">Serie A, gli acquisti ufficiali<\/a><\/li>\n<p>\\n  <\/p>\n<li><a href=\"\\&quot;https:\/\/sport.sky.it\/calciomercato\/calciomercato-serie-b-estate-2026-acquisti-ufficiali#00\\&quot;\" data-intcmp=\"\\&quot;skysport_liveblog_interlink_text\\&quot;\">Le trattative concluse in Serie B<\/a><\/li>\n<p>\\n  <\/p>\n<li><a href=\"\\&quot;https:\/\/sport.sky.it\/calciomercato\/calciomercato-2026-acquisti-ufficiali-estero-estate\\&quot;\" data-intcmp=\"\\&quot;skysport_liveblog_interlink_text\\&quot;\">Tutti i colpi di mercato all&#8217;estero<\/a><\/li>\n<p>\\n&#8221;,&#8221;postId&#8221;:&#8221;d75f5df7-7e5d-4fa3-b25e-7f34ad4819a1&#8243;,&#8221;postLink&#8221;:{&#8220;title&#8221;:&#8221;&#8221;,&#8221;url&#8221;:&#8221;&#8221;,&#8221;imageSrc&#8221;:&#8221;&#8221;}}],&#8221;posts&#8221;:[{&#8220;timestamp&#8221;:&#8221;2026-08-01T17:13:56.021Z&#8221;,&#8221;timestampUtcIt&#8221;:&#8221;2026-08-01T19:13:56+0200&#8243;,&#8221;video&#8221;:{&#8220;videoId&#8221;:&#8221;1115453&#8243;,&#8221;videoDescription&#8221;:&#8221;Immagini: Stefano Barollo&#8221;,&#8221;videoPageUrl&#8221;:&#8221;https:\/\/video.sky.it\/sport\/calciomercato\/serie-a\/video\/alajbegovic-juventus-calciomercato-news-1115453&#8243;},&#8221;altBackground&#8221;:true,&#8221;title&#8221;:&#8221;Juventus, Alajbegovic \u00e8 arrivato a Torino&#8221;,&#8221;content&#8221;:&#8221;<\/p>\n<p>La Juventus si prepara ad accogliere il nuovo acquisto <strong>Kerim Alajbegovic<\/strong>: <strong>il giocatore bosniaco \u00e8 arrivato all&#8217;aeroporto di Torino-Caselle<\/strong>, accompagnato dall&#8217;ex bianconero Miralem Pjanic, intermediario nella buona riuscita della trattativa. Operazione da 30 milioni pi\u00f9 5 di bonus pi\u00f9 il 10% sulla futura rivendita.<\/p>\n<p>&#8220;,&#8221;postId&#8221;:&#8221;ee278062-81c2-4459-968b-16225b197a3a&#8221;,&#8221;postLink&#8221;:{&#8220;title&#8221;:&#8221;&#8221;,&#8221;url&#8221;:&#8221;&#8221;,&#8221;imageSrc&#8221;:&#8221;&#8221;}},{&#8220;timestamp&#8221;:&#8221;2026-08-01T17:00:00.254Z&#8221;,&#8221;timestampUtcIt&#8221;:&#8221;2026-08-01T19:00:00+0200&#8243;,&#8221;altBackground&#8221;:false,&#8221;title&#8221;:&#8221;Casertana, ufficiale il rinnovo di Shady Oukhadda&#8221;,&#8221;content&#8221;:&#8221;<\/p>\n<p>Ufficiale il rinnovo di <strong>Shady Oukhadda con la Casertana<\/strong>: Per il giocatore un contratto biennale<\/p>\n<p>&#8220;,&#8221;postId&#8221;:&#8221;5efad390-c17f-479f-8129-c39893b3aa43&#8243;,&#8221;postLink&#8221;:{&#8220;title&#8221;:&#8221;&#8221;,&#8221;url&#8221;:&#8221;&#8221;,&#8221;imageSrc&#8221;:&#8221;&#8221;}},{&#8220;timestamp&#8221;:&#8221;2026-08-01T16:40:00.934Z&#8221;,&#8221;timestampUtcIt&#8221;:&#8221;2026-08-01T18:40:00+0200&#8243;,&#8221;altBackground&#8221;:false,&#8221;title&#8221;:&#8221;Salernitana, tris di arrivi: fatta per Mastrovito, Heinz e Zoia&#8221;,&#8221;content&#8221;:&#8221;<\/p>\n<p>Tre nuovi volti sono attesi in casa <strong>Salernitana <\/strong>nelle prossime ore. Il DS <strong>Faggiano<\/strong> ha infatti concluso in modo positivo le trattative per <strong>Mastrovito<\/strong>, <strong>Heinz <\/strong>e <strong>Zoia<\/strong>.<\/p>\n<p>&#8220;,&#8221;postId&#8221;:&#8221;1e95bee4-1a95-4289-8857-6f84aa3a6361&#8243;,&#8221;postLink&#8221;:{&#8220;title&#8221;:&#8221;&#8221;,&#8221;url&#8221;:&#8221;&#8221;,&#8221;imageSrc&#8221;:&#8221;&#8221;}},{&#8220;timestamp&#8221;:&#8221;2026-08-01T16:20:00.870Z&#8221;,&#8221;timestampUtcIt&#8221;:&#8221;2026-08-01T18:20:00+0200&#8243;,&#8221;altBackground&#8221;:false,&#8221;title&#8221;:&#8221;Arzignano, ufficiale il ritorno di Campesan&#8221;,&#8221;content&#8221;:&#8221;<\/p>\n<p>Ufficiale il ritorno di Elia <strong>Campesan all&#8217;Arzignano<\/strong>: il difensore, lo scorso anno, ha giocato in prestito al <strong>Bassano<\/strong>,<\/p>\n<p>&#8220;,&#8221;postId&#8221;:&#8221;06a73cb5-367f-4af4-8e7f-499e14cb3f1c&#8221;,&#8221;postLink&#8221;:{&#8220;title&#8221;:&#8221;&#8221;,&#8221;url&#8221;:&#8221;&#8221;,&#8221;imageSrc&#8221;:&#8221;&#8221;}},{&#8220;timestamp&#8221;:&#8221;2026-08-01T16:00:00.238Z&#8221;,&#8221;timestampUtcIt&#8221;:&#8221;2026-08-01T18:00:00+0200&#8243;,&#8221;altBackground&#8221;:false,&#8221;title&#8221;:&#8221;Ospitaletto, vicini i rinnovi di Gobbi e Gualandris&#8221;,&#8221;content&#8221;:&#8221;<\/p>\n<p>Nei \u00a0prossimi giorni verranno firmati i rinnovi di\u00a0<strong>Gobbi <\/strong>e <strong>Gualandris <\/strong>con l&#8217;<strong>Ospitaletto<\/strong><\/p>\n<p>&#8220;,&#8221;postId&#8221;:&#8221;9b1354ac-64ca-4326-bd63-d845ed2eeada&#8221;,&#8221;postLink&#8221;:{&#8220;title&#8221;:&#8221;&#8221;,&#8221;url&#8221;:&#8221;&#8221;,&#8221;imageSrc&#8221;:&#8221;&#8221;}},{&#8220;timestamp&#8221;:&#8221;2026-08-01T15:40:00.327Z&#8221;,&#8221;timestampUtcIt&#8221;:&#8221;2026-08-01T17:40:00+0200&#8243;,&#8221;altBackground&#8221;:false,&#8221;title&#8221;:&#8221;Sorrento, fatta per Bolzan&#8221;,&#8221;content&#8221;:&#8221;<\/p>\n<p>Fatta per l&#8217;arrivo di Alessnadro\u00a0<strong>Bolzan,\u00a0<\/strong>centravanti classe 2005, al <strong>Sorrento<\/strong><\/p>\n<p>&#8220;,&#8221;postId&#8221;:&#8221;06e94445-d5f0-45d1-8007-83da2ee56424&#8243;,&#8221;postLink&#8221;:{&#8220;title&#8221;:&#8221;&#8221;,&#8221;url&#8221;:&#8221;&#8221;,&#8221;imageSrc&#8221;:&#8221;&#8221;}},{&#8220;timestamp&#8221;:&#8221;2026-08-01T15:20:00.048Z&#8221;,&#8221;timestampUtcIt&#8221;:&#8221;2026-08-01T17:20:00+0200&#8243;,&#8221;altBackground&#8221;:false,&#8221;title&#8221;:&#8221;Bari, in arrivo Tribuzzi&#8221;,&#8221;content&#8221;:&#8221;<\/p>\n<p>In arrivo Alessio\u00a0<strong>Tribuzzi al Bari<\/strong>: operazione in prestito con diritto di riscatto.<\/p>\n<p>&#8220;,&#8221;postId&#8221;:&#8221;4d75dada-3af9-4229-b7ad-23c6fec85443&#8243;,&#8221;postLink&#8221;:{&#8220;title&#8221;:&#8221;&#8221;,&#8221;url&#8221;:&#8221;&#8221;,&#8221;imageSrc&#8221;:&#8221;&#8221;}},{&#8220;timestamp&#8221;:&#8221;2026-08-01T15:00:00.519Z&#8221;,&#8221;timestampUtcIt&#8221;:&#8221;2026-08-01T17:00:00+0200&#8243;,&#8221;altBackground&#8221;:false,&#8221;title&#8221;:&#8221;Vado, rinforzo in difesa: ecco Malanca&#8221;,&#8221;content&#8221;:&#8221;<\/p>\n<p>\u00c8 ufficiale il rinforzo difensivo in cas<strong>a Vado: <\/strong>ufficiale l&#8217;arrivo di <strong>Lorenzo Malanca <\/strong>dalla <strong>Sampdoria.<\/strong> Difensore classe 2007, vestir\u00e0 rossobl\u00f9 con la formula del prestito.<\/p>\n<p>&#8220;,&#8221;postId&#8221;:&#8221;ca3fca83-92bd-41ab-a1a5-9be87ec53497&#8243;,&#8221;postLink&#8221;:{&#8220;title&#8221;:&#8221;&#8221;,&#8221;url&#8221;:&#8221;&#8221;,&#8221;imageSrc&#8221;:&#8221;&#8221;}},{&#8220;timestamp&#8221;:&#8221;2026-08-01T14:40:00.823Z&#8221;,&#8221;timestampUtcIt&#8221;:&#8221;2026-08-01T16:40:00+0200&#8243;,&#8221;altBackground&#8221;:false,&#8221;title&#8221;:&#8221;Tottenham, Tonali gi\u00e0 a segno contro il Chelsea&#8221;,&#8221;content&#8221;:&#8221;<\/p>\n<p>Il centrocampista italiano <strong>Sandro Tonali<\/strong> ha gi\u00e0 segnato con la sua nuova maglia, quella del <strong>Tottenham<\/strong>. Nell&#8217;amichevole vinta 2-1 contro il <strong>Chelsea <\/strong>il giocatore ex <strong>Newcastle <\/strong>ha segnato il momentaneo 1-0 degli spurs.<\/p>\n<p>&#8220;,&#8221;postId&#8221;:&#8221;fadb16dd-6c9d-41f2-99af-eb3d2f948d9f&#8221;,&#8221;postLink&#8221;:{&#8220;title&#8221;:&#8221;&#8221;,&#8221;url&#8221;:&#8221;&#8221;,&#8221;imageSrc&#8221;:&#8221;&#8221;}},{&#8220;timestamp&#8221;:&#8221;2026-08-01T14:20:00.111Z&#8221;,&#8221;timestampUtcIt&#8221;:&#8221;2026-08-01T16:20:00+0200&#8243;,&#8221;altBackground&#8221;:false,&#8221;title&#8221;:&#8221;Pianese, ufficiale l&#8217;arrivo di Negri per l&#8217;attacco&#8221;,&#8221;content&#8221;:&#8221;<\/p>\n<p>\u00c8 ufficiale in casa<strong> Pianese <\/strong>l&#8217;arrivo di<strong> Gabriele Negri<\/strong>. Attaccante classe 2006, \u00e8 stato prelevato dal <strong>Sassuolo<\/strong>.<\/p>\n<p>&#8220;,&#8221;postId&#8221;:&#8221;8863d6a4-d30b-4cf1-abbd-19706519a5f5&#8243;,&#8221;postLink&#8221;:{&#8220;title&#8221;:&#8221;&#8221;,&#8221;url&#8221;:&#8221;&#8221;,&#8221;imageSrc&#8221;:&#8221;&#8221;}},{&#8220;timestamp&#8221;:&#8221;2026-08-01T14:00:00.327Z&#8221;,&#8221;timestampUtcIt&#8221;:&#8221;2026-08-01T16:00:00+0200&#8243;,&#8221;altBackground&#8221;:false,&#8221;title&#8221;:&#8221;Catania, fatta per l&#8217;arrivo di Perrotta&#8221;,&#8221;content&#8221;:&#8221;<\/p>\n<p>Innesto importante per la difesa del <strong>Catania <\/strong>che si assicura l&#8217;arrivo di <strong>Marco Perrotta<\/strong>. Il giocatore, classe 1994, era <strong>svincolato <\/strong>dopo l&#8217;ultima esperienza in maglia <strong>Padova<\/strong> con la quale ha collezionato 31 presenze totali tra <strong>campionato <\/strong>e <strong>Coppa Italia<\/strong>.<\/p>\n<p>&#8220;,&#8221;postId&#8221;:&#8221;54f45d89-137c-4f26-8e88-1df8fd95f5a4&#8243;,&#8221;postLink&#8221;:{&#8220;title&#8221;:&#8221;&#8221;,&#8221;url&#8221;:&#8221;&#8221;,&#8221;imageSrc&#8221;:&#8221;&#8221;}},{&#8220;timestamp&#8221;:&#8221;2026-08-01T13:40:00.207Z&#8221;,&#8221;timestampUtcIt&#8221;:&#8221;2026-08-01T15:40:00+0200&#8243;,&#8221;altBackground&#8221;:false,&#8221;title&#8221;:&#8221;Napoli, la festa del centenario LIVE su Sky Sport: il programma&#8221;,&#8221;content&#8221;:&#8221;<\/p>\n<p>Le celebrazioni per i 100 anni del club saranno trasmesse questa sera in diretta su Sky: dalle 18 collegamenti con il nostro inviato <strong>Francesco Modugno su Sky Sport 24<\/strong>, mentre la cerimonia ufficiale sar\u00e0 live su Sky Sport Calcio dalle 20.45.<\/p>\n<p>&#8220;,&#8221;postId&#8221;:&#8221;7d8e9599-f982-4d76-af65-8cd753add841&#8243;,&#8221;postLink&#8221;:{&#8220;title&#8221;:&#8221;Napoli, la festa del centenario LIVE su Sky Sport Calcio sabato 1\u00b0 agosto&#8221;,&#8221;url&#8221;:&#8221;https:\/\/sport.sky.it\/calcio\/serie-a\/2026\/07\/31\/napoli-festa-centenario-dove-vedere-tv-streaming&#8221;,&#8221;imageSrc&#8221;:&#8221;https:\/\/sport.sky.it\/assets\/images\/bbce16d46fae58477a565f841f39b0e55117a746\/skysport\/it\/calcio\/serie-a\/2026\/07\/31\/napoli-festa-centenario-dove-vedere-tv-streaming\/festa_napoli_ok_2.jpg?im=Resize,width=1218&#8243;}},{&#8220;timestamp&#8221;:&#8221;2026-08-01T13:21:36.527Z&#8221;,&#8221;timestampUtcIt&#8221;:&#8221;2026-08-01T15:21:36+0200&#8243;,&#8221;altBackground&#8221;:false,&#8221;title&#8221;:&#8221;City-Inter 2-4 dcr: ai calci di rigore vincono i nerazzurri&#8221;,&#8221;content&#8221;:&#8221;<\/p>\n<p>L&#8217;Inter batte il <strong>Manchester City dopo i calci di rigore.\u00a0 <\/strong>Dagli undici metri pi\u00f9 precisi i nerazzurri che sbagliano solo un penalty con Frattesi. Nei tempi regolamentari il punteggio era di 1-1 con vantaggio dei citizens con <strong>Mubama\u00a0<\/strong>e il pareggio nerazzurro di <strong>Pavard<\/strong>.<\/p>\n<p>&#8220;,&#8221;postId&#8221;:&#8221;17fff699-4b4f-4638-950c-4203571ab2af&#8221;,&#8221;postLink&#8221;:{&#8220;title&#8221;:&#8221;Man City-Inter LIVE, match di prestigio per i nerazzurri&#8221;,&#8221;url&#8221;:&#8221;https:\/\/sport.sky.it\/calcio\/serie-a\/2026\/08\/01\/manchester-city-inter-risultato-gol&#8221;,&#8221;imageSrc&#8221;:&#8221;https:\/\/sport.sky.it\/assets\/images\/2c716dfc655a7abe4b348612dfbd503b7dca6aad\/skysport\/it\/calcio\/serie-a\/2026\/08\/01\/manchester-city-inter-risultato-gol\/inter_getty_pavard_gol.jpg?im=Resize,width=1218&#8243;}},{&#8220;timestamp&#8221;:&#8221;2026-08-01T13:20:00.232Z&#8221;,&#8221;timestampUtcIt&#8221;:&#8221;2026-08-01T15:20:00+0200&#8243;,&#8221;altBackground&#8221;:false,&#8221;title&#8221;:&#8221;Frosinone, ufficiale l&#8217;acquisto di Akpoguma&#8221;,&#8221;content&#8221;:&#8221;<\/p>\n<p>Ufficiale l&#8217;arrivo in difesa di <strong>Kevin Akpoguma<\/strong>. Il difensore, classe 1995, ha firmato fino al 30 giugno 2028.<\/p>\n<p>&#8220;,&#8221;postId&#8221;:&#8221;5a8b7a30-ca1e-4189-b38a-bc7845c78c67&#8243;,&#8221;postLink&#8221;:{&#8220;title&#8221;:&#8221;&#8221;,&#8221;url&#8221;:&#8221;&#8221;,&#8221;imageSrc&#8221;:&#8221;&#8221;}},{&#8220;timestamp&#8221;:&#8221;2026-08-01T13:00:00.110Z&#8221;,&#8221;timestampUtcIt&#8221;:&#8221;2026-08-01T15:00:00+0200&#8243;,&#8221;altBackground&#8221;:false,&#8221;title&#8221;:&#8221;Lecco, luned\u00ec le visite mediche per Matteo Arena &#8220;,&#8221;content&#8221;:&#8221;<\/p>\n<p>Rinforzo in difesa per il Lecco, dalla Salernitana arriva Matteo Valente, il classe &#8217;99 si sottoporr\u00e0 alle visite mediche nella giornata di luned\u00ec e poi si metter\u00e0 subito a disposizione dell&#8217;allenatore, Federico <strong>Valente<\/strong>.\u00a0<\/p>\n<p>\\n\\n<\/p>\n<p>Il <strong>Lecco<\/strong> \u00e8 attivo sul mercato per rinforzare la rosa a disposizione dell&#8217;allenatore <strong>Valente<\/strong>: luned\u00ec sono in programma le visite mediche di Matteo <strong>Arena<\/strong>, difensore classe 1999 della Salernitana<\/p>\n<p>&#8220;,&#8221;postId&#8221;:&#8221;e276687a-ac4c-426f-b6b2-8875759bc2e8&#8243;,&#8221;postLink&#8221;:{&#8220;title&#8221;:&#8221;&#8221;,&#8221;url&#8221;:&#8221;&#8221;,&#8221;imageSrc&#8221;:&#8221;&#8221;}},{&#8220;timestamp&#8221;:&#8221;2026-08-01T12:40:00.799Z&#8221;,&#8221;timestampUtcIt&#8221;:&#8221;2026-08-01T14:40:00+0200&#8243;,&#8221;altBackground&#8221;:false,&#8221;title&#8221;:&#8221;Nuova esperienza in panchina per Marco Amelia: per lui c&#8217;\u00e8 l&#8217;Hamrun Spartans &#8220;,&#8221;content&#8221;:&#8221;<\/p>\n<p>Nuova esperienza professionale per <strong>Marco Amelia<\/strong>, l&#8217;ex portiere del<strong> Milan <\/strong>\u00e8 adesso il nuovo allenatore dell&#8217;<strong>Hamrun Spartans<\/strong>, club di prima divisione maltese.<\/p>\n<p>&#8220;,&#8221;postId&#8221;:&#8221;5e581f14-afc7-47f0-800c-d959482f2d7d&#8221;,&#8221;postLink&#8221;:{&#8220;title&#8221;:&#8221;&#8221;,&#8221;url&#8221;:&#8221;&#8221;,&#8221;imageSrc&#8221;:&#8221;&#8221;}},{&#8220;timestamp&#8221;:&#8221;2026-08-01T12:20:00.014Z&#8221;,&#8221;timestampUtcIt&#8221;:&#8221;2026-08-01T14:20:00+0200&#8243;,&#8221;altBackground&#8221;:false,&#8221;title&#8221;:&#8221;Casertana, ufficiale l&#8217;arrivo di Vezzoni &#8220;,&#8221;content&#8221;:&#8221;<\/p>\n<p>La <strong>Casertana <\/strong>rinforza il proprio reparto offensivo con l&#8217;arrivo di <strong>Franco Vezzoni.<\/strong> C&#8217;\u00e8 il comunicato ufficiale del club campano: \\&#8221;La <strong>Casertana FC<\/strong> comunica di essersi assicurata le prestazioni sportive del calciatore <strong>Franco Orlando Vezzoni<\/strong>\u00a0che sottoscrive un <strong>accordo biennale<\/strong>.<\/p>\n<p>&#8220;,&#8221;postId&#8221;:&#8221;71d100ea-edbe-4239-97b4-f18f40f1be21&#8243;,&#8221;postLink&#8221;:{&#8220;title&#8221;:&#8221;&#8221;,&#8221;url&#8221;:&#8221;&#8221;,&#8221;imageSrc&#8221;:&#8221;&#8221;}},{&#8220;timestamp&#8221;:&#8221;2026-08-01T12:00:00.395Z&#8221;,&#8221;timestampUtcIt&#8221;:&#8221;2026-08-01T14:00:00+0200&#8243;,&#8221;altBackground&#8221;:false,&#8221;title&#8221;:&#8221;Lazio, battuto l&#8217;Avellino in amichevole: 6-3 per i biancocelesti&#8221;,&#8221;content&#8221;:&#8221;<\/p>\n<p>Amichevole tra amici e campioni del mondo: la<strong> Lazio <\/strong>di <strong>Gattuso <\/strong>supera <strong>6-3 l&#8217;Avellino <\/strong>di <strong>Nesta<\/strong>. Protagonista <strong>Ratkov <\/strong>(doppietta), a segno anche il giovane<strong> Serra, Belahyane, Taylor e Artistico <\/strong>su rigore.<\/p>\n<p>&#8220;,&#8221;postId&#8221;:&#8221;50e16ca3-5532-4e2f-92ba-c6551af1a3a3&#8243;,&#8221;postLink&#8221;:{&#8220;title&#8221;:&#8221;Amichevoli, oggi 10 squadre di A in campo: programma e risultati&#8221;,&#8221;url&#8221;:&#8221;https:\/\/sport.sky.it\/calcio\/serie-a\/2026\/08\/01\/amichevoli-serie-a-risultati-oggi-1-agosto&#8221;,&#8221;imageSrc&#8221;:&#8221;https:\/\/sport.sky.it\/assets\/images\/3e76be8cd04fd6f5e599cb14a6d31d198429f130\/skysport\/it\/calcio\/serie-a\/2026\/08\/01\/amichevoli-serie-a-risultati-oggi-1-agosto\/ratkov_lazio_getty.jpg?im=Resize,width=1218&#8243;}},{&#8220;timestamp&#8221;:&#8221;2026-08-01T11:40:00.866Z&#8221;,&#8221;timestampUtcIt&#8221;:&#8221;2026-08-01T13:40:00+0200&#8243;,&#8221;altBackground&#8221;:false,&#8221;title&#8221;:&#8221;Pisa, per Zanon e Ferrah manca solo l&#8217;ufficialit\u00e0&#8221;,&#8221;content&#8221;:&#8221;<\/p>\n<p>Simone <strong>Zanon<\/strong>, difensore che arriva dalla <strong>Carrarese<\/strong>, e Ichem <strong>Ferrah<\/strong>, esterno proveniente dal <strong>Lille <\/strong>sono in sede per la firma del contratto con i nerazzurri. Diventerranno entrambi giocatori del <strong>Pisa<\/strong>.\u00a0<\/p>\n<p>&#8220;,&#8221;postId&#8221;:&#8221;0f04c202-4eb4-4e12-bbc7-5f284049e73b&#8221;,&#8221;postLink&#8221;:{&#8220;title&#8221;:&#8221;&#8221;,&#8221;url&#8221;:&#8221;&#8221;,&#8221;imageSrc&#8221;:&#8221;&#8221;}},{&#8220;timestamp&#8221;:&#8221;2026-08-01T11:17:55.205Z&#8221;,&#8221;timestampUtcIt&#8221;:&#8221;2026-08-01T13:17:55+0200&#8243;,&#8221;video&#8221;:{&#8220;videoId&#8221;:&#8221;1115398&#8243;,&#8221;videoPageUrl&#8221;:&#8221;https:\/\/video.sky.it\/sport\/calciomercato\/serie-a\/video\/roma-koulierakis-arrivo-video-1115398&#8243;},&#8221;altBackground&#8221;:true,&#8221;title&#8221;:&#8221;Roma, Koulierakis  arrivato in citt\u00e0. Nelle prossime ore le visite mediche &#8220;,&#8221;content&#8221;:&#8221;<\/p>\n<p>Konstantinos <strong>Koulierakis<\/strong> \u00e8 sbarcato a Roma, il difensore greco classe 2003 arriva dal <strong>Wolfsburg<\/strong>. Operazione da 17 milioni pi\u00f9 1,5 di bonus, il club tedesco mantiene il 20% in caso di futura rivendita. Nelle prossime ore il difensore si sottoporr\u00e0 alle visite mediche.\u00a0<\/p>\n<p>&#8220;,&#8221;postId&#8221;:&#8221;8064e77d-b4b2-41f3-a355-9a934f35fb03&#8243;,&#8221;postLink&#8221;:{&#8220;title&#8221;:&#8221;&#8221;,&#8221;url&#8221;:&#8221;&#8221;,&#8221;imageSrc&#8221;:&#8221;&#8221;}},{&#8220;timestamp&#8221;:&#8221;2026-08-01T11:00:00.691Z&#8221;,&#8221;timestampUtcIt&#8221;:&#8221;2026-08-01T13:00:00+0200&#8243;,&#8221;altBackground&#8221;:false,&#8221;title&#8221;:&#8221;Amichevoli estive di Serie A: oggi Inter-City su Sky&#8221;,&#8221;content&#8221;:&#8221;<\/p>\n<p><strong>Oggi l&#8217;Inter contro il City su Sky<\/strong>, ieri\u00a0sono scese in campo altre tre italiane:<strong> la Juventus <\/strong>ha battuto 2-0 il <strong>Nizza, il Como <\/strong>ha vinto <strong>3-2 contro il Famalicao<\/strong>, mentre il<strong> Sassuolo<\/strong> ha pareggiato contro\u00a0la <strong>Folgore Caratese. Su Sky Sport e in streaming su NOW vi offriremo le prime uscite di Inter, Juventus, Milan e Napoli <\/strong>verso i primi impegni ufficiali, oltre allo <strong>spareggio di Conference League dell\u2019Atalanta<\/strong>. Di seguito il programma completo delle amichevoli su Sky e il quadro degli impegni estivi squadra per squadra<\/p>\n<p>&#8220;,&#8221;postId&#8221;:&#8221;ca9e8647-fc8c-415e-b4e8-de424bdc9c1e&#8221;,&#8221;postLink&#8221;:{&#8220;title&#8221;:&#8221;Amichevoli estive di Serie A:oggi l&#8217;Inter contro il City su Sky alle 13.30&#8243;,&#8221;url&#8221;:&#8221;https:\/\/sport.sky.it\/calcio\/serie-a\/amichevoli-estive-serie-a-date-2026&#8243;,&#8221;imageSrc&#8221;:&#8221;https:\/\/sport.sky.it\/assets\/images\/74c68b4beac77e7c5761c07551506b164d7bbe89\/skysport\/it\/calcio\/calciomercato\/2026\/07\/22\/inter-sostituto-dumfries-commento-compagnoni\/chivu_GETTY_allenamento_2026.jpg?im=Resize,width=1218&#8243;}},{&#8220;timestamp&#8221;:&#8221;2026-08-01T10:42:12.149Z&#8221;,&#8221;timestampUtcIt&#8221;:&#8221;2026-08-01T12:42:12+0200&#8243;,&#8221;altBackground&#8221;:false,&#8221;title&#8221;:&#8221;Cagliari, Esposito ha lasciato il ritiro senza autorizzazione&#8221;,&#8221;content&#8221;:&#8221;<\/p>\n<p>Mediante una nota ufficiale, il <strong>Cagliari <\/strong>calcio informa che l&#8217;attaccante, Sebastiano Esposito, ha lasciato senza autorizzazione il ritiro dei sardi. Le parti stavano discutendo del rinnovo contrattuale, senza per\u00f2 arrivare all&#8217;intesa.\u00a0<\/p>\n<p>\\n\\n<\/p>\n<p>\\&#8221;Il Cagliari Calcio informa che Sebastiano Esposito ha lasciato senza autorizzazione il ritiro della Prima squadra a Ponte di Legno. Il calciatore, che al momento non ha fornito al Club motivazioni in merito alla propria decisione, non partir\u00e0 con la squadra alla volta della Germania per l\u2019amichevole di domenica contro l\u2019Union Berlin. La Societ\u00e0 valuter\u00e0 quanto accaduto e si riserva di adottare i conseguenti provvedimenti\\&#8221;.<\/p>\n<p>&#8220;,&#8221;postId&#8221;:&#8221;1aa63e91-0801-4fe9-b322-6a5adead7c8b&#8221;,&#8221;postLink&#8221;:{&#8220;title&#8221;:&#8221;&#8221;,&#8221;url&#8221;:&#8221;&#8221;,&#8221;imageSrc&#8221;:&#8221;&#8221;}},{&#8220;timestamp&#8221;:&#8221;2026-08-01T10:40:00.811Z&#8221;,&#8221;timestampUtcIt&#8221;:&#8221;2026-08-01T12:40:00+0200&#8243;,&#8221;altBackground&#8221;:false,&#8221;title&#8221;:&#8221;Napoli, De Laurentiis: \\&#8221;Al mio ciclo manca solo la Champions League. Chiss\u00e0 se Max Allegri ce la porter\u00e0.\\&#8221;&#8221;,&#8221;content&#8221;:&#8221;<\/p>\n<p>Il numero uno del Napoli<strong> Aurelio De Laurentiis<\/strong> ha parlato a TGR Campania della stagione azzurra in programma: \\&#8221;Al mio ciclo manca solo la Champions League. Chiss\u00e0 se Max Allegri ce la porter\u00e0.\u00a0\u00c8 sempre un obiettivo, si deve andare per i massimi obiettivi. Soprattutto se sei il Napoli, che \u00e8 l&#8217;unica squadra italiana ad aver giocato in Europa per sedici stagioni consecutive. Sono stati 22 anni di successi, per completarli manca solo la vittoria della Champions\\&#8221;.<\/p>\n<p>&#8220;,&#8221;postId&#8221;:&#8221;958cd32d-85bb-4171-ab24-ee419d02e378&#8243;,&#8221;postLink&#8221;:{&#8220;title&#8221;:&#8221;&#8221;,&#8221;url&#8221;:&#8221;&#8221;,&#8221;imageSrc&#8221;:&#8221;&#8221;}},{&#8220;timestamp&#8221;:&#8221;2026-08-01T10:17:18.277Z&#8221;,&#8221;timestampUtcIt&#8221;:&#8221;2026-08-01T12:17:18+0200&#8243;,&#8221;altBackground&#8221;:false,&#8221;title&#8221;:&#8221;Monza, ufficiale l&#8217;arrivo di Akinsanmiro dall&#8217;Inter&#8221;,&#8221;content&#8221;:&#8221;<\/p>\n<p>Il <strong>Monza<\/strong> accoglie ufficialmente <strong>Ebenezer Akinsanmiro<\/strong>. Nella mattinata \u00e8 infatti arrivato il comunicato del club biancorosso, che ha annunciato l&#8217;arrivo del centrocampista nigeriano classe 2004 <strong>dall\u2019Inter<\/strong>. Operazione definita a<strong> titolo temporaneo con obbligo di riscatto al verificarsi di determinate condizioni.<\/strong><\/p>\n<p>&#8220;,&#8221;postId&#8221;:&#8221;2dcd9794-4fd3-4595-a2d9-ac3e22061cc1&#8243;,&#8221;postLink&#8221;:{&#8220;title&#8221;:&#8221;&#8221;,&#8221;url&#8221;:&#8221;&#8221;,&#8221;imageSrc&#8221;:&#8221;&#8221;}},{&#8220;timestamp&#8221;:&#8221;2026-08-01T10:05:36.540Z&#8221;,&#8221;timestampUtcIt&#8221;:&#8221;2026-08-01T12:05:36+0200&#8243;,&#8221;altBackground&#8221;:false,&#8221;title&#8221;:&#8221;Palermo, ufficiale l&#8217;arrivo di Vavassori&#8221;,&#8221;content&#8221;:&#8221;<\/p>\n<p>\u00c8 ufficiale l\u2019arrivo in rosanero dell\u2019esterno classe 2005 <strong>Dominic Vavassori<\/strong>. Il giocatore si trasferisce in prestito dall\u2019<strong>Atalanta.<\/strong><\/p>\n<p>&#8220;,&#8221;postId&#8221;:&#8221;1b103087-cdf9-43ac-964d-495b50f0b4a3&#8243;,&#8221;postLink&#8221;:{&#8220;title&#8221;:&#8221;&#8221;,&#8221;url&#8221;:&#8221;&#8221;,&#8221;imageSrc&#8221;:&#8221;&#8221;}},{&#8220;timestamp&#8221;:&#8221;2026-08-01T09:40:00.000Z&#8221;,&#8221;timestampUtcIt&#8221;:&#8221;2026-08-01T11:40:00+0200&#8243;,&#8221;altBackground&#8221;:false,&#8221;title&#8221;:&#8221;Lecce, in arrivo Geubbels per l&#8217;attacco&#8221;,&#8221;content&#8221;:&#8221;<\/p>\n<p>Colpo del Lecce: in arrivo il centravanti<strong> Willem Geubbels<\/strong> dal Paris Fc. <strong>Operazione a titolo definitivo per 5 milioni di euro, con il giocatore che ha firmato un contratto quinquennale<\/strong>. Alle 15:15 Geubbels atterrer\u00e0 all&#8217;aeroporto di Brindisi per sottoporsi alle visite mediche<\/p>\n<p>&#8220;,&#8221;postId&#8221;:&#8221;29bc0a51-ffbf-44f5-8793-77b5c0794460&#8243;,&#8221;postLink&#8221;:{&#8220;title&#8221;:&#8221;&#8221;,&#8221;url&#8221;:&#8221;&#8221;,&#8221;imageSrc&#8221;:&#8221;&#8221;}},{&#8220;timestamp&#8221;:&#8221;2026-08-01T09:30:00.000Z&#8221;,&#8221;timestampUtcIt&#8221;:&#8221;2026-08-01T11:30:00+0200&#8243;,&#8221;altBackground&#8221;:false,&#8221;title&#8221;:&#8221;Watford, ufficiali Ravaglia e Payero&#8221;,&#8221;content&#8221;:&#8221;<\/p>\n<p>Dopo il portiere Federico Ravaglia, <strong>il Watford rende ufficiale anche l&#8217;arrivo del centrocampista Martin Payero<\/strong>. Si trasferisce a titolo defintivo dall&#8217;Udinese: si tratta del secondo arrivo dal club bianconero, dopo quello dell&#8217;attaccante Iker Bravo.<\/p>\n<p>&#8220;,&#8221;postId&#8221;:&#8221;507aff0f-cd7a-48a0-aba7-d55489e4b718&#8243;,&#8221;postLink&#8221;:{&#8220;title&#8221;:&#8221;&#8221;,&#8221;url&#8221;:&#8221;&#8221;,&#8221;imageSrc&#8221;:&#8221;&#8221;}},{&#8220;timestamp&#8221;:&#8221;2026-08-01T09:20:00.000Z&#8221;,&#8221;timestampUtcIt&#8221;:&#8221;2026-08-01T11:20:00+0200&#8243;,&#8221;altBackground&#8221;:false,&#8221;title&#8221;:&#8221;Venezia scatenato: in arrivo anche Halhal&#8221;,&#8221;content&#8221;:&#8221;<\/p>\n<p>Altro colpo in chiusura per il Venezia: \u00e8 arrivato in citt\u00e0 nella serata di venerd\u00ec 31 luglio il difensore <strong>Redouane Halhal<\/strong>, che ha disputato i recenti Mondiali con la maglia del Marocco. Il 23enne sosterr\u00e0 oggi le visite mediche: <strong>arriva dal Mechelen<\/strong> &#8211; club di prima divisione belga &#8211; per <strong>5.5 milioni pi\u00f9 bonus<\/strong><\/p>\n<p>&#8220;,&#8221;postId&#8221;:&#8221;c8264cb3-75ac-4e59-89a2-8ad0a4696b99&#8243;,&#8221;postLink&#8221;:{&#8220;title&#8221;:&#8221;&#8221;,&#8221;url&#8221;:&#8221;&#8221;,&#8221;imageSrc&#8221;:&#8221;&#8221;}},{&#8220;timestamp&#8221;:&#8221;2026-08-01T09:10:00.000Z&#8221;,&#8221;timestampUtcIt&#8221;:&#8221;2026-08-01T11:10:00+0200&#8243;,&#8221;altBackground&#8221;:false,&#8221;title&#8221;:&#8221;Douglas Luiz: \\&#8221;Voglio restare alla Juve\\&#8221;&#8221;,&#8221;content&#8221;:&#8221;<\/p>\n<p>Il centrocampista brasiliano ha espresso chiaramente su Sky Sport la sua volont\u00e0 di restare alla Juventus: \\&#8221;Sono contento dell&#8217;opportunit\u00e0 che mi \u00e8 stata data, spero di dimostrare sul campo che sto bene. <strong>Qui \u00e8 dove voglio restare<\/strong>\\&#8221;<\/p>\n<p>&#8220;,&#8221;postId&#8221;:&#8221;b76484f3-1a07-406f-b29b-2bc853e8b2db&#8221;,&#8221;postLink&#8221;:{&#8220;title&#8221;:&#8221;Douglas Luiz dopo il gol contro il Nizza: &#8216;Voglio restare alla Juventus'&#8221;,&#8221;url&#8221;:&#8221;https:\/\/sport.sky.it\/calcio\/serie-a\/2026\/07\/31\/juventus-nizza-douglas-luiz-gol-intervista-video&#8221;,&#8221;imageSrc&#8221;:&#8221;https:\/\/sport.sky.it\/assets\/images\/76be35646cdef60540c72baedf738c46dccf2db4\/skysport\/it\/calcio\/serie-a\/2026\/07\/31\/juventus-nizza-douglas-luiz-gol-intervista-video\/douglas_luiz_screen.jpg?im=Resize,width=1218&#8243;}},{&#8220;timestamp&#8221;:&#8221;2026-08-01T09:00:00.000Z&#8221;,&#8221;timestampUtcIt&#8221;:&#8221;2026-08-01T11:00:00+0200&#8243;,&#8221;altBackground&#8221;:false,&#8221;title&#8221;:&#8221;Sohm sar\u00e0 del Venezia&#8221;,&#8221;content&#8221;:&#8221;<\/p>\n<p>Oggi sabato 1 agosto ci sar\u00e0 la firma di Sohm del contratto che lo legher\u00e0 con il Venezia. Il giocatore \u00e8 arrivato in citt\u00e0 venerd\u00ec 31 luglio per completare le visite mediche. <strong>Operazione in prestito oneroso con diritto di riscatto fissato sui 10 milioni di euro<\/strong><\/p>\n<p>\\n&#8221;,&#8221;postId&#8221;:&#8221;ce086a63-f143-4a7f-ac92-85d118854339&#8243;,&#8221;postLink&#8221;:{&#8220;title&#8221;:&#8221;&#8221;,&#8221;url&#8221;:&#8221;&#8221;,&#8221;imageSrc&#8221;:&#8221;&#8221;}},{&#8220;timestamp&#8221;:&#8221;2026-08-01T08:50:00.000Z&#8221;,&#8221;timestampUtcIt&#8221;:&#8221;2026-08-01T10:50:00+0200&#8243;,&#8221;altBackground&#8221;:false,&#8221;title&#8221;:&#8221;Roma, fatta per Koulierakis: i costi dell&#8217;operazione &#8220;,&#8221;content&#8221;:&#8221;<\/p>\n<p>Igiallorossi hanno sistemato gli ultimi dettagli per il trasferimento di <strong>Kostantinos\u00a0Koulierakis<\/strong>: il difensore greco \u00e8 atteso a Roma per la giornata di oggi sabato 1 agosto. Arriva dal Wolfsburg per <strong>17 milioni pi\u00f9 1,5 di bonus e il 20% sulla futura rivendita<\/strong><\/p>\n<p>&#8220;,&#8221;postId&#8221;:&#8221;a8a7dd03-e4c5-41f0-a493-6b2c68a4c433&#8243;,&#8221;postLink&#8221;:{&#8220;title&#8221;:&#8221;Roma, fatta per Koulierakis: le cifre dell&#8217;affare&#8221;,&#8221;url&#8221;:&#8221;https:\/\/sport.sky.it\/calciomercato\/2026\/07\/31\/roma-koulierakis-calciomercato-news&#8221;,&#8221;imageSrc&#8221;:&#8221;https:\/\/sport.sky.it\/assets\/images\/2dad2838845a3ef7078aa60ff68fe4cbc747fce6\/skysport\/it\/calcio\/calciomercato\/2026\/07\/30\/roma-koulierakis-calciomercato-news\/Koulierakis_wolfsburg_ansa.jpg?im=Resize,width=1218&#8243;}},{&#8220;timestamp&#8221;:&#8221;2026-08-01T08:40:00.000Z&#8221;,&#8221;timestampUtcIt&#8221;:&#8221;2026-08-01T10:40:00+0200&#8243;,&#8221;altBackground&#8221;:false,&#8221;title&#8221;:&#8221;Napoli, avanza il nome di Gatti: c&#8217;\u00e8 l&#8217;apertura della Juventus&#8221;,&#8221;content&#8221;:&#8221;<\/p>\n<p>Salgono le quotazioni di <strong>Federico Gatti per la difesa del Napoli<\/strong>. La <strong>Juventus <\/strong>ha dato la propria <strong>apertura al trasferimento <\/strong>e i club stanno lavorando per un prestito con obbligo di riscatto. C&#8217;\u00e8 l&#8217;ok di Massimiliano Allegri, che dopo averlo allenato in bianconero voleva gi\u00e0 portarlo al Milan<\/p>\n<p>&#8220;,&#8221;postId&#8221;:&#8221;a84ee067-586f-47a8-8bd3-5d3b855556fc&#8221;,&#8221;postLink&#8221;:{&#8220;title&#8221;:&#8221;Napoli, avanza il nome di Gatti per la difesa&#8221;,&#8221;url&#8221;:&#8221;https:\/\/sport.sky.it\/calciomercato\/2026\/07\/31\/napoli-gatti-juventus-calciomercato-news&#8221;,&#8221;imageSrc&#8221;:&#8221;https:\/\/sport.sky.it\/assets\/images\/8babe0c7db4ecd4b5f985b2701b7aa2b00319095\/skysport\/it\/calcio\/serie-a\/2025\/01\/25\/napoli-juventus-pagelle\/ANSA_GATTI_NAPOLI_JUVENTUS.jpg?im=Resize,width=1218&#8243;}},{&#8220;timestamp&#8221;:&#8221;2026-08-01T08:30:00.000Z&#8221;,&#8221;timestampUtcIt&#8221;:&#8221;2026-08-01T10:30:00+0200&#8243;,&#8221;altBackground&#8221;:false,&#8221;title&#8221;:&#8221;Kofler al Cagliari&#8221;,&#8221;content&#8221;:&#8221;<\/p>\n<p>Il club rossobl\u00f9 ha ufficializzato l&#8217;acquisto dal Sudtirol del difensore Raphael <strong>Kofler. <\/strong>Operazione in <strong>prestito con obbligo di riscatto a determinate condizioni. <\/strong>Il <strong>classe 2005<\/strong> ha firmato un contratto fino al <strong>30 giugno 2032<\/strong><\/p>\n<p>&#8220;,&#8221;postId&#8221;:&#8221;362fbb8c-a54e-4d5f-b5c7-5b2e99cf603a&#8221;,&#8221;postLink&#8221;:{&#8220;title&#8221;:&#8221;&#8221;,&#8221;url&#8221;:&#8221;&#8221;,&#8221;imageSrc&#8221;:&#8221;&#8221;}},{&#8220;timestamp&#8221;:&#8221;2026-08-01T08:20:00.000Z&#8221;,&#8221;timestampUtcIt&#8221;:&#8221;2026-08-01T10:20:00+0200&#8243;,&#8221;altBackground&#8221;:false,&#8221;title&#8221;:&#8221;Como mai cos\u00ec vicino a Chalobah&#8221;,&#8221;content&#8221;:&#8221;<\/p>\n<p>Il difensore inglese <strong>si avvicina al Como<\/strong>. Il club ha pronto un ultimo e decisivo rilancio per trovare l&#8217;accordo economico con il <strong>Chelsea <\/strong>(dopo aver da tempo raggiunto l&#8217;intesa con il giocatore) sulla base di<strong> 30 milioni pi\u00f9 bonus<\/strong><\/p>\n<p>&#8220;,&#8221;postId&#8221;:&#8221;2aedb752-24fa-4a7d-bab2-cb825d9c58b5&#8243;,&#8221;postLink&#8221;:{&#8220;title&#8221;:&#8221;Chalobah mai cos\u00ec vicino al Como&#8221;,&#8221;url&#8221;:&#8221;https:\/\/sport.sky.it\/calciomercato\/2026\/07\/31\/como-chalobah-chelsea-calciomercato-news&#8221;,&#8221;imageSrc&#8221;:&#8221;https:\/\/sport.sky.it\/assets\/images\/e7cf17297bfd8bee75d0373ca45fa1f4b907fa35\/skysport\/it\/calcio\/calciomercato\/2026\/07\/24\/como-chalobah-calciomercato-news\/chalobah_chelsea_ipa_1.jpg?im=Resize,width=1218&#8243;}},{&#8220;timestamp&#8221;:&#8221;2026-08-01T08:10:00.000Z&#8221;,&#8221;timestampUtcIt&#8221;:&#8221;2026-08-01T10:10:00+0200&#8243;,&#8221;altBackground&#8221;:false,&#8221;title&#8221;:&#8221;Fiorentina, interesse per Mastantuono del Real&#8221;,&#8221;content&#8221;:&#8221;<\/p>\n<p>I Viola hanno <strong>chiesto informazioni<\/strong> per il classe 2007, che lascer\u00e0 il Real Madrid in prestito. Il giocatore sta prendendo tempo per scegliere la sua prossima destinazione<\/p>\n<p>&#8220;,&#8221;postId&#8221;:&#8221;ceb8ae7e-d91f-44a2-8374-734de9abefc1&#8243;,&#8221;postLink&#8221;:{&#8220;title&#8221;:&#8221;Fiorentina, interesse per Mastantuono del Real Madrid&#8221;,&#8221;url&#8221;:&#8221;https:\/\/sport.sky.it\/calciomercato\/2026\/07\/31\/fiorentina-mastantuono-real-madrid-calciomercato-news&#8221;,&#8221;imageSrc&#8221;:&#8221;https:\/\/sport.sky.it\/assets\/images\/0e6f25a66056b462e30fa034a68d3652dd7f51a7\/skysport\/it\/calcio\/calciomercato\/2025\/09\/10\/liga-acquisti-piu-costosi-calciomercato-2025-top-11\/mastantuono_real_madrid_ansa.jpg?im=Resize,width=1218&#8243;}},{&#8220;timestamp&#8221;:&#8221;2026-08-01T08:00:00.000Z&#8221;,&#8221;timestampUtcIt&#8221;:&#8221;2026-08-01T10:00:00+0200&#8243;,&#8221;altBackground&#8221;:false,&#8221;title&#8221;:&#8221;Il Chelsea riabbraccia Mudryk&#8221;,&#8221;content&#8221;:&#8221;<\/p>\n<p><strong>Il Chelsea riabbraccia Mudryk <\/strong>dopo la squalifica per doping. Di fatto un \\&#8221;nuovo\\&#8221; acquisto per <strong>Xabi Alonso<\/strong>, dato che l&#8217;ucraino \u00e8 fermo da dicembre 2024, che ha a disposizione una rosa chilometrica da 5 portieri, 7 terzini, 9 difensori centrali (!) e 7 sette punte<\/p>\n<p>&#8220;,&#8221;postId&#8221;:&#8221;86d11820-423f-4d74-994b-6ccdbdd79e13&#8243;,&#8221;postLink&#8221;:{&#8220;title&#8221;:&#8221;Il Chelsea riabbraccia Mudryk: pu\u00f2 tornare a giocare dopo la squalifica&#8221;,&#8221;url&#8221;:&#8221;https:\/\/sport.sky.it\/calciomercato\/chelsea-calciatori-rosa-2026-2027&#8243;,&#8221;imageSrc&#8221;:&#8221;https:\/\/sport.sky.it\/assets\/images\/185289f32f57883e6ba9ecc6b8433f18ae67de47\/skysport\/it\/calcio\/calciomercato\/chelsea-calciatori-rosa-2026-2027\/xabi_alonso_chelsea_getty_og.jpg?im=Resize,width=1218&#8243;}},{&#8220;timestamp&#8221;:&#8221;2026-08-01T07:50:00.000Z&#8221;,&#8221;timestampUtcIt&#8221;:&#8221;2026-08-01T09:50:00+0200&#8243;,&#8221;altBackground&#8221;:false,&#8221;title&#8221;:&#8221;Eddie Howe non \u00e8 pi\u00f9 l&#8217;allenatore del Newcastle&#8221;,&#8221;content&#8221;:&#8221;<\/p>\n<p><strong>Eddie Howe<\/strong> non \u00e8 pi\u00f9 l&#8217;allenatore del Newcastle: lascia gli inglesi a sole tre settimane dall&#8217;inizio della Premier League. Al suo posto, come riportato da Sky Uk, dovrebbe arrivare<strong>\u00a0Matthias Jaissle dell&#8217;Al-Ahli<\/strong><\/p>\n<p>&#8220;,&#8221;postId&#8221;:&#8221;57356c45-6216-43c7-b1fd-fd2c23e1370e&#8221;,&#8221;postLink&#8221;:{&#8220;title&#8221;:&#8221;Calciomercato, Eddie Howe non \u00e8 pi\u00f9 l&#8217;allenatore del Newcastle&#8221;,&#8221;url&#8221;:&#8221;https:\/\/sport.sky.it\/calciomercato\/allenatori-svincolati&#8221;,&#8221;imageSrc&#8221;:&#8221;https:\/\/sport.sky.it\/assets\/images\/227df961dff50033f7e96c5b286f34cb479cfe22\/skysport\/it\/calcio\/calciomercato\/allenatori-svincolati\/eddie_howe_newcastle_ipa.jpg?im=Resize,width=1218&#8243;}},{&#8220;timestamp&#8221;:&#8221;2026-08-01T07:40:00.000Z&#8221;,&#8221;timestampUtcIt&#8221;:&#8221;2026-08-01T09:40:00+0200&#8243;,&#8221;altBackground&#8221;:false,&#8221;title&#8221;:&#8221;Genoa, ufficiale Mitaj dall&#8217;Al Ittihad&#8221;,&#8221;content&#8221;:&#8221;<\/p>\n<p>Operazione in <strong>prestito con diritto di riscatto. <\/strong>\u201cMario \u00e8 un giocatore che abbina due caratteristiche importanti: la qualit\u00e0 tecnica per la costruzione del gioco e la solidit\u00e0 mentale che non pu\u00f2 mancare al Genoa\\&#8221;, ha dichiarato il Chief of Football del club rossobl\u00f9 Lopez<\/p>\n<p>&#8220;,&#8221;postId&#8221;:&#8221;5f831e59-e065-440e-b4a3-83ffb88e703b&#8221;,&#8221;postLink&#8221;:{&#8220;title&#8221;:&#8221;&#8221;,&#8221;url&#8221;:&#8221;&#8221;,&#8221;imageSrc&#8221;:&#8221;&#8221;}},{&#8220;timestamp&#8221;:&#8221;2026-08-01T07:30:00.000Z&#8221;,&#8221;timestampUtcIt&#8221;:&#8221;2026-08-01T09:30:00+0200&#8243;,&#8221;altBackground&#8221;:false,&#8221;title&#8221;:&#8221;Julian Brandt riparte dall&#8217;Ajax&#8221;,&#8221;content&#8221;:&#8221;<\/p>\n<p><strong>Julian Brandt \u00e8 un nuovo giocatore dell&#8217;Ajax<\/strong>: il centrocampista era svincolato e nelle scorse settimane ci avevano pensato anche Roma e Juve<\/p>\n<p>&#8220;,&#8221;postId&#8221;:&#8221;9d45a6de-d171-4233-9caa-de552de518be&#8221;,&#8221;postLink&#8221;:{&#8220;title&#8221;:&#8221;Calciomercato, l&#8217;Ajax ufficializza l&#8217;arrivo di Brandt&#8221;,&#8221;url&#8221;:&#8221;https:\/\/sport.sky.it\/calciomercato\/calciomercato-2026-acquisti-ufficiali-estero-estate&#8221;,&#8221;imageSrc&#8221;:&#8221;https:\/\/sport.sky.it\/assets\/images\/f486959be881337fafec029e375336ebe759db7a\/skysport\/it\/calcio\/calciomercato\/calciomercato-2026-acquisti-ufficiali-estero-estate\/brandt_ajax.jpg?im=Resize,width=1218&#8243;}},{&#8220;timestamp&#8221;:&#8221;2026-08-01T07:20:00.000Z&#8221;,&#8221;timestampUtcIt&#8221;:&#8221;2026-08-01T09:20:00+0200&#8243;,&#8221;altBackground&#8221;:false,&#8221;title&#8221;:&#8221;Valdepenas \u00e8 un nuovo giocatore della Fiorentina&#8221;,&#8221;content&#8221;:&#8221;<\/p>\n<p>Operazione a <strong>titolo definitivo. <\/strong>Il difensore si trasferisce a Firenze, con i Blancos che manterranno il 50% sulla futura rivendita<\/p>\n<p>&#8220;,&#8221;postId&#8221;:&#8221;e7cce748-7e71-4efe-aaa5-4ea10133d880&#8243;,&#8221;postLink&#8221;:{&#8220;title&#8221;:&#8221;&#8221;,&#8221;url&#8221;:&#8221;&#8221;,&#8221;imageSrc&#8221;:&#8221;&#8221;}},{&#8220;timestamp&#8221;:&#8221;2026-08-01T07:10:00.000Z&#8221;,&#8221;timestampUtcIt&#8221;:&#8221;2026-08-01T09:10:00+0200&#8243;,&#8221;altBackground&#8221;:false,&#8221;title&#8221;:&#8221;6 ufficialit\u00e0 in Serie B nella giornata di ieri&#8221;,&#8221;content&#8221;:&#8221;<\/p>\n<p>Simone Verdi al Benevento ma non solo: tutti i colpi ufficiali fino a questo momento da parte delle squadre di Serie B<\/p>\n<p>&#8220;,&#8221;postId&#8221;:&#8221;b0f521a0-7920-422a-ad6c-1e72ac8b4674&#8243;,&#8221;postLink&#8221;:{&#8220;title&#8221;:&#8221;6 ufficialit\u00e0 in Serie B: i dettagli di tutti i colpi&#8221;,&#8221;url&#8221;:&#8221;https:\/\/sport.sky.it\/calciomercato\/calciomercato-serie-b-estate-2026-acquisti-ufficiali&#8221;,&#8221;imageSrc&#8221;:&#8221;https:\/\/sport.sky.it\/assets\/images\/c1b6531fa318cfd53479e0fe2ea92e62814caef4\/skysport\/it\/calcio\/calciomercato\/calciomercato-serie-b-estate-2026-acquisti-ufficiali\/verdi_benevento_1.jpg?im=Resize,width=1218&#8243;}}]}&#8221; query='{&#8220;configurationName&#8221;:&#8221;LIVEBLOG_CONTAINER_WIDGET&#8221;,&#8221;liveblogId&#8221;:&#8221;9f66dbc8-86a0-4f65-b415-c32851b270b4&#8243;,&#8221;tenant&#8221;:&#8221;sport&#8221;,&#8221;limit&#8221;:800}&#8217; config='{&#8220;live&#8221;:true,&#8221;isWebView&#8221;:false,&#8221;postsPerPageMobile&#8221;:10,&#8221;postsPerPageDesktop&#8221;:10}&#8217;&gt;<br \/>\n          Calciomercato, le news di oggiLeggi di pi\u00f9 <\/p>\n<p>9 minuti fa<\/p>\n<p>Juventus, Alajbegovic \u00e8 arrivato a Torino<\/p>\n<p>La Juventus si prepara ad accogliere il nuovo acquisto <strong>Kerim Alajbegovic<\/strong>: <strong>il giocatore bosniaco \u00e8 arrivato all&#8217;aeroporto di Torino-Caselle<\/strong>, accompagnato dall&#8217;ex bianconero Miralem Pjanic, intermediario nella buona riuscita della trattativa. Operazione da 30 milioni pi\u00f9 5 di bonus pi\u00f9 il 10% sulla futura rivendita.<\/p>\n<p>Immagini: Stefano Barollo<\/p>\n<p>22 minuti fa<\/p>\n<p>Casertana, ufficiale il rinnovo di Shady Oukhadda<\/p>\n<p>Ufficiale il rinnovo di <strong>Shady Oukhadda con la Casertana<\/strong>: Per il giocatore un contratto biennale<\/p>\n<p>42 minuti fa<\/p>\n<p>Salernitana, tris di arrivi: fatta per Mastrovito, Heinz e Zoia<\/p>\n<p>Tre nuovi volti sono attesi in casa <strong>Salernitana <\/strong>nelle prossime ore. Il DS <strong>Faggiano<\/strong> ha infatti concluso in modo positivo le trattative per <strong>Mastrovito<\/strong>, <strong>Heinz <\/strong>e <strong>Zoia<\/strong>.<\/p>\n<p>18:20<\/p>\n<p>Arzignano, ufficiale il ritorno di Campesan<\/p>\n<p>Ufficiale il ritorno di Elia <strong>Campesan all&#8217;Arzignano<\/strong>: il difensore, lo scorso anno, ha giocato in prestito al <strong>Bassano<\/strong>,<\/p>\n<p>18:00<\/p>\n<p>Ospitaletto, vicini i rinnovi di Gobbi e Gualandris<\/p>\n<p>Nei \u00a0prossimi giorni verranno firmati i rinnovi di\u00a0<strong>Gobbi <\/strong>e <strong>Gualandris <\/strong>con l&#8217;<strong>Ospitaletto<\/strong><\/p>\n<p>17:40<\/p>\n<p>Sorrento, fatta per Bolzan<\/p>\n<p>Fatta per l&#8217;arrivo di Alessnadro\u00a0<strong>Bolzan,\u00a0<\/strong>centravanti classe 2005, al <strong>Sorrento<\/strong><\/p>\n<p>17:20<\/p>\n<p>Bari, in arrivo Tribuzzi<\/p>\n<p>In arrivo Alessio\u00a0<strong>Tribuzzi al Bari<\/strong>: operazione in prestito con diritto di riscatto.<\/p>\n<p>17:00<\/p>\n<p>Vado, rinforzo in difesa: ecco Malanca<\/p>\n<p>\u00c8 ufficiale il rinforzo difensivo in cas<strong>a Vado: <\/strong>ufficiale l&#8217;arrivo di <strong>Lorenzo Malanca <\/strong>dalla <strong>Sampdoria.<\/strong> Difensore classe 2007, vestir\u00e0 rossobl\u00f9 con la formula del prestito.<\/p>\n<p>16:40<\/p>\n<p>Tottenham, Tonali gi\u00e0 a segno contro il Chelsea<\/p>\n<p>Il centrocampista italiano <strong>Sandro Tonali<\/strong> ha gi\u00e0 segnato con la sua nuova maglia, quella del <strong>Tottenham<\/strong>. Nell&#8217;amichevole vinta 2-1 contro il <strong>Chelsea <\/strong>il giocatore ex <strong>Newcastle <\/strong>ha segnato il momentaneo 1-0 degli spurs.<\/p>\n<p>16:20<\/p>\n<p>Pianese, ufficiale l&#8217;arrivo di Negri per l&#8217;attacco<\/p>\n<p>\u00c8 ufficiale in casa<strong> Pianese <\/strong>l&#8217;arrivo di<strong> Gabriele Negri<\/strong>. Attaccante classe 2006, \u00e8 stato prelevato dal <strong>Sassuolo<\/strong>.<\/p>\n<p>16:00<\/p>\n<p>Catania, fatta per l&#8217;arrivo di Perrotta<\/p>\n<p>Innesto importante per la difesa del <strong>Catania <\/strong>che si assicura l&#8217;arrivo di <strong>Marco Perrotta<\/strong>. Il giocatore, classe 1994, era <strong>svincolato <\/strong>dopo l&#8217;ultima esperienza in maglia <strong>Padova<\/strong> con la quale ha collezionato 31 presenze totali tra <strong>campionato <\/strong>e <strong>Coppa Italia<\/strong>.<\/p>\n<p>15:40<\/p>\n<p>Napoli, la festa del centenario LIVE su Sky Sport: il programma<\/p>\n<p>Le celebrazioni per i 100 anni del club saranno trasmesse questa sera in diretta su Sky: dalle 18 collegamenti con il nostro inviato <strong>Francesco Modugno su Sky Sport 24<\/strong>, mentre la cerimonia ufficiale sar\u00e0 live su Sky Sport Calcio dalle 20.45.<\/p>\n<p><a href=\"https:\/\/sport.sky.it\/calcio\/serie-a\/2026\/07\/31\/napoli-festa-centenario-dove-vedere-tv-streaming\" title=\"Napoli, la festa del centenario LIVE su Sky Sport Calcio sabato 1\u00b0 agosto\" class=\"lvbg-post-link\" data-intcmp=\"skysport_liveblog_liveblog-preview_null\" data-analytics-element=\"liveblog-preview\" rel=\"nofollow noopener\" target=\"_blank\"><img alt=\"Napoli, la festa del centenario LIVE su Sky Sport Calcio sabato 1\u00b0 agosto\" style=\"opacity:0;transition:opacity 0.3s\" class=\"lvbg-post-link__image\"\/>Napoli, la festa del centenario LIVE su Sky Sport Calcio sabato 1\u00b0 agostoVai al contenuto <\/a><\/p>\n<p>15:21<\/p>\n<p>City-Inter 2-4 dcr: ai calci di rigore vincono i nerazzurri<\/p>\n<p>L&#8217;Inter batte il <strong>Manchester City dopo i calci di rigore.\u00a0 <\/strong>Dagli undici metri pi\u00f9 precisi i nerazzurri che sbagliano solo un penalty con Frattesi. Nei tempi regolamentari il punteggio era di 1-1 con vantaggio dei citizens con <strong>Mubama\u00a0<\/strong>e il pareggio nerazzurro di <strong>Pavard<\/strong>.<\/p>\n<p><a href=\"https:\/\/sport.sky.it\/calcio\/serie-a\/2026\/08\/01\/manchester-city-inter-risultato-gol\" title=\"Man City-Inter LIVE, match di prestigio per i nerazzurri\" class=\"lvbg-post-link\" data-intcmp=\"skysport_liveblog_liveblog-preview_null\" data-analytics-element=\"liveblog-preview\" rel=\"nofollow noopener\" target=\"_blank\"><img alt=\"Man City-Inter LIVE, match di prestigio per i nerazzurri\" style=\"opacity:0;transition:opacity 0.3s\" class=\"lvbg-post-link__image\"\/>Man City-Inter LIVE, match di prestigio per i nerazzurriVai al contenuto <\/a><\/p>\n<p>15:20<\/p>\n<p>Frosinone, ufficiale l&#8217;acquisto di Akpoguma<\/p>\n<p>Ufficiale l&#8217;arrivo in difesa di <strong>Kevin Akpoguma<\/strong>. Il difensore, classe 1995, ha firmato fino al 30 giugno 2028.<\/p>\n<p>15:00<\/p>\n<p>Lecco, luned\u00ec le visite mediche per Matteo Arena <\/p>\n<p>Rinforzo in difesa per il Lecco, dalla Salernitana arriva Matteo Valente, il classe &#8217;99 si sottoporr\u00e0 alle visite mediche nella giornata di luned\u00ec e poi si metter\u00e0 subito a disposizione dell&#8217;allenatore, Federico <strong>Valente<\/strong>.\u00a0<\/p>\n<p>Il <strong>Lecco<\/strong> \u00e8 attivo sul mercato per rinforzare la rosa a disposizione dell&#8217;allenatore <strong>Valente<\/strong>: luned\u00ec sono in programma le visite mediche di Matteo <strong>Arena<\/strong>, difensore classe 1999 della Salernitana<\/p>\n<p>14:40<\/p>\n<p>Nuova esperienza in panchina per Marco Amelia: per lui c&#8217;\u00e8 l&#8217;Hamrun Spartans <\/p>\n<p>Nuova esperienza professionale per <strong>Marco Amelia<\/strong>, l&#8217;ex portiere del<strong> Milan <\/strong>\u00e8 adesso il nuovo allenatore dell&#8217;<strong>Hamrun Spartans<\/strong>, club di prima divisione maltese.<\/p>\n<p>14:20<\/p>\n<p>Casertana, ufficiale l&#8217;arrivo di Vezzoni <\/p>\n<p>La <strong>Casertana <\/strong>rinforza il proprio reparto offensivo con l&#8217;arrivo di <strong>Franco Vezzoni.<\/strong> C&#8217;\u00e8 il comunicato ufficiale del club campano: &#8220;La <strong>Casertana FC<\/strong> comunica di essersi assicurata le prestazioni sportive del calciatore <strong>Franco Orlando Vezzoni<\/strong>\u00a0che sottoscrive un <strong>accordo biennale<\/strong>.<\/p>\n<p>14:00<\/p>\n<p>Lazio, battuto l&#8217;Avellino in amichevole: 6-3 per i biancocelesti<\/p>\n<p>Amichevole tra amici e campioni del mondo: la<strong> Lazio <\/strong>di <strong>Gattuso <\/strong>supera <strong>6-3 l&#8217;Avellino <\/strong>di <strong>Nesta<\/strong>. Protagonista <strong>Ratkov <\/strong>(doppietta), a segno anche il giovane<strong> Serra, Belahyane, Taylor e Artistico <\/strong>su rigore.<\/p>\n<p><a href=\"https:\/\/sport.sky.it\/calcio\/serie-a\/2026\/08\/01\/amichevoli-serie-a-risultati-oggi-1-agosto\" title=\"Amichevoli, oggi 10 squadre di A in campo: programma e risultati\" class=\"lvbg-post-link\" data-intcmp=\"skysport_liveblog_liveblog-preview_null\" data-analytics-element=\"liveblog-preview\" rel=\"nofollow noopener\" target=\"_blank\"><img alt=\"Amichevoli, oggi 10 squadre di A in campo: programma e risultati\" style=\"opacity:0;transition:opacity 0.3s\" class=\"lvbg-post-link__image\"\/>Amichevoli, oggi 10 squadre di A in campo: programma e risultatiVai al contenuto <\/a><\/p>\n<p>13:40<\/p>\n<p>Pisa, per Zanon e Ferrah manca solo l&#8217;ufficialit\u00e0<\/p>\n<p>Simone <strong>Zanon<\/strong>, difensore che arriva dalla <strong>Carrarese<\/strong>, e Ichem <strong>Ferrah<\/strong>, esterno proveniente dal <strong>Lille <\/strong>sono in sede per la firma del contratto con i nerazzurri. Diventerranno entrambi giocatori del <strong>Pisa<\/strong>.\u00a0<\/p>\n<p>13:17<\/p>\n<p>Roma, Koulierakis  arrivato in citt\u00e0. Nelle prossime ore le visite mediche <\/p>\n<p>Konstantinos <strong>Koulierakis<\/strong> \u00e8 sbarcato a Roma, il difensore greco classe 2003 arriva dal <strong>Wolfsburg<\/strong>. Operazione da 17 milioni pi\u00f9 1,5 di bonus, il club tedesco mantiene il 20% in caso di futura rivendita. Nelle prossime ore il difensore si sottoporr\u00e0 alle visite mediche.\u00a0<\/p>\n<p>13:00<\/p>\n<p>Amichevoli estive di Serie A: oggi Inter-City su Sky<\/p>\n<p><strong>Oggi l&#8217;Inter contro il City su Sky<\/strong>, ieri\u00a0sono scese in campo altre tre italiane:<strong> la Juventus <\/strong>ha battuto 2-0 il <strong>Nizza, il Como <\/strong>ha vinto <strong>3-2 contro il Famalicao<\/strong>, mentre il<strong> Sassuolo<\/strong> ha pareggiato contro\u00a0la <strong>Folgore Caratese. Su Sky Sport e in streaming su NOW vi offriremo le prime uscite di Inter, Juventus, Milan e Napoli <\/strong>verso i primi impegni ufficiali, oltre allo <strong>spareggio di Conference League dell\u2019Atalanta<\/strong>. Di seguito il programma completo delle amichevoli su Sky e il quadro degli impegni estivi squadra per squadra<\/p>\n<p><a href=\"https:\/\/sport.sky.it\/calcio\/serie-a\/amichevoli-estive-serie-a-date-2026\" title=\"Amichevoli estive di Serie A:oggi l&#039;Inter contro il City su Sky alle 13.30\" class=\"lvbg-post-link\" data-intcmp=\"skysport_liveblog_liveblog-preview_null\" data-analytics-element=\"liveblog-preview\" rel=\"nofollow noopener\" target=\"_blank\"><img alt=\"Amichevoli estive di Serie A:oggi l'Inter contro il City su Sky alle 13.30\" style=\"opacity:0;transition:opacity 0.3s\" class=\"lvbg-post-link__image\"\/>Amichevoli estive di Serie A:oggi l&#8217;Inter contro il City su Sky alle 13.30Vai al contenuto <\/a><\/p>\n<p>12:42<\/p>\n<p>Cagliari, Esposito ha lasciato il ritiro senza autorizzazione<\/p>\n<p>Mediante una nota ufficiale, il <strong>Cagliari <\/strong>calcio informa che l&#8217;attaccante, Sebastiano Esposito, ha lasciato senza autorizzazione il ritiro dei sardi. Le parti stavano discutendo del rinnovo contrattuale, senza per\u00f2 arrivare all&#8217;intesa.\u00a0<\/p>\n<p>&#8220;Il Cagliari Calcio informa che Sebastiano Esposito ha lasciato senza autorizzazione il ritiro della Prima squadra a Ponte di Legno. Il calciatore, che al momento non ha fornito al Club motivazioni in merito alla propria decisione, non partir\u00e0 con la squadra alla volta della Germania per l\u2019amichevole di domenica contro l\u2019Union Berlin. La Societ\u00e0 valuter\u00e0 quanto accaduto e si riserva di adottare i conseguenti provvedimenti&#8221;.<\/p>\n<p>Leggi di pi\u00f9 <\/p>\n<p>12:40<\/p>\n<p>Napoli, De Laurentiis: &#8220;Al mio ciclo manca solo la Champions League. Chiss\u00e0 se Max Allegri ce la porter\u00e0.&#8221;<\/p>\n<p>Il numero uno del Napoli<strong> Aurelio De Laurentiis<\/strong> ha parlato a TGR Campania della stagione azzurra in programma: &#8220;Al mio ciclo manca solo la Champions League. Chiss\u00e0 se Max Allegri ce la porter\u00e0.\u00a0\u00c8 sempre un obiettivo, si deve andare per i massimi obiettivi. Soprattutto se sei il Napoli, che \u00e8 l&#8217;unica squadra italiana ad aver giocato in Europa per sedici stagioni consecutive. Sono stati 22 anni di successi, per completarli manca solo la vittoria della Champions&#8221;.<\/p>\n<p>12:17<\/p>\n<p>Monza, ufficiale l&#8217;arrivo di Akinsanmiro dall&#8217;Inter<\/p>\n<p>Il <strong>Monza<\/strong> accoglie ufficialmente <strong>Ebenezer Akinsanmiro<\/strong>. Nella mattinata \u00e8 infatti arrivato il comunicato del club biancorosso, che ha annunciato l&#8217;arrivo del centrocampista nigeriano classe 2004 <strong>dall\u2019Inter<\/strong>. Operazione definita a<strong> titolo temporaneo con obbligo di riscatto al verificarsi di determinate condizioni.<\/strong><\/p>\n<p>12:05<\/p>\n<p>Palermo, ufficiale l&#8217;arrivo di Vavassori<\/p>\n<p>\u00c8 ufficiale l\u2019arrivo in rosanero dell\u2019esterno classe 2005 <strong>Dominic Vavassori<\/strong>. Il giocatore si trasferisce in prestito dall\u2019<strong>Atalanta.<\/strong><\/p>\n<p>11:40<\/p>\n<p>Lecce, in arrivo Geubbels per l&#8217;attacco<\/p>\n<p>Colpo del Lecce: in arrivo il centravanti<strong> Willem Geubbels<\/strong> dal Paris Fc. <strong>Operazione a titolo definitivo per 5 milioni di euro, con il giocatore che ha firmato un contratto quinquennale<\/strong>. Alle 15:15 Geubbels atterrer\u00e0 all&#8217;aeroporto di Brindisi per sottoporsi alle visite mediche<\/p>\n<p>11:30<\/p>\n<p>Watford, ufficiali Ravaglia e Payero<\/p>\n<p>Dopo il portiere Federico Ravaglia, <strong>il Watford rende ufficiale anche l&#8217;arrivo del centrocampista Martin Payero<\/strong>. Si trasferisce a titolo defintivo dall&#8217;Udinese: si tratta del secondo arrivo dal club bianconero, dopo quello dell&#8217;attaccante Iker Bravo.<\/p>\n<p>11:20<\/p>\n<p>Venezia scatenato: in arrivo anche Halhal<\/p>\n<p>Altro colpo in chiusura per il Venezia: \u00e8 arrivato in citt\u00e0 nella serata di venerd\u00ec 31 luglio il difensore <strong>Redouane Halhal<\/strong>, che ha disputato i recenti Mondiali con la maglia del Marocco. Il 23enne sosterr\u00e0 oggi le visite mediche: <strong>arriva dal Mechelen<\/strong> &#8211; club di prima divisione belga &#8211; per <strong>5.5 milioni pi\u00f9 bonus<\/strong><\/p>\n<p>11:10<\/p>\n<p>Douglas Luiz: &#8220;Voglio restare alla Juve&#8221;<\/p>\n<p>Il centrocampista brasiliano ha espresso chiaramente su Sky Sport la sua volont\u00e0 di restare alla Juventus: &#8220;Sono contento dell&#8217;opportunit\u00e0 che mi \u00e8 stata data, spero di dimostrare sul campo che sto bene. <strong>Qui \u00e8 dove voglio restare<\/strong>&#8220;<\/p>\n<p><a href=\"https:\/\/sport.sky.it\/calcio\/serie-a\/2026\/07\/31\/juventus-nizza-douglas-luiz-gol-intervista-video\" title=\"Douglas Luiz dopo il gol contro il Nizza: &#039;Voglio restare alla Juventus&#039;\" class=\"lvbg-post-link\" data-intcmp=\"skysport_liveblog_liveblog-preview_null\" data-analytics-element=\"liveblog-preview\" rel=\"nofollow noopener\" target=\"_blank\"><img alt=\"Douglas Luiz dopo il gol contro il Nizza: 'Voglio restare alla Juventus'\" style=\"opacity:0;transition:opacity 0.3s\" class=\"lvbg-post-link__image\"\/>Douglas Luiz dopo il gol contro il Nizza: &#8216;Voglio restare alla Juventus&#8217;Vai al contenuto <\/a><\/p>\n<p>11:00<\/p>\n<p>Sohm sar\u00e0 del Venezia<\/p>\n<p>Oggi sabato 1 agosto ci sar\u00e0 la firma di Sohm del contratto che lo legher\u00e0 con il Venezia. Il giocatore \u00e8 arrivato in citt\u00e0 venerd\u00ec 31 luglio per completare le visite mediche. <strong>Operazione in prestito oneroso con diritto di riscatto fissato sui 10 milioni di euro<\/strong><\/p>\n<p>10:50<\/p>\n<p>Roma, fatta per Koulierakis: i costi dell&#8217;operazione <\/p>\n<p>Igiallorossi hanno sistemato gli ultimi dettagli per il trasferimento di <strong>Kostantinos\u00a0Koulierakis<\/strong>: il difensore greco \u00e8 atteso a Roma per la giornata di oggi sabato 1 agosto. Arriva dal Wolfsburg per <strong>17 milioni pi\u00f9 1,5 di bonus e il 20% sulla futura rivendita<\/strong><\/p>\n<p><a href=\"https:\/\/sport.sky.it\/calciomercato\/2026\/07\/31\/roma-koulierakis-calciomercato-news\" title=\"Roma, fatta per Koulierakis: le cifre dell&#039;affare\" class=\"lvbg-post-link\" data-intcmp=\"skysport_liveblog_liveblog-preview_null\" data-analytics-element=\"liveblog-preview\" rel=\"nofollow noopener\" target=\"_blank\"><img alt=\"Roma, fatta per Koulierakis: le cifre dell'affare\" style=\"opacity:0;transition:opacity 0.3s\" class=\"lvbg-post-link__image\"\/>Roma, fatta per Koulierakis: le cifre dell&#8217;affareVai al contenuto <\/a><\/p>\n<p>10:40<\/p>\n<p>Napoli, avanza il nome di Gatti: c&#8217;\u00e8 l&#8217;apertura della Juventus<\/p>\n<p>Salgono le quotazioni di <strong>Federico Gatti per la difesa del Napoli<\/strong>. La <strong>Juventus <\/strong>ha dato la propria <strong>apertura al trasferimento <\/strong>e i club stanno lavorando per un prestito con obbligo di riscatto. C&#8217;\u00e8 l&#8217;ok di Massimiliano Allegri, che dopo averlo allenato in bianconero voleva gi\u00e0 portarlo al Milan<\/p>\n<p><a href=\"https:\/\/sport.sky.it\/calciomercato\/2026\/07\/31\/napoli-gatti-juventus-calciomercato-news\" title=\"Napoli, avanza il nome di Gatti per la difesa\" class=\"lvbg-post-link\" data-intcmp=\"skysport_liveblog_liveblog-preview_null\" data-analytics-element=\"liveblog-preview\" rel=\"nofollow noopener\" target=\"_blank\"><img alt=\"Napoli, avanza il nome di Gatti per la difesa\" style=\"opacity:0;transition:opacity 0.3s\" class=\"lvbg-post-link__image\"\/>Napoli, avanza il nome di Gatti per la difesaVai al contenuto <\/a><\/p>\n<p>10:30<\/p>\n<p>Kofler al Cagliari<\/p>\n<p>Il club rossobl\u00f9 ha ufficializzato l&#8217;acquisto dal Sudtirol del difensore Raphael <strong>Kofler. <\/strong>Operazione in <strong>prestito con obbligo di riscatto a determinate condizioni. <\/strong>Il <strong>classe 2005<\/strong> ha firmato un contratto fino al <strong>30 giugno 2032<\/strong><\/p>\n<p>10:20<\/p>\n<p>Como mai cos\u00ec vicino a Chalobah<\/p>\n<p>Il difensore inglese <strong>si avvicina al Como<\/strong>. Il club ha pronto un ultimo e decisivo rilancio per trovare l&#8217;accordo economico con il <strong>Chelsea <\/strong>(dopo aver da tempo raggiunto l&#8217;intesa con il giocatore) sulla base di<strong> 30 milioni pi\u00f9 bonus<\/strong><\/p>\n<p><a href=\"https:\/\/sport.sky.it\/calciomercato\/2026\/07\/31\/como-chalobah-chelsea-calciomercato-news\" title=\"Chalobah mai cos\u00ec vicino al Como\" class=\"lvbg-post-link\" data-intcmp=\"skysport_liveblog_liveblog-preview_null\" data-analytics-element=\"liveblog-preview\" rel=\"nofollow noopener\" target=\"_blank\"><img alt=\"Chalobah mai cos\u00ec vicino al Como\" style=\"opacity:0;transition:opacity 0.3s\" class=\"lvbg-post-link__image\"\/>Chalobah mai cos\u00ec vicino al ComoVai al contenuto <\/a><\/p>\n<p>10:10<\/p>\n<p>Fiorentina, interesse per Mastantuono del Real<\/p>\n<p>I Viola hanno <strong>chiesto informazioni<\/strong> per il classe 2007, che lascer\u00e0 il Real Madrid in prestito. Il giocatore sta prendendo tempo per scegliere la sua prossima destinazione<\/p>\n<p><a href=\"https:\/\/sport.sky.it\/calciomercato\/2026\/07\/31\/fiorentina-mastantuono-real-madrid-calciomercato-news\" title=\"Fiorentina, interesse per Mastantuono del Real Madrid\" class=\"lvbg-post-link\" data-intcmp=\"skysport_liveblog_liveblog-preview_null\" data-analytics-element=\"liveblog-preview\" rel=\"nofollow noopener\" target=\"_blank\"><img alt=\"Fiorentina, interesse per Mastantuono del Real Madrid\" style=\"opacity:0;transition:opacity 0.3s\" class=\"lvbg-post-link__image\"\/>Fiorentina, interesse per Mastantuono del Real MadridVai al contenuto <\/a><\/p>\n<p>10:00<\/p>\n<p>Il Chelsea riabbraccia Mudryk<\/p>\n<p><strong>Il Chelsea riabbraccia Mudryk <\/strong>dopo la squalifica per doping. Di fatto un &#8220;nuovo&#8221; acquisto per <strong>Xabi Alonso<\/strong>, dato che l&#8217;ucraino \u00e8 fermo da dicembre 2024, che ha a disposizione una rosa chilometrica da 5 portieri, 7 terzini, 9 difensori centrali (!) e 7 sette punte<\/p>\n<p><a href=\"https:\/\/sport.sky.it\/calciomercato\/chelsea-calciatori-rosa-2026-2027\" title=\"Il Chelsea riabbraccia Mudryk: pu\u00f2 tornare a giocare dopo la squalifica\" class=\"lvbg-post-link\" data-intcmp=\"skysport_liveblog_liveblog-preview_null\" data-analytics-element=\"liveblog-preview\" rel=\"nofollow noopener\" target=\"_blank\"><img alt=\"Il Chelsea riabbraccia Mudryk: pu\u00f2 tornare a giocare dopo la squalifica\" style=\"opacity:0;transition:opacity 0.3s\" class=\"lvbg-post-link__image\"\/>Il Chelsea riabbraccia Mudryk: pu\u00f2 tornare a giocare dopo la squalificaVai al contenuto <\/a><\/p>\n<p>09:50<\/p>\n<p>Eddie Howe non \u00e8 pi\u00f9 l&#8217;allenatore del Newcastle<\/p>\n<p><strong>Eddie Howe<\/strong> non \u00e8 pi\u00f9 l&#8217;allenatore del Newcastle: lascia gli inglesi a sole tre settimane dall&#8217;inizio della Premier League. Al suo posto, come riportato da Sky Uk, dovrebbe arrivare<strong>\u00a0Matthias Jaissle dell&#8217;Al-Ahli<\/strong><\/p>\n<p><a href=\"https:\/\/sport.sky.it\/calciomercato\/allenatori-svincolati\" title=\"Calciomercato, Eddie Howe non \u00e8 pi\u00f9 l&#039;allenatore del Newcastle\" class=\"lvbg-post-link\" data-intcmp=\"skysport_liveblog_liveblog-preview_null\" data-analytics-element=\"liveblog-preview\" rel=\"nofollow noopener\" target=\"_blank\"><img alt=\"Calciomercato, Eddie Howe non \u00e8 pi\u00f9 l'allenatore del Newcastle\" style=\"opacity:0;transition:opacity 0.3s\" class=\"lvbg-post-link__image\"\/>Calciomercato, Eddie Howe non \u00e8 pi\u00f9 l&#8217;allenatore del NewcastleVai al contenuto <\/a><\/p>\n<p>09:40<\/p>\n<p>Genoa, ufficiale Mitaj dall&#8217;Al Ittihad<\/p>\n<p>Operazione in <strong>prestito con diritto di riscatto. <\/strong>\u201cMario \u00e8 un giocatore che abbina due caratteristiche importanti: la qualit\u00e0 tecnica per la costruzione del gioco e la solidit\u00e0 mentale che non pu\u00f2 mancare al Genoa&#8221;, ha dichiarato il Chief of Football del club rossobl\u00f9 Lopez<\/p>\n<p>09:30<\/p>\n<p>Julian Brandt riparte dall&#8217;Ajax<\/p>\n<p><strong>Julian Brandt \u00e8 un nuovo giocatore dell&#8217;Ajax<\/strong>: il centrocampista era svincolato e nelle scorse settimane ci avevano pensato anche Roma e Juve<\/p>\n<p><a href=\"https:\/\/sport.sky.it\/calciomercato\/calciomercato-2026-acquisti-ufficiali-estero-estate\" title=\"Calciomercato, l&#039;Ajax ufficializza l&#039;arrivo di Brandt\" class=\"lvbg-post-link\" data-intcmp=\"skysport_liveblog_liveblog-preview_null\" data-analytics-element=\"liveblog-preview\" rel=\"nofollow noopener\" target=\"_blank\"><img alt=\"Calciomercato, l'Ajax ufficializza l'arrivo di Brandt\" style=\"opacity:0;transition:opacity 0.3s\" class=\"lvbg-post-link__image\"\/>Calciomercato, l&#8217;Ajax ufficializza l&#8217;arrivo di BrandtVai al contenuto <\/a><\/p>\n<p>09:20<\/p>\n<p>Valdepenas \u00e8 un nuovo giocatore della Fiorentina<\/p>\n<p>Operazione a <strong>titolo definitivo. <\/strong>Il difensore si trasferisce a Firenze, con i Blancos che manterranno il 50% sulla futura rivendita<\/p>\n<p>09:10<\/p>\n<p>6 ufficialit\u00e0 in Serie B nella giornata di ieri<\/p>\n<p>Simone Verdi al Benevento ma non solo: tutti i colpi ufficiali fino a questo momento da parte delle squadre di Serie B<\/p>\n<p><a href=\"https:\/\/sport.sky.it\/calciomercato\/calciomercato-serie-b-estate-2026-acquisti-ufficiali\" title=\"6 ufficialit\u00e0 in Serie B: i dettagli di tutti i colpi\" class=\"lvbg-post-link\" data-intcmp=\"skysport_liveblog_liveblog-preview_null\" data-analytics-element=\"liveblog-preview\" rel=\"nofollow noopener\" target=\"_blank\"><img alt=\"6 ufficialit\u00e0 in Serie B: i dettagli di tutti i colpi\" style=\"opacity:0;transition:opacity 0.3s\" class=\"lvbg-post-link__image\"\/>6 ufficialit\u00e0 in Serie B: i dettagli di tutti i colpiVai al contenuto <\/a><\/p>\n","protected":false},"excerpt":{"rendered":"\\n Juventus, Alajbegovic \u00e8 arrivato a Torino \\n Roma, Koulierakis arrivato in citt\u00e0. Nelle prossime ore le visite&hellip;\n","protected":false},"author":3,"featured_media":612905,"comment_status":"","ping_status":"","sticky":false,"template":"","format":"standard","meta":{"footnotes":"","_share_on_mastodon":"0"},"categories":[1452],"tags":[7724,569,586,6300,721,353,6295,39578,16323,14179,7725,6293,6294,3705,2263,1740,5281,6298,350,1537,90,89,565,558,5188,6296,553,11121,248,6301,6299,1739,245,244,1641,2817,222],"class_list":["post-612904","post","type-post","status-publish","format-standard","has-post-thumbnail","category-calcio","tag-as-roma","tag-atalanta","tag-bologna","tag-cagliari","tag-calcio","tag-calciomercato","tag-calciomercato-estero","tag-calciomercato-fiorentina","tag-calciomercato-inter","tag-calciomercato-napoli","tag-calciomercato-roma","tag-calciomercato-serie-a","tag-calciomercato-serie-b","tag-como","tag-fiorentina","tag-football","tag-frosinone","tag-genoa","tag-inter","tag-it","tag-italia","tag-italy","tag-juve","tag-juventus","tag-lazio","tag-lecce","tag-milan","tag-monza","tag-napoli","tag-parma","tag-sassuolo","tag-soccer","tag-sport","tag-sports","tag-torino","tag-udinese","tag-venezia"],"share_on_mastodon":{"url":"https:\/\/pubeurope.com\/@it\/117021436011774853","error":""},"_links":{"self":[{"href":"https:\/\/www.europesays.com\/it\/wp-json\/wp\/v2\/posts\/612904","targetHints":{"allow":["GET"]}}],"collection":[{"href":"https:\/\/www.europesays.com\/it\/wp-json\/wp\/v2\/posts"}],"about":[{"href":"https:\/\/www.europesays.com\/it\/wp-json\/wp\/v2\/types\/post"}],"author":[{"embeddable":true,"href":"https:\/\/www.europesays.com\/it\/wp-json\/wp\/v2\/users\/3"}],"replies":[{"embeddable":true,"href":"https:\/\/www.europesays.com\/it\/wp-json\/wp\/v2\/comments?post=612904"}],"version-history":[{"count":0,"href":"https:\/\/www.europesays.com\/it\/wp-json\/wp\/v2\/posts\/612904\/revisions"}],"wp:featuredmedia":[{"embeddable":true,"href":"https:\/\/www.europesays.com\/it\/wp-json\/wp\/v2\/media\/612905"}],"wp:attachment":[{"href":"https:\/\/www.europesays.com\/it\/wp-json\/wp\/v2\/media?parent=612904"}],"wp:term":[{"taxonomy":"category","embeddable":true,"href":"https:\/\/www.europesays.com\/it\/wp-json\/wp\/v2\/categories?post=612904"},{"taxonomy":"post_tag","embeddable":true,"href":"https:\/\/www.europesays.com\/it\/wp-json\/wp\/v2\/tags?post=612904"}],"curies":[{"name":"wp","href":"https:\/\/api.w.org\/{rel}","templated":true}]}}