{"id":613030,"date":"2026-08-01T19:09:14","date_gmt":"2026-08-01T19:09:14","guid":{"rendered":"https:\/\/www.europesays.com\/it\/613030\/"},"modified":"2026-08-01T19:09:14","modified_gmt":"2026-08-01T19:09:14","slug":"infortunio-al-ginocchio-chirichella-torna-a-novara-per-la-riabilitazione","status":"publish","type":"post","link":"https:\/\/www.europesays.com\/it\/613030\/","title":{"rendered":"Infortunio al ginocchio, Chirichella torna a Novara per la riabilitazione"},"content":{"rendered":"<p>L\u2019ex capitano della Igor Gorgonzola Novara e della nazionale Cristina Chirichella, infortunata gravemente al ginocchio sinistro nel finale di stagione alla Prosecco Doc Antonio Carraro Imoco Conegliano, proseguir\u00e0 il suo percorso riabilitativo aggregata al gruppo azzurro, di Novara.\u00a0<\/p>\n<p>La dirigenza ha deciso di accordare questa opportunit\u00e0 a un\u2019atleta che ha rivestito un ruolo da grande protagonista nella storia e nei trionfi del club azzurro, accompagnandola in un momento difficile e fino alla ripresa dell\u2019attivit\u00e0 agonistica. A scanso di equivoci, meglio precisare che non sar\u00e0 il rinforzo al centro tanto inseguito dalla societ\u00e0 piemontese. \u00abCristina ha sempre dichiarato che Novara \u00e8 casa per lei &#8211; dichiara Enrico Marchioni (direttore generale Igor Gorgonzola Novara): e sebbene due anni fa le strade sportive si siano divise, ha mantenuto ottimi rapporti con tutti noi e un legame, per motivi personali, con il territorio. Quando ci ha chiesto di poter effettuare la riabilitazione con noi, abbiamo accettato con piacere. Ci sembra una cosa giusta e doverosa verso chi ha contribuito per dieci anni a scrivere pagine importanti della nostra storia\u00bb.<\/p>\n<p>Cristina Chirichella ha compiuto 32 anni il 10 febbraio e nei due anni alla Prosecco Doc Antonio Carraro Imoco Conegliano ha vinto sette trofei. \u00c8 una dei capisaldi del Grande Slam dell\u2019anno scorso: un Mondiale, una Champions, due scudetti (uno con Novara 2017), due Coppe Italia (una con Novara 2015), una Supercoppa (una con Novara 2017). La giocatrice campana aveva firmato per il Giappone ma il contratto \u00e8 saltato per l\u2019infortunio. Ora il ritorno a Novara.<\/p>\n","protected":false},"excerpt":{"rendered":"L\u2019ex capitano della Igor Gorgonzola Novara e della nazionale Cristina Chirichella, infortunata gravemente al ginocchio sinistro nel finale&hellip;\n","protected":false},"author":3,"featured_media":613031,"comment_status":"","ping_status":"","sticky":false,"template":"","format":"standard","meta":{"footnotes":"","_share_on_mastodon":"0"},"categories":[1474],"tags":[69723,96992,8455,1537,90,89,245,244,1869],"class_list":["post-613030","post","type-post","status-publish","format-standard","has-post-thumbnail","category-volley","tag-igor-novara","tag-imoco-volley","tag-infortuni","tag-it","tag-italia","tag-italy","tag-sport","tag-sports","tag-volley"],"share_on_mastodon":{"url":"https:\/\/pubeurope.com\/@it\/117021832840163868","error":""},"_links":{"self":[{"href":"https:\/\/www.europesays.com\/it\/wp-json\/wp\/v2\/posts\/613030","targetHints":{"allow":["GET"]}}],"collection":[{"href":"https:\/\/www.europesays.com\/it\/wp-json\/wp\/v2\/posts"}],"about":[{"href":"https:\/\/www.europesays.com\/it\/wp-json\/wp\/v2\/types\/post"}],"author":[{"embeddable":true,"href":"https:\/\/www.europesays.com\/it\/wp-json\/wp\/v2\/users\/3"}],"replies":[{"embeddable":true,"href":"https:\/\/www.europesays.com\/it\/wp-json\/wp\/v2\/comments?post=613030"}],"version-history":[{"count":0,"href":"https:\/\/www.europesays.com\/it\/wp-json\/wp\/v2\/posts\/613030\/revisions"}],"wp:featuredmedia":[{"embeddable":true,"href":"https:\/\/www.europesays.com\/it\/wp-json\/wp\/v2\/media\/613031"}],"wp:attachment":[{"href":"https:\/\/www.europesays.com\/it\/wp-json\/wp\/v2\/media?parent=613030"}],"wp:term":[{"taxonomy":"category","embeddable":true,"href":"https:\/\/www.europesays.com\/it\/wp-json\/wp\/v2\/categories?post=613030"},{"taxonomy":"post_tag","embeddable":true,"href":"https:\/\/www.europesays.com\/it\/wp-json\/wp\/v2\/tags?post=613030"}],"curies":[{"name":"wp","href":"https:\/\/api.w.org\/{rel}","templated":true}]}}