{"id":613445,"date":"2026-08-02T01:20:17","date_gmt":"2026-08-02T01:20:17","guid":{"rendered":"https:\/\/www.europesays.com\/it\/613445\/"},"modified":"2026-08-02T01:20:17","modified_gmt":"2026-08-02T01:20:17","slug":"danubio-ai-minimi-storici-a-budapest-lacqua-scende-a-23-centimetri-riemergono-relitti-mammut-e-proiettili-da-catapulta","status":"publish","type":"post","link":"https:\/\/www.europesays.com\/it\/613445\/","title":{"rendered":"Danubio ai minimi storici, a Budapest l\u2019acqua scende a 23 centimetri: riemergono relitti, mammut e proiettili da catapulta"},"content":{"rendered":"<p>\n                            Il punto sui temi di attualit\u00e0, ogni luned\u00ec<br \/>\n                            <b>Iscriviti<\/b> e ricevi le notizie via email\n                        <\/p>\n<p>Appena 23 centimetri. A <strong>Budapest <\/strong>il livello dell\u2019acqua del <strong>Danubio <\/strong>ha raggiunto <strong>mercoled\u00ec 29 luglio<\/strong> un nuovo minimo storico, scendendo sotto il precedente record negativo di <strong>33 centimetri<\/strong> registrato nel <strong>2018<\/strong>. Nonostante una lieve risalita nelle ore successive, la situazione resta critica: la seconda grande ondata di calore dell\u2019estate sta raggiungendo l\u2019Ungheria e il fiume continua a mostrare gli effetti della siccit\u00e0. <\/p>\n<p>I tanti ritrovamenti Per rendersi conto della portata della crisi basta un\u2019immagine: <strong>G\u00e1bor Dezs\u0151 K\u00fcrti<\/strong>, presidente del Club Ciclistico Ungherese, ha raccontato di aver percorso in bicicletta un tratto del letto ormai asciutto del <strong>Danubio tra Budapest e V\u00e1c<\/strong>. Un gesto simbolico, ma anche la misura visiva di un fiume trasformato dalla siccit\u00e0. Il ritiro dell\u2019acqua ha fatto riemergere anche reperti e relitti. Tra questi una <strong>pietra dalla forma quasi perfettamente sferica<\/strong>, che secondo l\u2019archeologo Gergely Buz\u00e1s potrebbe essere un antico proiettile da catapulta. Oggetti simili venivano utilizzati negli assedi, anche nell\u2019area di Visegr\u00e1d, e sono stati impiegati per secoli, dall\u2019et\u00e0 romana fino all\u2019epoca moderna. Vicino a Moh\u00e1cs \u00e8 emerso dal letto del Danubio anche il <strong>relitto di una nave della Seconda guerra mondiale<\/strong>. Pi\u00f9 a valle, presso il villaggio di Ryahovo, nella Bulgaria nord-orientale, il livello eccezionalmente basso del fiume ha riportato alla luce resti di un grande esemplare di <strong>mammut lanoso<\/strong>. Secondo il professor Nikolay Nenov, direttore del Museo regionale di storia di Ruse, il ritrovamento comprende una mandibola, due zanne e forse una costola. Le navi bloccate <\/p>\n<p>&#13;<br \/>\n    APPROFONDIMENTI&#13;<br \/>\n    &#13;<\/p>\n<p>La siccit\u00e0 sta creando problemi anche alla navigazione. In diversi tratti del fiume si sono formate secche sabbiose che rendono difficile, e in alcuni casi impossibile, il passaggio delle imbarcazioni. <strong>Le restrizioni alla navigazione fluviale stanno colpendo sia il traffico merci sia quello passeggeri<\/strong>, con conseguenze economiche per uno dei corridoi pi\u00f9 importanti dell\u2019Europa centrale. In Ungheria l\u2019allarme riguarda anche la gestione della scarsit\u00e0 idrica. Le autorit\u00e0 hanno segnalato che in gran parte dei distretti monitorati l\u2019indice di siccit\u00e0 ha superato le soglie previste dalla legge, confermando una <strong>pressione crescente su agricoltura, trasporti e produzione energetica<\/strong>.<\/p>\n<p> La centrale nucleare di Paks Il nodo pi\u00f9 delicato riguarda la <strong>centrale nucleare di Paks<\/strong>, nell\u2019Ungheria meridionale, che utilizza l\u2019acqua del Danubio per il raffreddamento. I quattro reattori dell\u2019impianto stanno lavorando a meno del 50% della capacit\u00e0 complessiva e potrebbero essere spenti completamente se il livello del fiume dovesse continuare a scendere. La centrale di Paks copre quasi met\u00e0 del fabbisogno elettrico dell\u2019Ungheria. Per questo l\u2019eventuale stop totale rappresenterebbe un passaggio senza precedenti nella storia dell\u2019impianto e aprirebbe una fase molto delicata per la sicurezza energetica del Paese. L\u2019Associated Press ha riferito che il governo ungherese si prepara alla possibilit\u00e0 di uno spegnimento completo per la prima volta nella storia della centrale. Il problema non riguarda solo l\u2019Ungheria. Anche la Romania ha dichiarato lo stato di emergenza per tutto agosto dopo il calo della produzione elettrica legato ai bassi livelli del Danubio, che hanno inciso anche sul funzionamento del settore nucleare. Il Danubio sta diventando il termometro di una crisi pi\u00f9 ampia: ambientale, energetica e logistica. Un fiume troppo basso per far navigare le navi, troppo basso per raffreddare gli impianti, ma abbastanza basso da riportare in superficie pezzi di storia rimasti sepolti per secoli.                <\/p>\n<p>&#13;<br \/>\n                            \u00a9 RIPRODUZIONE RISERVATA&#13;<\/p>\n<p>&#13;<\/p>\n","protected":false},"excerpt":{"rendered":"Il punto sui temi di attualit\u00e0, ogni luned\u00ec Iscriviti e ricevi le notizie via email Appena 23 centimetri.&hellip;\n","protected":false},"author":3,"featured_media":613446,"comment_status":"","ping_status":"","sticky":false,"template":"","format":"standard","meta":{"footnotes":"","_share_on_mastodon":"0"},"categories":[160],"tags":[12933,338113,14,164,165,45777,83577,166,7,15,338114,11,167,12,168,161,162,163],"class_list":["post-613445","post","type-post","status-publish","format-standard","has-post-thumbnail","category-mondo","tag-budapest","tag-centrale-paks","tag-cronaca","tag-dal-mondo","tag-dalmondo","tag-danubio","tag-mammut","tag-mondo","tag-news","tag-notizie","tag-ritrovamenti-relitti","tag-ultime-notizie","tag-ultime-notizie-di-mondo","tag-ultimenotizie","tag-ultimenotiziedimondo","tag-world","tag-world-news","tag-worldnews"],"share_on_mastodon":{"url":"https:\/\/pubeurope.com\/@it\/117023291940168195","error":""},"_links":{"self":[{"href":"https:\/\/www.europesays.com\/it\/wp-json\/wp\/v2\/posts\/613445","targetHints":{"allow":["GET"]}}],"collection":[{"href":"https:\/\/www.europesays.com\/it\/wp-json\/wp\/v2\/posts"}],"about":[{"href":"https:\/\/www.europesays.com\/it\/wp-json\/wp\/v2\/types\/post"}],"author":[{"embeddable":true,"href":"https:\/\/www.europesays.com\/it\/wp-json\/wp\/v2\/users\/3"}],"replies":[{"embeddable":true,"href":"https:\/\/www.europesays.com\/it\/wp-json\/wp\/v2\/comments?post=613445"}],"version-history":[{"count":0,"href":"https:\/\/www.europesays.com\/it\/wp-json\/wp\/v2\/posts\/613445\/revisions"}],"wp:featuredmedia":[{"embeddable":true,"href":"https:\/\/www.europesays.com\/it\/wp-json\/wp\/v2\/media\/613446"}],"wp:attachment":[{"href":"https:\/\/www.europesays.com\/it\/wp-json\/wp\/v2\/media?parent=613445"}],"wp:term":[{"taxonomy":"category","embeddable":true,"href":"https:\/\/www.europesays.com\/it\/wp-json\/wp\/v2\/categories?post=613445"},{"taxonomy":"post_tag","embeddable":true,"href":"https:\/\/www.europesays.com\/it\/wp-json\/wp\/v2\/tags?post=613445"}],"curies":[{"name":"wp","href":"https:\/\/api.w.org\/{rel}","templated":true}]}}