{"id":613612,"date":"2026-08-02T04:40:29","date_gmt":"2026-08-02T04:40:29","guid":{"rendered":"https:\/\/www.europesays.com\/it\/613612\/"},"modified":"2026-08-02T04:40:29","modified_gmt":"2026-08-02T04:40:29","slug":"uae-emirates-xrg-il-rinnovo-di-contratto-di-isaac-del-toro-e-in-stand-by-il-messicano-vorrebbe-garanzie-sul-ruolo-nel-caso-di-arrivo-di-paul-seixas","status":"publish","type":"post","link":"https:\/\/www.europesays.com\/it\/613612\/","title":{"rendered":"UAE Emirates XRG, il rinnovo di contratto di Isaac Del Toro \u00e8 in stand-by: il messicano vorrebbe garanzie sul ruolo nel caso di arrivo di Paul Seixas"},"content":{"rendered":"<p>\t\t<img width=\"2560\" height=\"1707\" src=\"https:\/\/www.europesays.com\/it\/wp-content\/uploads\/2026\/06\/1276099884-scaled.jpg\" class=\"attachment-full size-full wp-post-image\" alt=\"\" data-main-img=\"1\" decoding=\"async\" fetchpriority=\"high\"  \/><\/p>\n<p>\t\t\t\t\t\t\t \u00a9 Sirotti<\/p>\n<p>\t\t\t\t\t<a href=\"https:\/\/cyclingpro.net\/spaziociclismo\/altro\/scopri-lapp-ufficiale-di-spaziociclismo\/\" title=\"\" rel=\"nofollow noopener\" target=\"_blank\"><br \/>\n\t\t\t\t\t\t<img loading=\"lazy\" decoding=\"async\" src=\"https:\/\/www.europesays.com\/it\/wp-content\/uploads\/2025\/09\/1758060682_662_Banner-App-SpazioCiclismo.png\" alt=\"\" width=\"728\" height=\"91\"\/><br \/>\n\t\t\t\t\t<\/a><\/p>\n<p>Al momento non sembra essere stato trovato un accordo per il rinnovo di <strong>Isaac Del Toro<\/strong> con la <strong>UAE Team Emirates-XRG<\/strong>. Il 22enne messicano \u00e8 legato fino al 2029 con il team emiratino, con cui \u00e8 diventato professionista nel 2024, ma la volont\u00e0 da parte dei dirigenti sarebbe quella di estendere ulteriormente la durata del contratto, cos\u00ec da assicurarsi la sua permanenza per la parte principale della carriera. Il team ha fatto chiaramente capire come creda molto nel potenziale e nella crescita del messicano. In tal senso quanto visto al recente <strong>Tour de France<\/strong> \u00e8 stato un esempio, con il capitano <strong>Tadej Poga\u010dar<\/strong> che si \u00e8 messo in prima persona al supporto del compagno, che sembra gi\u00e0 il suo erede designato per il futuro.<\/p>\n<p> <a href=\"https:\/\/cyclingpro.net\/spaziociclismo\/abbonati\/\" rel=\"nofollow noopener\" target=\"_blank\"><img decoding=\"async\" src=\"https:\/\/www.europesays.com\/it\/wp-content\/uploads\/2026\/07\/Banner-AdFree-SpazioCiclismo.png\"\/><\/a><\/p>\n<p>Secondo quanto riportato da Daniel Benson, gli agenti di Del Toro avrebbero per il momento rifiutato la proposta del team di negoziare nuovi termini, in quanto non ci sarebbe l\u2019urgenza di farlo e soprattutto perch\u00e9 vorrebbero garanzie sul ruolo del messicano in caso di arrivo di un altro big, ovvero <strong>Paul Seixas<\/strong>. Il talento francese ha un contratto fino al 2027 con la <strong>Decathlon CMA CGM<\/strong>, che far\u00e0 di tutto per trattenerlo, ma \u00e8 noto che molti team siano interessati e la UAE Team Emirates-XRG \u00e8 tra quelli che potrebbero garantire l\u2019offerta migliore. Per questo gli agenti del messicano vorrebbero prima capire come si evolver\u00e0 la situazione di Seixas, in modo da essere sicuri che il proprio assistito corra gli anni centrali della carriera con un ruolo da capitano.<\/p>\n<p>Seguici<\/p>\n<p>\t\t\t\t\t\t\t\t\t\t<a href=\"https:\/\/news.google.com\/publications\/CAAqKQgKIiNDQklTRkFnTWFoQUtEbU41WTJ4cGJtZHdjbTh1Ym1WMEtBQVAB?hl=it&amp;gl=IT&amp;ceid=IT%3Ait\" title=\"Google News\" target=\"_blank\" rel=\"nofollow noopener\" class=\"post-followus-btn google-new-btn\"><br \/>\n\t\t\t\t\t\t<img decoding=\"async\" src=\"https:\/\/cyclingpro.net\/spaziociclismo\/wp-content\/themes\/jannah\/assets\/images\/google-news.svg\" alt=\"Google News\" loading=\"lazy\" width=\"120\" height=\"22\"\/><br \/>\n\t\t\t\t\t<\/a><br \/>\n\t\t\t\t\t\t\t\t\t\t<a href=\"https:\/\/flipboard.com\/@SpazioCiclismo\" title=\"Flipboard\" target=\"_blank\" rel=\"nofollow noopener\" class=\"post-followus-btn flipboard-btn\"><br \/>\n\t\t\t\t\t\t<img decoding=\"async\" src=\"https:\/\/cyclingpro.net\/spaziociclismo\/wp-content\/themes\/jannah\/assets\/images\/flipboard.svg\" alt=\"Flipboard\" loading=\"lazy\" width=\"152\" height=\"30\"\/><br \/>\n\t\t\t\t\t<\/a><\/p>\n","protected":false},"excerpt":{"rendered":"\u00a9 Sirotti Al momento non sembra essere stato trovato un accordo per il rinnovo di Isaac Del Toro&hellip;\n","protected":false},"author":3,"featured_media":540795,"comment_status":"","ping_status":"","sticky":false,"template":"","format":"standard","meta":{"footnotes":"","_share_on_mastodon":"0"},"categories":[1456],"tags":[1824,18904,1825,10943,1537,90,89,245,244,145510],"class_list":["post-613612","post","type-post","status-publish","format-standard","has-post-thumbnail","category-ciclismo","tag-ciclismo","tag-ciclomercato","tag-cycling","tag-isaac-del-toro","tag-it","tag-italia","tag-italy","tag-sport","tag-sports","tag-uae-team-emirates-xrg-2026"],"share_on_mastodon":{"url":"https:\/\/pubeurope.com\/@it\/117024079253771721","error":""},"_links":{"self":[{"href":"https:\/\/www.europesays.com\/it\/wp-json\/wp\/v2\/posts\/613612","targetHints":{"allow":["GET"]}}],"collection":[{"href":"https:\/\/www.europesays.com\/it\/wp-json\/wp\/v2\/posts"}],"about":[{"href":"https:\/\/www.europesays.com\/it\/wp-json\/wp\/v2\/types\/post"}],"author":[{"embeddable":true,"href":"https:\/\/www.europesays.com\/it\/wp-json\/wp\/v2\/users\/3"}],"replies":[{"embeddable":true,"href":"https:\/\/www.europesays.com\/it\/wp-json\/wp\/v2\/comments?post=613612"}],"version-history":[{"count":0,"href":"https:\/\/www.europesays.com\/it\/wp-json\/wp\/v2\/posts\/613612\/revisions"}],"wp:featuredmedia":[{"embeddable":true,"href":"https:\/\/www.europesays.com\/it\/wp-json\/wp\/v2\/media\/540795"}],"wp:attachment":[{"href":"https:\/\/www.europesays.com\/it\/wp-json\/wp\/v2\/media?parent=613612"}],"wp:term":[{"taxonomy":"category","embeddable":true,"href":"https:\/\/www.europesays.com\/it\/wp-json\/wp\/v2\/categories?post=613612"},{"taxonomy":"post_tag","embeddable":true,"href":"https:\/\/www.europesays.com\/it\/wp-json\/wp\/v2\/tags?post=613612"}],"curies":[{"name":"wp","href":"https:\/\/api.w.org\/{rel}","templated":true}]}}