{"id":614277,"date":"2026-08-02T15:18:22","date_gmt":"2026-08-02T15:18:22","guid":{"rendered":"https:\/\/www.europesays.com\/it\/614277\/"},"modified":"2026-08-02T15:18:22","modified_gmt":"2026-08-02T15:18:22","slug":"ungheria-verso-il-blackout-danubio-in-secca-stop-al-nucleare","status":"publish","type":"post","link":"https:\/\/www.europesays.com\/it\/614277\/","title":{"rendered":"Ungheria verso il blackout, Danubio in secca: stop al nucleare"},"content":{"rendered":"<p>Il premier Peter Magyar avverte: sono in arrivo &#8220;i cinque giorni pi\u00f9 critici&#8221;, con un&#8217;ondata di calore fino a 40 gradi e la centrale nucleare di Paks ferma per la prima volta in oltre quarant&#8217;anni. L&#8217;impianto, che copre quasi met\u00e0 del fabbisogno del Paese, gira ormai al 10% della capacit\u00e0 perch\u00e9 il Danubio, il fiume che ne alimenta il raffreddamento, \u00e8 ai minimi storici. Il governo chiede di tagliare i consumi nelle ore serali di picco, tra le 17 e le 22<\/p>\n<p>L&#8217;Ungheria affronta cinque giorni critici. Il premier Peter Magyar ha parlato dei &#8220;cinque giorni pi\u00f9 critici&#8221; davanti al Paese: da domenica la centrale nucleare di Paks, l&#8217;unica del territorio, non produce pi\u00f9 energia per la prima volta in oltre quarant&#8217;anni, proprio mentre si avvicina un&#8217;ondata di calore con punte fino a 40 gradi. &#8220;La rete elettrica, i nostri servizi pubblici e noi stessi saremo tutti sotto enorme pressione&#8221;, ha detto in un video su Facebook, rinnovando l&#8217;appello a imprese, istituzioni, enti locali e famiglie a ridurre o spostare i consumi di elettricit\u00e0 nelle ore serali di picco, tra le 17 e le 22.<\/p>\n<p>             Non visualizzi questo contenuto?<\/p>\n<p>Siamo spiacenti! Per poter visualizzare questo contenuto <b>Facebook<\/b>, clicca su Gestisci cookie e Accetta tutto<\/p>\n<p>            Gestisci cookie<\/p>\n<p>\t\t\t<strong>Perch\u00e9 si ferma la centrale nucleare Paks<\/strong><\/p>\n<p>La causa \u00e8 il crollo del livello del Danubio, il fiume che l&#8217;impianto utilizza per il raffreddamento e che ha toccato minimi mai registrati. Paks, che ha una potenza di 2 gigawatt e funziona con quattro reattori di costruzione russa, domenica operava a poco pi\u00f9 del 10% della capacit\u00e0 totale. La centrale copre da sola quasi met\u00e0 della produzione elettrica ungherese, il che rende lo stop particolarmente pesante per il sistema. &#8220;Domani la centrale di Paks non produrr\u00e0, mentre ci aspettano i giorni pi\u00f9 caldi, a 40 gradi&#8221;, ha spiegato Magyar. L&#8217;autorit\u00e0 idrica prevede un&#8217;ulteriore discesa del fiume, che scorre dalla Germania fino al Mar Nero, nei prossimi giorni.<\/p>\n<p>\t        <img decoding=\"async\" src=\"https:\/\/www.europesays.com\/it\/wp-content\/uploads\/2026\/08\/IPA87154755.jpg\" class=\"c-inline-image__img j-lazyload\" itemprop=\"contentUrl\" loading=\"lazy\" data-cmp-hook-image=\"image\" alt=\"IPA87154755 - Batina 010826. &#10;Historically low water level of the Danube has revealed the remains of old cars, ships and weapons in its riverbed.&#10;Photo: Marin Franov \/ CROPIX\/\/HMCROPIX_sipa.15406\/Credit:CROPIX\/SIPA\/2608011426\" title=\"Croatia, Batina, 01.08.2026 - Historically low water level of the Danube has revealed the remains of old cars, ships and weapons in its riverbed\"\/><\/p>\n<p>\t       \tCroatia, Batina, 01.08.2026 &#8211; Historically low water level of the Danube has revealed the remains of old cars, ships and weapons in its riverbed  &#8211;  \u00a9IPA\/Fotogramma<\/p>\n<p>\t\t \t<strong>Siccit\u00e0 e caldo, un&#8217;Europa sotto stress<\/strong><\/p>\n<p>Lo stop si inserisce in un quadro di caldo e siccit\u00e0 prolungati che ha colpito ampie zone d&#8217;Europa, abbassando il livello dei fiumi e alimentando timori per approvvigionamento idrico, navigazione e produzione di energia. In Ungheria la scarsit\u00e0 di piogge ha gi\u00e0 intralciato trasporto fluviale e turismo e ha fatto scattare restrizioni all&#8217;uso dell&#8217;acqua in oltre cento tra citt\u00e0 e villaggi, comprese aree alla periferia di Budapest.<\/p>\n<p>\t\t\t<a class=\"c-inline-card j-inline-card c-inline-card--with-image\" href=\"https:\/\/tg24.sky.it\/mondo\/video\/2026\/07\/28\/fiume-danubio-relitto-1114657\" rel=\"follow nofollow noopener\" data-intcmp=\"skytg24_articolo_approfondimenti_inline\" target=\"_blank\"><\/p>\n<p>\t\t\t         <img decoding=\"async\" crossorigin=\"anonymous\" alt=\"\"  loading=\"lazy\"  src=\"https:\/\/www.europesays.com\/it\/wp-content\/uploads\/2026\/08\/danubio_nave.jpeg\"\/><\/p>\n<p>\n\t\t\t         Vedi anche<br \/>\n\t\t\t         Danubio ai minimi storici, riaffiora un relitto del 1937\n\t\t\t      <\/p>\n<p>\t\t\t<\/a><\/p>\n<p>\t\t\t<strong>Le misure del governo e l&#8217;aiuto di Bratislava<\/strong><\/p>\n<p>Per alleggerire il carico sulla rete il governo decider\u00e0 proprio domenica se imporre da luned\u00ec restrizioni obbligatorie sui consumi per le grandi aziende. Un decreto punta a ottenere tagli volontari dai grandi consumatori, con penali in caso di obiettivi mancati, e consente al gestore di rete Mavir di imporre riduzioni obbligatorie o di staccare temporaneamente alcuni grandi utenti. &#8220;Le famiglie saranno le ultime nella catena delle restrizioni&#8221;, ha assicurato il premier. <\/p>\n<p>\u00a0<\/p>\n<p>Da luned\u00ec il <strong>traffico ferroviario merci sar\u00e0 sospeso<\/strong> tra le 17 e le 22, i dipendenti pubblici lavoreranno da casa per i primi tre giorni della settimana e alle aziende sar\u00e0 chiesto di fare altrettanto dove possibile. Previsti anche lo <strong>spegnimento dei fari sugli edifici pubblici<\/strong> e dell&#8217;illuminazione non essenziale. Nelle stesse ore gli ingegneri hanno ripristinato 360 megawatt persi per un guasto alla pi\u00f9 grande centrale a gas del Paese, a Szazhalombatta, ma Magyar ha ribadito che serviranno misure aggiuntive. Solidariet\u00e0 \u00e8 arrivata dalla vicina Slovacchia: il premier Robert Fico ha parlato di una crisi energetica senza precedenti e ha offerto aiuto. &#8220;Seguo da vicino la crisi energetica in Ungheria ed esprimo la nostra piena solidariet\u00e0 al vicino, insieme alla nostra disponibilit\u00e0 ad aiutare&#8221;, ha scritto, precisando che le centrali nucleari slovacche operano a pieno regime.<\/p>\n<p>\t        <img decoding=\"async\" src=\"https:\/\/www.europesays.com\/it\/wp-content\/uploads\/2026\/08\/IPA87162889.jpg\" class=\"c-inline-image__img j-lazyload\" itemprop=\"contentUrl\" loading=\"lazy\" data-cmp-hook-image=\"image\" alt=\"Danubio in secca\"\/><\/p>\n<p>\t       \t  \u00a9IPA\/Fotogramma<\/p>\n<p>\t\t\t<strong>I costi per l&#8217;economia<\/strong><\/p>\n<p>L&#8217;emergenza rischia di pesare anche sui conti pubblici. Secondo Mark Radnai, vicepresidente del partito Tisza di Magyar, il costo potrebbe oscillare tra 100 e 200 miliardi di fiorini (tra circa 315 e 630 milioni di dollari) per l&#8217;impennata del prezzo dell&#8217;elettricit\u00e0 importata. Magyar ha avvertito che Paks potrebbe restare ferma per settimane, in un momento in cui l&#8217;economia ungherese, cresciuta meno del previsto nel secondo trimestre dopo tre anni di stagnazione, resta fragile.<\/p>\n<p>\t            TAG:<\/p>\n","protected":false},"excerpt":{"rendered":"Il premier Peter Magyar avverte: sono in arrivo &#8220;i cinque giorni pi\u00f9 critici&#8221;, con un&#8217;ondata di calore fino&hellip;\n","protected":false},"author":3,"featured_media":614278,"comment_status":"","ping_status":"","sticky":false,"template":"","format":"standard","meta":{"footnotes":"","_share_on_mastodon":"0"},"categories":[160],"tags":[15827,14,164,165,166,7,15,11,167,12,168,3578,161,162,163],"class_list":["post-614277","post","type-post","status-publish","format-standard","has-post-thumbnail","category-mondo","tag-blackout","tag-cronaca","tag-dal-mondo","tag-dalmondo","tag-mondo","tag-news","tag-notizie","tag-ultime-notizie","tag-ultime-notizie-di-mondo","tag-ultimenotizie","tag-ultimenotiziedimondo","tag-ungheria","tag-world","tag-world-news","tag-worldnews"],"share_on_mastodon":{"url":"https:\/\/pubeurope.com\/@it\/117026587971025954","error":""},"_links":{"self":[{"href":"https:\/\/www.europesays.com\/it\/wp-json\/wp\/v2\/posts\/614277","targetHints":{"allow":["GET"]}}],"collection":[{"href":"https:\/\/www.europesays.com\/it\/wp-json\/wp\/v2\/posts"}],"about":[{"href":"https:\/\/www.europesays.com\/it\/wp-json\/wp\/v2\/types\/post"}],"author":[{"embeddable":true,"href":"https:\/\/www.europesays.com\/it\/wp-json\/wp\/v2\/users\/3"}],"replies":[{"embeddable":true,"href":"https:\/\/www.europesays.com\/it\/wp-json\/wp\/v2\/comments?post=614277"}],"version-history":[{"count":0,"href":"https:\/\/www.europesays.com\/it\/wp-json\/wp\/v2\/posts\/614277\/revisions"}],"wp:featuredmedia":[{"embeddable":true,"href":"https:\/\/www.europesays.com\/it\/wp-json\/wp\/v2\/media\/614278"}],"wp:attachment":[{"href":"https:\/\/www.europesays.com\/it\/wp-json\/wp\/v2\/media?parent=614277"}],"wp:term":[{"taxonomy":"category","embeddable":true,"href":"https:\/\/www.europesays.com\/it\/wp-json\/wp\/v2\/categories?post=614277"},{"taxonomy":"post_tag","embeddable":true,"href":"https:\/\/www.europesays.com\/it\/wp-json\/wp\/v2\/tags?post=614277"}],"curies":[{"name":"wp","href":"https:\/\/api.w.org\/{rel}","templated":true}]}}