{"id":614287,"date":"2026-08-02T15:33:26","date_gmt":"2026-08-02T15:33:26","guid":{"rendered":"https:\/\/www.europesays.com\/it\/614287\/"},"modified":"2026-08-02T15:33:26","modified_gmt":"2026-08-02T15:33:26","slug":"atalanta-in-campo-a-rotterdam-contro-il-feyenoord","status":"publish","type":"post","link":"https:\/\/www.europesays.com\/it\/614287\/","title":{"rendered":"Atalanta in campo a Rotterdam contro il Feyenoord"},"content":{"rendered":"\n<p>Al Feyenoord stadium di Rotterdam la De Kuip cup, l\u2019amichevole che <strong class=\"nero\">vede sfidarsi Atalanta e Feyenoord su tre tempi<\/strong> (due regolamentari e un supplementare da 30\u2019 garantito indipendentemente dalle reti).<\/p>\n<p>  Il secondo tempo <\/p>\n<p>Il secondo tempo si dimostra fin da subito pi\u00f9 generoso in termini di occasioni. <strong class=\"nero\">L\u2019Atalanta cambia marcia e alza il ritmo<\/strong>, mentre Sarri approfitta dell\u2019occasione per dare spazio a tutti. Tra il 60\u2019 e il 70\u2019 cambia l\u2019interno 11 e vediamo i bergamaschi farsi pi\u00f9 propositivi, pur calando nel finale.<\/p>\n<p><a data-credits=\"Afb\" data-title=\"Gaetano a duello\" href=\"https:\/\/storage.ecodibergamo.it\/media\/photologue\/2026\/8\/2\/photos\/atalanta-in-campo-contro-il-feyenoord-2-1-al-90-iniziano-i-supplementari_afff7816-8e86-11f1-becc-c995854bca90_1920_1280.jpeg\" title=\"Gaetano a duello\" rel=\"nofollow noopener\" target=\"_blank\"><br \/>\n<img decoding=\"async\" alt=\"Atalanta in campo contro il Feyenoord: 2-1 al 90\u2019, iniziano i supplementari\" class=\"lozad\" src=\"https:\/\/www.europesays.com\/it\/wp-content\/uploads\/2026\/08\/atalanta-in-campo-contro-il-feyenoord-2-1-al-90-iniziano-i-supplementari_afff7816-8e86-11f1-becc-c99.jpeg\" title=\"Gaetano a duello\" width=\"100%\"\/><br \/>\n<\/a><\/p>\n<p>        Gaetano a duello<\/p>\n<p>(Foto di<br \/>\n            Afb)<\/p>\n<p>Al 60\u2019 il neoentrato Sportiello \u00e8 subito chiamato in causa da un lancio insidioso che rischia di metterlo a tu per tu con Ueda. Provvidenziale in uscita, il portiere nerazzurro evita ulteriori pericoli. <strong class=\"nero\">Entrano presto in partita anche Bernasconi e Scamacca<\/strong>, con il primo che crossa per il colpo di testa schiacciato a terra del secondo. L\u2019estremo difensore del Feyenoord riesce a salvare, ma non a trattenere la palla e la mette in angolo.<\/p>\n<p><a data-credits=\"Afb\" data-title=\"Gianluca Scamacca\" href=\"https:\/\/storage.ecodibergamo.it\/media\/photologue\/2026\/8\/2\/photos\/atalanta-in-campo-contro-il-feyenoord-2-1-al-90-iniziano-i-supplementari_b0894af0-8e86-11f1-becc-c995854bca90_1920_1280.jpeg\" title=\"Gianluca Scamacca\" rel=\"nofollow noopener\" target=\"_blank\"><br \/>\n<img decoding=\"async\" alt=\"Atalanta in campo contro il Feyenoord: 2-1 al 90\u2019, iniziano i supplementari\" class=\"lozad\" src=\"https:\/\/www.europesays.com\/it\/wp-content\/uploads\/2026\/08\/atalanta-in-campo-contro-il-feyenoord-2-1-al-90-iniziano-i-supplementari_b0894af0-8e86-11f1-becc-c99.jpeg\" title=\"Gianluca Scamacca\" width=\"100%\"\/><br \/>\n<\/a><\/p>\n<p>        Gianluca Scamacca<\/p>\n<p>(Foto di<br \/>\n            Afb)<\/p>\n<p>Al 68\u2019 Maldini prova la cavalcata sulla sinistra, ma scivola prima di riuscire a crossare. Dall\u2019altra parte, al 78\u2019 un lancio corto trova alla perfezione i piedi di Borges, seguito a ruota da Kossonou che la mette in corner. I biancorossi continuano a spingere e<strong class=\"nero\"> all\u201981\u2019 riescono nel sorpasso<\/strong>. Stavolta la mischia va a loro favore: cross lungo dalla destra su calcio d\u2019angolo, la palla torna in mezzo con traiettoria alta e uno Sportiello stavolta non impeccabile non riesce ad arrivarci. A insaccarla di testa \u00e8 il figlio d\u2019arte Shaqueel Van Persie. La seconda frazione si chiude sul 2-1 Feyenoord senza recupero.<\/p>\n<p>  Il primo tempo <\/p>\n<p>L\u2019Atalanta recupera a tempo scaduto <strong class=\"nero\"> <strong class=\"nero\">dopo un primo tempo soff<\/strong>erto<\/strong>. I nerazzurri patiscono il caldo inaspettato e i carichi di lavoro estivo in un primo tempo che tocca i 55 minuti per compensare i numerosi interventi dello staff medico. \u00c8 l\u2019Atalanta ad aprire le danze al 2\u2019 minuto con<strong class=\"nero\"> Krstovic che da fuori colpisce il <\/strong>palo. Ederson si fa trovare pronto sulla respinta, ma manda alto.<\/p>\n<p><a data-credits=\"Afb\" data-title=\"Ederson in campo dal primo minuto\" href=\"https:\/\/storage.ecodibergamo.it\/media\/photologue\/2026\/8\/2\/photos\/atalanta-in-campo-contro-il-feyenoord-2-1-al-90-iniziano-i-supplementari_1817b65a-8e7f-11f1-becc-c995854bca90_1920_1280.jpeg\" title=\"Ederson in campo dal primo minuto\" rel=\"nofollow noopener\" target=\"_blank\"><br \/>\n<img decoding=\"async\" alt=\"Atalanta in campo contro il Feyenoord: 2-1 al 90\u2019, iniziano i supplementari\" class=\"lozad\" src=\"https:\/\/www.europesays.com\/it\/wp-content\/uploads\/2026\/08\/atalanta-in-campo-contro-il-feyenoord-2-1-al-90-iniziano-i-supplementari_1817b65a-8e7f-11f1-becc-c99.jpeg\" title=\"Ederson in campo dal primo minuto\" width=\"100%\"\/><br \/>\n<\/a><\/p>\n<p>        Ederson in campo dal primo minuto<\/p>\n<p>(Foto di<br \/>\n            Afb)<\/p>\n<p> <strong class=\"nero\">Feyenoord avanti al 10\u2019 su rigore<\/strong>. Su cross di Marmol, Scalvini tocca con il braccio. Ayase Ueda dal dischetto non sbaglia e porta in vantaggio i padroni di casa. In una prima frazione piuttosto avara di emozioni, sono ancora i biancorossi ad andare pi\u00f9 vicini al goal, sfiorando il raddoppio in pi\u00f9 di un\u2019occasione.<\/p>\n<p>Al 16\u2019 \u00e8 Diarra a costruirsi in autonomia il tiro da fuori, senza per\u00f2 riuscire a impensierire Carnesecchi. Di nuovo il 27 del Feyenoord al 28\u2019, stavolta serve Valente che calcia con sicurezza,<strong class=\"nero\"> colpendo per\u00f2 l\u2019incrocio<\/strong>, per poi imbeccare a propria volta Moussa, che a porta vuota non riesce ad angolare e conclude alla destra del palo.<\/p>\n<p><a data-credits=\"Afb\" data-title=\"Kamaldeen palla al piede\" href=\"https:\/\/storage.ecodibergamo.it\/media\/photologue\/2026\/8\/2\/photos\/atalanta-in-campo-contro-il-feyenoord-2-1-al-90-iniziano-i-supplementari_189e205a-8e7f-11f1-becc-c995854bca90_1920_1280.jpeg\" title=\"Kamaldeen palla al piede\" rel=\"nofollow noopener\" target=\"_blank\"><br \/>\n<img decoding=\"async\" alt=\"Atalanta in campo contro il Feyenoord: 2-1 al 90\u2019, iniziano i supplementari\" class=\"lozad\" src=\"https:\/\/www.europesays.com\/it\/wp-content\/uploads\/2026\/08\/atalanta-in-campo-contro-il-feyenoord-2-1-al-90-iniziano-i-supplementari_189e205a-8e7f-11f1-becc-c99.jpeg\" title=\"Kamaldeen palla al piede\" width=\"100%\"\/><br \/>\n<\/a><\/p>\n<p>        Kamaldeen palla al piede<\/p>\n<p>(Foto di<br \/>\n            Afb)<\/p>\n<p>Al 3\u2019 di recupero l\u2019iniziativa \u00e8 ancora dei padroni di casa. Valente serve in area Ueda, che prolunga di tacco per la conclusione di <strong class=\"nero\">Vanhoutte, che scheggia il palo di sinistra<\/strong>. Due minuti dopo \u00e8 l\u2019Atalanta a riprendere l\u2019iniziativa. Da calcio d\u2019angolo un cross di Samard\u017ei\u0107 scatena una mischia nell\u2019area dei padroni di casa, con Krstovic che trova il pareggio con un tocco sporco dopo una sponda di Scalvini.<\/p>\n<p>  Le formazioni <\/p>\n<p> <strong class=\"nero\">Feyenoord (4-3-3):<\/strong> Ernst, Watanabe, St. Juste, Ueda, Valente, Moussa, Zechiel, Read, Diarra, Vanhoutte, Marmol. <strong class=\"nero\">A disposizione:<\/strong> Berger, Bossin, Borges, Steijn, Tengstedt, Ferri, Deijl, Ahmedhodzic, Kraaijeveld, Targhalline, Lotomba, Sliti, Ivanusec, Van Den Elshout, Kasanwirjo, van Persie, Zinhagel, Wessels. <strong class=\"nero\">Allenatore<\/strong>: Giovanni van Bronckhorst.<\/p>\n<p> <strong class=\"nero\">Atalanta (4-3-3):<\/strong> Carnesecchi; Zappacosta, Scalvini, Djimsiti, Ahanor; Samard\u017ei\u0107, Gaetano, \u00c9derson; K. Soulemana, Krstovi\u0107, Raspadori. <strong class=\"nero\">A disposizione:<\/strong> Sportiello, Vismara, Kossounou, I. Sulemana, Pa\u0161ali\u0107, Scamacca, Maldini, de Roon, Bellanova, Kola\u0161inac, Obri\u0107, Bernasconi, Cassa, Zalewski. <strong class=\"nero\">Allenatore:<\/strong> Maurizio Sarri.<\/p>\n<p><a data-title=\"La formazione\" href=\"https:\/\/storage.ecodibergamo.it\/media\/photologue\/2026\/8\/2\/photos\/atalanta-in-campo-contro-il-feyenoord-2-1-al-90-iniziano-i-supplementari_bd31c098-8e77-11f1-becc-c995854bca90_1920_1280.jpeg\" title=\"La formazione\" rel=\"nofollow noopener\" target=\"_blank\"><br \/>\n<img decoding=\"async\" alt=\"Atalanta in campo contro il Feyenoord: 2-1 al 90\u2019, iniziano i supplementari\" class=\"lozad\" src=\"https:\/\/www.europesays.com\/it\/wp-content\/uploads\/2026\/08\/atalanta-in-campo-contro-il-feyenoord-2-1-al-90-iniziano-i-supplementari_bd31c098-8e77-11f1-becc-c99.jpeg\" title=\"La formazione\" width=\"100%\"\/><br \/>\n<\/a><\/p>\n<p>        La formazione<\/p>\n<p>Primo e secondo tempo (45\u2019+45\u2019):<br \/>Arbitro: Robin Hensgens (NED).<br \/>Assistenti: Michael Osseweijer (NED) e Joris Westhof (NED).<br \/>IV ufficiale: Nick Smit (NED).<\/p>\n<p>Terzo tempo (30\u2019):<br \/>Arbitro: Erwin Blank (NED).<br \/>Assistenti: Don Frijn (NED) e Roan van Marrewijk (NED).<br \/>IV ufficiale: Nick Smit (NED).<\/p>\n","protected":false},"excerpt":{"rendered":"Al Feyenoord stadium di Rotterdam la De Kuip cup, l\u2019amichevole che vede sfidarsi Atalanta e Feyenoord su tre&hellip;\n","protected":false},"author":3,"featured_media":614288,"comment_status":"","ping_status":"","sticky":false,"template":"","format":"standard","meta":{"footnotes":"","_share_on_mastodon":"0"},"categories":[1452],"tags":[569,721,6128,1740,1537,90,89,1739,245,244],"class_list":["post-614287","post","type-post","status-publish","format-standard","has-post-thumbnail","category-calcio","tag-atalanta","tag-calcio","tag-feyenoord","tag-football","tag-it","tag-italia","tag-italy","tag-soccer","tag-sport","tag-sports"],"share_on_mastodon":{"url":"https:\/\/pubeurope.com\/@it\/117026647361368381","error":""},"_links":{"self":[{"href":"https:\/\/www.europesays.com\/it\/wp-json\/wp\/v2\/posts\/614287","targetHints":{"allow":["GET"]}}],"collection":[{"href":"https:\/\/www.europesays.com\/it\/wp-json\/wp\/v2\/posts"}],"about":[{"href":"https:\/\/www.europesays.com\/it\/wp-json\/wp\/v2\/types\/post"}],"author":[{"embeddable":true,"href":"https:\/\/www.europesays.com\/it\/wp-json\/wp\/v2\/users\/3"}],"replies":[{"embeddable":true,"href":"https:\/\/www.europesays.com\/it\/wp-json\/wp\/v2\/comments?post=614287"}],"version-history":[{"count":0,"href":"https:\/\/www.europesays.com\/it\/wp-json\/wp\/v2\/posts\/614287\/revisions"}],"wp:featuredmedia":[{"embeddable":true,"href":"https:\/\/www.europesays.com\/it\/wp-json\/wp\/v2\/media\/614288"}],"wp:attachment":[{"href":"https:\/\/www.europesays.com\/it\/wp-json\/wp\/v2\/media?parent=614287"}],"wp:term":[{"taxonomy":"category","embeddable":true,"href":"https:\/\/www.europesays.com\/it\/wp-json\/wp\/v2\/categories?post=614287"},{"taxonomy":"post_tag","embeddable":true,"href":"https:\/\/www.europesays.com\/it\/wp-json\/wp\/v2\/tags?post=614287"}],"curies":[{"name":"wp","href":"https:\/\/api.w.org\/{rel}","templated":true}]}}