{"id":614532,"date":"2026-08-02T19:05:22","date_gmt":"2026-08-02T19:05:22","guid":{"rendered":"https:\/\/www.europesays.com\/it\/614532\/"},"modified":"2026-08-02T19:05:22","modified_gmt":"2026-08-02T19:05:22","slug":"europei-mtb-2026-juri-zanotti-fa-doppietta-di-medaglie-dargento-e-sale-sul-podio-anche-nella-prova-lunga","status":"publish","type":"post","link":"https:\/\/www.europesays.com\/it\/614532\/","title":{"rendered":"Europei MTB 2026, Juri Zanotti fa doppietta di medaglie d&#8217;argento e sale sul podio anche nella prova lunga"},"content":{"rendered":"<p>\t\t<img width=\"562\" height=\"402\" src=\"https:\/\/www.europesays.com\/it\/wp-content\/uploads\/2026\/08\/zanotti-mtb-euro-2026.jpg\" class=\"attachment-full size-full wp-post-image\" alt=\"\" data-main-img=\"1\" decoding=\"async\" fetchpriority=\"high\"  \/><\/p>\n<p>\t\t\t\t\t\t\t \u00a9 FCI<\/p>\n<p>\t\t\t\t\t<a href=\"https:\/\/cyclingpro.net\/spaziociclismo\/altro\/scopri-lapp-ufficiale-di-spaziociclismo\/\" title=\"\" rel=\"nofollow noopener\" target=\"_blank\"><br \/>\n\t\t\t\t\t\t<img loading=\"lazy\" decoding=\"async\" src=\"https:\/\/www.europesays.com\/it\/wp-content\/uploads\/2025\/09\/1758060682_662_Banner-App-SpazioCiclismo.png\" alt=\"\" width=\"728\" height=\"91\"\/><br \/>\n\t\t\t\t\t<\/a><\/p>\n<p>L\u2019Italia chiude con una medaglia d\u2019argento i <strong>Campionati Europei di Mountain Bike 2026<\/strong>. A conquistarla \u00e8 stato<strong> Juri Zanotti<\/strong>, secondo classificato nella prova lunga, alle spalle del britannico <strong>Charlie Aldridge<\/strong>. I due hanno cos\u00ec bissato i rispettivi piazzamenti della prova \u201ccorta\u201d, <a href=\"https:\/\/cyclingpro.net\/spaziociclismo\/altro\/mtb\/europei-mtb-2026-titoli-per-charlie-aldridge-e-sina-frei-nelle-prove-corte-argento-per-juri-zanotti\/\" target=\"_blank\" rel=\"noopener nofollow\">andata in scena giusto 48 ore prima.\u00a0<\/a>Stavolta, al terzo posto si \u00e8 invece piazzato lo svizzero Fabio P\u00fcntener. Zanotti si \u00e8 cos\u00ec confermato ottimo protagonista della scena continentale, chiudendo con due medaglie la sua esperienza sui percorsi allestiti dall\u2019Unione Europea Ciclismo a Monteceneri (Svizzera).<\/p>\n<p> <a href=\"https:\/\/cyclingpro.net\/spaziociclismo\/abbonati\/\" rel=\"nofollow noopener\" target=\"_blank\"><img decoding=\"async\" src=\"https:\/\/www.europesays.com\/it\/wp-content\/uploads\/2026\/07\/Banner-AdFree-SpazioCiclismo.png\"\/><\/a><\/p>\n<p>In campo femminile, la prova della categoria \u00c9lite \u00e8 stata dominata dalle padrone di casa elvetiche: titolo europeo per <strong>Sina Frei<\/strong> e secondo posto per Alexandra Keller, mentre la medaglia di bronzo \u00e8 andata alla svedese Jenny Rissveds. Per l\u2019Italia si registra il 12esimo posto di Giada Specia e il 25esimo di Sara Cortinovis.<\/p>\n<p>L\u2019ultima giornata di gare prevedeva in cartellone anche la gara U23 femminile: in questo caso, la Svizzera ha fatto addirittura meglio, monopolizzando il podio grazie alle prestazioni di <strong>Anina Hutter,<\/strong> Fiona Schibler ed Elina Benoit. La Nazionale elvetica chiude cos\u00ec le 13 gare in programma con un raccolto di 6 ori, 7 argenti e 3 bronzi, Giusto gi\u00f9 dal podio della prova U23 si \u00e8 fermata l\u2019azzurra <strong>Valentina Corvi,<\/strong> quarta dopo essere stata penalizzata da una foratura nelle prime fasi della gara.<\/p>\n<p>Seguici<\/p>\n<p>\t\t\t\t\t\t\t\t\t\t<a href=\"https:\/\/news.google.com\/publications\/CAAqKQgKIiNDQklTRkFnTWFoQUtEbU41WTJ4cGJtZHdjbTh1Ym1WMEtBQVAB?hl=it&amp;gl=IT&amp;ceid=IT%3Ait\" title=\"Google News\" target=\"_blank\" rel=\"nofollow noopener\" class=\"post-followus-btn google-new-btn\"><br \/>\n\t\t\t\t\t\t<img decoding=\"async\" src=\"https:\/\/cyclingpro.net\/spaziociclismo\/wp-content\/themes\/jannah\/assets\/images\/google-news.svg\" alt=\"Google News\" loading=\"lazy\" width=\"120\" height=\"22\"\/><br \/>\n\t\t\t\t\t<\/a><br \/>\n\t\t\t\t\t\t\t\t\t\t<a href=\"https:\/\/flipboard.com\/@SpazioCiclismo\" title=\"Flipboard\" target=\"_blank\" rel=\"nofollow noopener\" class=\"post-followus-btn flipboard-btn\"><br \/>\n\t\t\t\t\t\t<img decoding=\"async\" src=\"https:\/\/cyclingpro.net\/spaziociclismo\/wp-content\/themes\/jannah\/assets\/images\/flipboard.svg\" alt=\"Flipboard\" loading=\"lazy\" width=\"152\" height=\"30\"\/><br \/>\n\t\t\t\t\t<\/a><\/p>\n","protected":false},"excerpt":{"rendered":"\u00a9 FCI L\u2019Italia chiude con una medaglia d\u2019argento i Campionati Europei di Mountain Bike 2026. A conquistarla \u00e8&hellip;\n","protected":false},"author":3,"featured_media":614533,"comment_status":"","ping_status":"","sticky":false,"template":"","format":"standard","meta":{"footnotes":"","_share_on_mastodon":"0"},"categories":[1456],"tags":[1824,1825,1537,90,89,35389,245,244],"class_list":["post-614532","post","type-post","status-publish","format-standard","has-post-thumbnail","category-ciclismo","tag-ciclismo","tag-cycling","tag-it","tag-italia","tag-italy","tag-mtb","tag-sport","tag-sports"],"share_on_mastodon":{"url":"https:\/\/pubeurope.com\/@it\/117027480474788719","error":""},"_links":{"self":[{"href":"https:\/\/www.europesays.com\/it\/wp-json\/wp\/v2\/posts\/614532","targetHints":{"allow":["GET"]}}],"collection":[{"href":"https:\/\/www.europesays.com\/it\/wp-json\/wp\/v2\/posts"}],"about":[{"href":"https:\/\/www.europesays.com\/it\/wp-json\/wp\/v2\/types\/post"}],"author":[{"embeddable":true,"href":"https:\/\/www.europesays.com\/it\/wp-json\/wp\/v2\/users\/3"}],"replies":[{"embeddable":true,"href":"https:\/\/www.europesays.com\/it\/wp-json\/wp\/v2\/comments?post=614532"}],"version-history":[{"count":0,"href":"https:\/\/www.europesays.com\/it\/wp-json\/wp\/v2\/posts\/614532\/revisions"}],"wp:featuredmedia":[{"embeddable":true,"href":"https:\/\/www.europesays.com\/it\/wp-json\/wp\/v2\/media\/614533"}],"wp:attachment":[{"href":"https:\/\/www.europesays.com\/it\/wp-json\/wp\/v2\/media?parent=614532"}],"wp:term":[{"taxonomy":"category","embeddable":true,"href":"https:\/\/www.europesays.com\/it\/wp-json\/wp\/v2\/categories?post=614532"},{"taxonomy":"post_tag","embeddable":true,"href":"https:\/\/www.europesays.com\/it\/wp-json\/wp\/v2\/tags?post=614532"}],"curies":[{"name":"wp","href":"https:\/\/api.w.org\/{rel}","templated":true}]}}