{"id":614619,"date":"2026-08-02T20:16:14","date_gmt":"2026-08-02T20:16:14","guid":{"rendered":"https:\/\/www.europesays.com\/it\/614619\/"},"modified":"2026-08-02T20:16:14","modified_gmt":"2026-08-02T20:16:14","slug":"tragedia-sulla-costa-uomo-muore-in-spiaggia-davanti-ai-bagnanti-chi-e-la-vittima","status":"publish","type":"post","link":"https:\/\/www.europesays.com\/it\/614619\/","title":{"rendered":"Tragedia sulla costa, uomo muore in spiaggia davanti ai bagnanti: chi \u00e8 la vittima"},"content":{"rendered":"<p>Un telo bianco sulla sabbia a coprire il dramma. E\u2019 una fine di weekend drammatico quello che si \u00e8 consumato sui lidi comacchiesi. Domenica 2 agosto, poco prima delle 19, l\u2019elisoccorso \u00e8 infatti intervenuto sul bagnasciuga, all\u2019altezza dello stabilimento balneare &#8216;Pineta&#8217; di Lido degli Estensi per un uomo (52enne di Palermo, ma residente a Bologna) in difficolt\u00e0.<\/p>\n<p>L&#8217;individuo era in acqua, con la testa rivolta verso il fondale e non dava segni di vita. Una volta soccorso e portato a riva, gli stato praticato anche un massaggio cardiaco per oltre quaranta minuti: questo fatto farebbe propendere per un malore (che si \u00e8 tramutato in un annegamento), ma le indagini sono in corso.<\/p>\n<p>Parallelamente, \u00e8 giunto anche il mezzo aereo del 118, che ha suscitato inevitabile curiosit\u00e0 e timore tra i presenti che per\u00f2 hanno dovuto assistere ad una scena drammatica. Il soggetto, infatti, non \u00e8 sopravvissuto ed \u00e8 stato dichiarato morto prima che i sanitari potessero portarlo al pronto soccorso. Per comprendere le cause del decesso, la salma \u00e8 stata trasferita all&#8217;istituto di Medicina legale.<\/p>\n","protected":false},"excerpt":{"rendered":"Un telo bianco sulla sabbia a coprire il dramma. E\u2019 una fine di weekend drammatico quello che si&hellip;\n","protected":false},"author":3,"featured_media":614620,"comment_status":"","ping_status":"","sticky":false,"template":"","format":"standard","meta":{"footnotes":"","_share_on_mastodon":"0"},"categories":[79],"tags":[14,93,94,4649,1537,90,89,2050,300,7,15,11,84,91,12,85,92],"class_list":["post-614619","post","type-post","status-publish","format-standard","has-post-thumbnail","category-italia","tag-cronaca","tag-cronaca-italiana","tag-cronacaitaliana","tag-elisoccorso","tag-it","tag-italia","tag-italy","tag-mare","tag-morto","tag-news","tag-notizie","tag-ultime-notizie","tag-ultime-notizie-e-news-di-oggi","tag-ultime-notizie-italia","tag-ultimenotizie","tag-ultimenotizieenewsdioggi","tag-ultimenotizieitalia"],"share_on_mastodon":{"url":"https:\/\/pubeurope.com\/@it\/117027758845100135","error":""},"_links":{"self":[{"href":"https:\/\/www.europesays.com\/it\/wp-json\/wp\/v2\/posts\/614619","targetHints":{"allow":["GET"]}}],"collection":[{"href":"https:\/\/www.europesays.com\/it\/wp-json\/wp\/v2\/posts"}],"about":[{"href":"https:\/\/www.europesays.com\/it\/wp-json\/wp\/v2\/types\/post"}],"author":[{"embeddable":true,"href":"https:\/\/www.europesays.com\/it\/wp-json\/wp\/v2\/users\/3"}],"replies":[{"embeddable":true,"href":"https:\/\/www.europesays.com\/it\/wp-json\/wp\/v2\/comments?post=614619"}],"version-history":[{"count":0,"href":"https:\/\/www.europesays.com\/it\/wp-json\/wp\/v2\/posts\/614619\/revisions"}],"wp:featuredmedia":[{"embeddable":true,"href":"https:\/\/www.europesays.com\/it\/wp-json\/wp\/v2\/media\/614620"}],"wp:attachment":[{"href":"https:\/\/www.europesays.com\/it\/wp-json\/wp\/v2\/media?parent=614619"}],"wp:term":[{"taxonomy":"category","embeddable":true,"href":"https:\/\/www.europesays.com\/it\/wp-json\/wp\/v2\/categories?post=614619"},{"taxonomy":"post_tag","embeddable":true,"href":"https:\/\/www.europesays.com\/it\/wp-json\/wp\/v2\/tags?post=614619"}],"curies":[{"name":"wp","href":"https:\/\/api.w.org\/{rel}","templated":true}]}}