{"id":614843,"date":"2026-08-02T23:52:15","date_gmt":"2026-08-02T23:52:15","guid":{"rendered":"https:\/\/www.europesays.com\/it\/614843\/"},"modified":"2026-08-02T23:52:15","modified_gmt":"2026-08-02T23:52:15","slug":"tragedia-al-lido-estensi-turista-di-52-anni-muore-in-mare","status":"publish","type":"post","link":"https:\/\/www.europesays.com\/it\/614843\/","title":{"rendered":"Tragedia al Lido Estensi, turista di 52 anni muore in mare"},"content":{"rendered":"<p>Una tragedia ha segnato il tardo pomeriggio di oggi, 2 agosto, al Lido degli Estensi. Un turista di 52 anni, nato a Palermo e residente nel Bolognese, \u00e8 morto dopo essere stato trovato privo di sensi in mare all\u2019altezza del bagno Pineta Beach.<\/p>\n<p>L\u2019allarme \u00e8 scattato intorno alle 18.45, quando alcuni bagnanti hanno notato il corpo dell\u2019uomo galleggiare in acqua. Riportato immediatamente a riva, \u00e8 stato soccorso dapprima da alcuni infermieri presenti in spiaggia e successivamente dal personale del 118, intervenuto anche con l\u2019elisoccorso decollato da Bologna.<\/p>\n<p>Le manovre di rianimazione sono proseguite a lungo, ma senza esito. Al termine dei tentativi il medico non ha potuto fare altro che constatare il decesso.<\/p>\n<p>Sul posto sono intervenuti anche la Guardia Costiera e le forze dell\u2019ordine per gli accertamenti di rito. Dopo il nulla osta del magistrato, la salma \u00e8 stata trasferita all\u2019obitorio dell\u2019ospedale San Camillo. Tra le ipotesi al vaglio c\u2019\u00e8 quella di un malore improvviso che potrebbe aver colpito il 52enne mentre si trovava in acqua, provocandone il successivo annegamento.<\/p>\n<p>\t\t\t\tGrazie per aver letto questo articolo&#8230;<\/p>\n<p>Da 20 anni\u00a0<a class=\"vglnk\" href=\"https:\/\/www.estense.com\/\" rel=\"nofollow noopener\" target=\"_blank\">Estense.com<\/a>\u00a0offre una informazione indipendente ai suoi lettori e non ha mai accettato fondi pubblici per non pesare nemmeno un centesimo sulle spalle della collettivit\u00e0. Il lavoro che svolgiamo ha un costo economico non indifferente e la pubblicit\u00e0 dei privati non sempre \u00e8 sufficiente.<br \/>Per questo chiediamo a chi quotidianamente ci legge e, speriamo, ci apprezza di darci un piccolo contributo in base alle proprie possibilit\u00e0. Anche un piccolo sostegno, moltiplicato per le decine di migliaia di ferraresi che ci leggono ogni giorno, pu\u00f2 diventare fondamentale.<\/p>\n<p>\u00a0<\/p>\n<p><strong>OPPURE <\/strong>se preferisci non usare PayPal ma un normale bonifico bancario (anche periodico) puoi intestarlo a:<\/p>\n<p><strong>Scoop Media Edit<br \/><\/strong>IBAN:\u00a0<strong>IT06D0538713004000000035119 <\/strong>(Banca BPER)<br \/>Causale:\u00a0<strong>Donazione per\u00a0<a class=\"vglnk\" href=\"https:\/\/www.estense.com\/\" rel=\"nofollow noopener\" target=\"_blank\">Estense.com<\/a><\/strong><\/p>\n","protected":false},"excerpt":{"rendered":"Una tragedia ha segnato il tardo pomeriggio di oggi, 2 agosto, al Lido degli Estensi. Un turista di&hellip;\n","protected":false},"author":3,"featured_media":614844,"comment_status":"","ping_status":"","sticky":false,"template":"","format":"standard","meta":{"footnotes":"","_share_on_mastodon":"0"},"categories":[79],"tags":[2659,14,93,94,1537,90,89,7,15,11,84,91,12,85,92],"class_list":["post-614843","post","type-post","status-publish","format-standard","has-post-thumbnail","category-italia","tag-comacchio","tag-cronaca","tag-cronaca-italiana","tag-cronacaitaliana","tag-it","tag-italia","tag-italy","tag-news","tag-notizie","tag-ultime-notizie","tag-ultime-notizie-e-news-di-oggi","tag-ultime-notizie-italia","tag-ultimenotizie","tag-ultimenotizieenewsdioggi","tag-ultimenotizieitalia"],"share_on_mastodon":{"url":"https:\/\/pubeurope.com\/@it\/117028608248101300","error":""},"_links":{"self":[{"href":"https:\/\/www.europesays.com\/it\/wp-json\/wp\/v2\/posts\/614843","targetHints":{"allow":["GET"]}}],"collection":[{"href":"https:\/\/www.europesays.com\/it\/wp-json\/wp\/v2\/posts"}],"about":[{"href":"https:\/\/www.europesays.com\/it\/wp-json\/wp\/v2\/types\/post"}],"author":[{"embeddable":true,"href":"https:\/\/www.europesays.com\/it\/wp-json\/wp\/v2\/users\/3"}],"replies":[{"embeddable":true,"href":"https:\/\/www.europesays.com\/it\/wp-json\/wp\/v2\/comments?post=614843"}],"version-history":[{"count":0,"href":"https:\/\/www.europesays.com\/it\/wp-json\/wp\/v2\/posts\/614843\/revisions"}],"wp:featuredmedia":[{"embeddable":true,"href":"https:\/\/www.europesays.com\/it\/wp-json\/wp\/v2\/media\/614844"}],"wp:attachment":[{"href":"https:\/\/www.europesays.com\/it\/wp-json\/wp\/v2\/media?parent=614843"}],"wp:term":[{"taxonomy":"category","embeddable":true,"href":"https:\/\/www.europesays.com\/it\/wp-json\/wp\/v2\/categories?post=614843"},{"taxonomy":"post_tag","embeddable":true,"href":"https:\/\/www.europesays.com\/it\/wp-json\/wp\/v2\/tags?post=614843"}],"curies":[{"name":"wp","href":"https:\/\/api.w.org\/{rel}","templated":true}]}}