{"id":614887,"date":"2026-08-03T00:42:19","date_gmt":"2026-08-03T00:42:19","guid":{"rendered":"https:\/\/www.europesays.com\/it\/614887\/"},"modified":"2026-08-03T00:42:19","modified_gmt":"2026-08-03T00:42:19","slug":"rinasce-lex-centro-civico-bissuola-in-primavera-un-nuovo-spazio-condiviso-con-biennale","status":"publish","type":"post","link":"https:\/\/www.europesays.com\/it\/614887\/","title":{"rendered":"Rinasce l&#8217;ex centro civico Bissuola: in primavera un nuovo spazio condiviso con Biennale"},"content":{"rendered":"<p>L\u2019ex Centro civico della Bissuola si prepara dalla prossima primavera a diventare uno dei principali luoghi veneziani dedicati ai giovani, alla musica, allo studio, alla creativit\u00e0 e alla socialit\u00e0: un grande spazio aperto sul Parco Albanese da vivere durante tutta la giornata, nel quale il modello della Biblioteca VEZ si estender\u00e0 e incontrer\u00e0 le attivit\u00e0 del CIMM\u2013Centro di Informatica Musicale e Multimediale della Biennale di Venezia.\u00a0<\/p>\n<p><a href=\"https:\/\/whatsapp.com\/channel\/0029VaDSWgR1Hsq4uWb1mS0I\" target=\"_blank\" rel=\"nofollow noopener\"><strong>Clicca qui per iscriverti al canale WhatsApp di VeneziaToday<\/strong><\/a><\/p>\n<p>Lo annuncia il comune di Venezia in un comunicato congiunto con la Biennale di Venezia, che fa il punto sullo stato dei lavori da avviare con fondi del Piano Nazionale Complementare del Pnrr.<\/p>\n<p>Il progetto, del valore complessivo di 3.102.000 euro (2.752.000 dal progetto Pnc-Pnrr del Ministero della Cultura da 169 milioni dedicato al potenziamento della Biennale di Venezia, i restanti 350.000 da risorse stanziate da Ca&#8217; Farsetti), aggiunger\u00e0 alle strutture gi\u00e0 esistenti, come la biblioteca e il teatro, nuove architetture, grandi superfici vetrate, una caffetteria affacciata sul verde, ulteriori spazi per la biblioteca e una cavea naturale destinata a ospitare piccoli spettacoli e attivit\u00e0 all\u2019aperto. Saranno inoltre ampliati gli spazi gi\u00e0 presenti nei quali studiare, sperimentare, fare e produrre musica, mentre una nuova facciata tridimensionale e colorata rinnover\u00e0 completamente l\u2019immagine dell\u2019edificio sul versante sud.<\/p>\n<p>Il sopralluogo del sindaco e degli assessori, la collaborazione con Biennale per una nuova Vez<\/p>\n<p>Nei giorni scorsi il sindaco di Venezia, Simone Venturini, ha effettuato un sopralluogo al cantiere insieme agli assessori ai lavori pubblici Riccardo Brunello e alla cultura Paolo Romor, oltre che alla presidente della commissione cultura, Costanza Melchiori. Presenti anche il direttore generale della Biennale di Venezia, Andrea Del Mercato e i dirigenti e tecnici del comune e della Biennale.<\/p>\n<p>\u00abStiamo preparando una rivoluzione per l\u2019intera citt\u00e0, perch\u00e9 questo luogo \u00e8 destinato a diventare uno dei nuovi cuori pulsanti della cultura giovanile veneziana &#8211; ha dichiarato il sindaco Venturini &#8211; Vogliamo costruire uno spazio da vivere durante tutta la giornata, capace di abbracciare idealmente la stessa filosofia della Biblioteca VEZ: un luogo nel quale approfondire i propri interessi, studiare, fare e produrre musica, incontrarsi, fare comunit\u00e0. Qui i nostri ragazzi potranno crescere in un ambiente bello, sicuro e nuovo, nel quale la qualit\u00e0 dell\u2019architettura dialogher\u00e0 con le loro idee e le loro energie\u00bb.\u00a0<\/p>\n<p>Grazie alla fruttuosa collaborazione con la Biennale, nota il sindaco, si potr\u00e0 offrire alla citt\u00e0 nuovi spazi di produzione, formazione e sperimentazione, in linea con il recupero di quello che un tempo era uno spazio in disuso e che in questi anni recuperato potenziando la biblioteca e costruendo teatro e auditorium. \u00abLa Bissuola diventer\u00e0 cos\u00ec anche il secondo grande presidio della Biennale in terraferma, accanto alla presenza gi\u00e0 consolidata a Forte Marghera\u00bb.<\/p>\n<p><img loading=\"lazy\" decoding=\"async\" style=\"aspect-ratio:1200\/900;\" src=\"https:\/\/www.europesays.com\/it\/wp-content\/uploads\/2026\/08\/venturini-con-del-mercato-bissuola.jpeg\" alt=\"venturini con del mercato bissuola\" width=\"1200\" height=\"900\" title=\"venturini con del mercato bissuola\"\/>Simone Venturini con il direttore della Biennale Andrea Del Mercato<\/p>\n<p>\u00abSiamo felici che la Bissuola a Mestre torner\u00e0 ad ospitare a pieno regime, nel complesso del Centro civico, le iniziative gi\u00e0 avviate da tempo dalla Biennale di Venezia in quella sede, in particolare le attivit\u00e0 del CIMM (Centro di Informatica Musicale e Multimediale) e quelle Educational \u2013 ha dichiarato il Presidente della Biennale, Pietrangelo Buttafuoco &#8211; Con il ritorno delle attivit\u00e0 della Biennale, il Centro civico della Bissuola potr\u00e0 cos\u00ec essere sempre pi\u00f9 protagonista del nuovo fervore culturale della terraferma, svolgendo un ruolo di motore della produzione artistica per tutti i giovani del territorio veneziano, gi\u00e0 fruitori nello stesso Centro civico della bellissima e funzionale biblioteca\u00bb. I fondi d&#8217;altronde sono stati stanziati proprio per attivit\u00e0 di potenziamento della Biennale di Venezia, ed \u00e8 stata una scelta congiunta di comune e Biennale quella di concentrarli su edifici del comune di Venezia.<\/p>\n<p>I dettagli sull&#8217;intervento: caffetteria, nuove sale per la musica, facciata<\/p>\n<p>L\u2019intervento si sviluppa su tre lati dell\u2019edificio e prevede l\u2019ampliamento del CIMM, a nord, la costruzione della nuova caffetteria a est e la completa riqualificazione della facciata a sud. Sul lato nord, il nuovo volume del CIMM sar\u00e0 realizzato in continuit\u00e0 con gli ambienti gi\u00e0 attivi al piano seminterrato. L\u2019ampliamento permetter\u00e0 di potenziare gli spazi dedicati alla musica elettronica, alla sperimentazione multimediale e alle attivit\u00e0 culturali, educative e di spettacolo dal vivo.<\/p>\n<p>Saranno realizzate nuove sale di registrazione e sale prova, dotate degli impianti necessari alla produzione musicale. Gli ambienti saranno progettati per creare anche uno scambio visivo tra le attivit\u00e0 che si svolgeranno all\u2019interno e gli spazi esterni: alla Bissuola la musica non sar\u00e0 soltanto studiata e ascoltata, ma anche ideata, sperimentata e prodotta. Il CIMM avr\u00e0 un nuovo accesso dedicato, mentre la copertura dell\u2019ampliamento sar\u00e0 trasformata in un tetto verde pensile. Anche le aree circostanti saranno completamente riconfigurate attraverso una nuova modellazione del terreno, che scender\u00e0 gradualmente verso l\u2019edificio formando una cavea naturale immersa nel verde. Lo spazio potr\u00e0 accogliere piccoli spettacoli, iniziative e attivit\u00e0 all\u2019aperto, rafforzando l&#8217;osmosi tra il centro culturale e il parco circostante.<\/p>\n<p><img loading=\"lazy\" decoding=\"async\" style=\"aspect-ratio:1200\/800;\" src=\"https:\/\/www.europesays.com\/it\/wp-content\/uploads\/2026\/08\/rendering-nuovo-cimm-bissuola.jpeg\" alt=\"rendering nuovo cimm bissuola\" width=\"1200\" height=\"800\" title=\"rendering nuovo cimm bissuola\"\/>Nuovo Cimm alla Bissuola, rendering<\/p>\n<p>Sul lato est sorger\u00e0 la nuova caffetteria. Per consentire la costruzione del nuovo volume \u00e8 stata abbattuta la precedente rampa di accesso al tetto, inutilizzata da anni e non pi\u00f9 funzionale rispetto alle attivit\u00e0 ospitate nell\u2019edificio. La caffetteria sar\u00e0 caratterizzata da una grande facciata continua vetrata affacciata sul parco e protetta da una pergola ricoperta di vegetazione rampicante. Le superfici trasparenti metteranno in relazione il nuovo spazio con il verde, con la sala lettura, anch\u2019essa interessata dalla realizzazione di una vetrata, e con gli ulteriori ambienti destinati alla biblioteca.<\/p>\n<p>L\u2019obiettivo \u00e8 estendere alla Bissuola il modello della Vez, offrendo agli studenti e ai giovani nuovi luoghi nei quali leggere, incontrarsi e studiare, con la possibilit\u00e0 di utilizzare anche gli spazi esterni durante la bella stagione. Sul lato sud, invece, sar\u00e0 completamente ridisegnata l\u2019immagine dell\u2019edificio. Il precedente sistema oscurante, composto da brise-soleil sovrapposti alle finestre a nastro, sar\u00e0 rimosso e sostituito da una nuova pelle architettonica.<\/p>\n<p>La facciata sar\u00e0 realizzata mediante una carpenteria metallica sulla quale verranno installati pannelli microforati in alluminio, disposti lungo tutta la lunghezza del corpo principale secondo un modulo tridimensionale colorato con geometria a &#8220;diamante&#8221;. Oltre a caratterizzare il nuovo volto del complesso, la struttura avr\u00e0 una funzione di schermatura solare. La microforatura consentir\u00e0 inoltre, dagli ambienti interni, di mantenere la visuale verso l\u2019esterno e verso il parco.<\/p>\n<p>La prima fase dei lavori si dovrebbe concludere entro la fine del 2026. Seguir\u00e0 poi un ulteriore intervento dedicato agli infissi e a tutto l&#8217;allestimento interno, illuminazione compresa: l&#8217;inaugurazione dell\u2019intero nuovo complesso \u00e8 prevista nella primavera 2027.<\/p>\n<p><img loading=\"lazy\" decoding=\"async\" style=\"aspect-ratio:1200\/800;\" src=\"https:\/\/www.europesays.com\/it\/wp-content\/uploads\/2026\/08\/rendering-nuovo-cimm-bissuola-2.jpeg\" alt=\"rendering nuovo cimm bissuola 2\" width=\"1200\" height=\"800\" title=\"rendering nuovo cimm bissuola 2\"\/>Nuovo Cimm alla Bissuola, rendering <\/p>\n","protected":false},"excerpt":{"rendered":"L\u2019ex Centro civico della Bissuola si prepara dalla prossima primavera a diventare uno dei principali luoghi veneziani dedicati&hellip;\n","protected":false},"author":3,"featured_media":614888,"comment_status":"","ping_status":"","sticky":false,"template":"","format":"standard","meta":{"footnotes":"","_share_on_mastodon":"0"},"categories":[174],"tags":[338905,203,204,1537,90,89,338903,338904,338902,5092],"class_list":["post-614887","post","type-post","status-publish","format-standard","has-post-thumbnail","category-intrattenimento","tag-cimm","tag-entertainment","tag-intrattenimento","tag-it","tag-italia","tag-italy","tag-la-biennale-di-venezia","tag-parco-bissuola","tag-piano-nazionale-complementare","tag-pnrr"],"share_on_mastodon":{"url":"https:\/\/pubeurope.com\/@it\/117028804969146800","error":""},"_links":{"self":[{"href":"https:\/\/www.europesays.com\/it\/wp-json\/wp\/v2\/posts\/614887","targetHints":{"allow":["GET"]}}],"collection":[{"href":"https:\/\/www.europesays.com\/it\/wp-json\/wp\/v2\/posts"}],"about":[{"href":"https:\/\/www.europesays.com\/it\/wp-json\/wp\/v2\/types\/post"}],"author":[{"embeddable":true,"href":"https:\/\/www.europesays.com\/it\/wp-json\/wp\/v2\/users\/3"}],"replies":[{"embeddable":true,"href":"https:\/\/www.europesays.com\/it\/wp-json\/wp\/v2\/comments?post=614887"}],"version-history":[{"count":0,"href":"https:\/\/www.europesays.com\/it\/wp-json\/wp\/v2\/posts\/614887\/revisions"}],"wp:featuredmedia":[{"embeddable":true,"href":"https:\/\/www.europesays.com\/it\/wp-json\/wp\/v2\/media\/614888"}],"wp:attachment":[{"href":"https:\/\/www.europesays.com\/it\/wp-json\/wp\/v2\/media?parent=614887"}],"wp:term":[{"taxonomy":"category","embeddable":true,"href":"https:\/\/www.europesays.com\/it\/wp-json\/wp\/v2\/categories?post=614887"},{"taxonomy":"post_tag","embeddable":true,"href":"https:\/\/www.europesays.com\/it\/wp-json\/wp\/v2\/tags?post=614887"}],"curies":[{"name":"wp","href":"https:\/\/api.w.org\/{rel}","templated":true}]}}