{"id":614984,"date":"2026-08-03T02:52:26","date_gmt":"2026-08-03T02:52:26","guid":{"rendered":"https:\/\/www.europesays.com\/it\/614984\/"},"modified":"2026-08-03T02:52:26","modified_gmt":"2026-08-03T02:52:26","slug":"x-factor-2026-quando-inizia-chi-sono-i-giudici-e-tutte-le-novita-da-sapere","status":"publish","type":"post","link":"https:\/\/www.europesays.com\/it\/614984\/","title":{"rendered":"X Factor 2026: quando inizia, chi sono i giudici e tutte le novit\u00e0 da sapere"},"content":{"rendered":"<p class=\"c-paragraph\">Con un post sul proprio account ufficiale di Instagram &#8211; post che sta facendo discutere per il possibile utilizzo di animazioni fatte con l\u2019intelligenza artificiale &#8211; Sky Italia ha svelato la data di uscita della nuova edizione di <b>X Factor. <\/b>Giunto ormai alla sua ventesima edizione, il talent show musicale ha sfornato negli anni grandi protagonisti del panorama musicale nostrano, da <b>Francesca Michielin <\/b>passando per i famosissimi <b>Maneskin.<\/b> L\u2019ultima edizione \u00e8 stata vinta da <b>Rob<\/b> e ha avuto anche il merito di lanciare<b> Delia<\/b>, cantante siciliana che ha fatto della sua provenienza il proprio marchio distintivo. Il video postato sui social annuncia che la nuova edizione dello show far\u00e0 il suo debutto su Sky e, in contemporanea in streaming su NOW, a partire dal 10 settembre e andr\u00e0 in onda fino al 3 dicembre, quando verr\u00e0 eletto il nuovo vincitore.<\/p>\n<p class=\"c-paragraph\">Prodotto da Fremantle, X Factor torner\u00e0 cos\u00ec a riempire il gioved\u00ec sera dei palinsesti Sky, seguendo la solita struttura della selezione dei concorrenti. Si inizier\u00e0 come sempre dalle <b>Audition<\/b> dove i cantanti dovranno ricevere almeno tre s\u00ec per passare alla fase successiva, i <b>Bootcamp<\/b>, per poi approdare alla <b>Last Call<\/b> in cui si decideranno le squadre, fino ai live serali che rappresentano il vero cuore del programma. Il video di lancio voluto da Sky Original \u00e8 una clip che omaggia la street art, quasi come a voler sottolineare che il prossimo talento verr\u00e0 proprio dalla strada. Un po\u2019 come \u00e8 successo a Damiano David che, prima di diventare una star internazionale, si esibiva a Via del Corso, nel cuore di Roma.<\/p>\n<p class=\"c-paragraph\">Alla conduzione del live di X Factor, per il terzo anno consecutivo, torna <b>Giorgia<\/b>, ormai sempre pi\u00f9 a suo agio nelle vesti della conduttrice e intrattenitrice della competizione canora. Come sempre, durante le prime audizioni Giorgia sar\u00e0 dietro le quinte per accogliere i coraggiosi che proveranno a dimostrare di avere il fattore X necessario al successo e a intervistare eventuali accompagnatori. La grande novit\u00e0 di quest\u2019anno dello show, per\u00f2, riguarda i giudici. X Factor 20 ritrover\u00e0 tre dei quattro giudici della stagione passata. Il pubblico, dunque, potr\u00e0 fare di nuovo affidamento su <b>Jack La Furia<\/b>, <b>Paola Iezzi<\/b> e le freddure di <b>Francesco Gabbani<\/b>, diventate talmente iconiche da aver meritato anche una parodia al Gialappa\u2019s Show. <b>Achille Lauro<\/b>, invece, abbandona la sedia di giudice e lascia il posto a un altro cantante molto amato dalla fetta di pubblico pi\u00f9 giovane,<b> Irama. <\/b>Come sempre, il live serale accoglier\u00e0 dodici cantanti in tutto, che si sfideranno per arrivare alla pubblicazione del proprio inedito prima e alla finalissima poi.<\/p>\n","protected":false},"excerpt":{"rendered":"Con un post sul proprio account ufficiale di Instagram &#8211; post che sta facendo discutere per il possibile&hellip;\n","protected":false},"author":3,"featured_media":614985,"comment_status":"","ping_status":"","sticky":false,"template":"","format":"standard","meta":{"footnotes":"","_share_on_mastodon":"0"},"categories":[1444],"tags":[203,204,1537,90,89,253,48718],"class_list":["post-614984","post","type-post","status-publish","format-standard","has-post-thumbnail","category-tv","tag-entertainment","tag-intrattenimento","tag-it","tag-italia","tag-italy","tag-tv","tag-x-factor"],"share_on_mastodon":{"url":"https:\/\/pubeurope.com\/@it\/117029315951725153","error":""},"_links":{"self":[{"href":"https:\/\/www.europesays.com\/it\/wp-json\/wp\/v2\/posts\/614984","targetHints":{"allow":["GET"]}}],"collection":[{"href":"https:\/\/www.europesays.com\/it\/wp-json\/wp\/v2\/posts"}],"about":[{"href":"https:\/\/www.europesays.com\/it\/wp-json\/wp\/v2\/types\/post"}],"author":[{"embeddable":true,"href":"https:\/\/www.europesays.com\/it\/wp-json\/wp\/v2\/users\/3"}],"replies":[{"embeddable":true,"href":"https:\/\/www.europesays.com\/it\/wp-json\/wp\/v2\/comments?post=614984"}],"version-history":[{"count":0,"href":"https:\/\/www.europesays.com\/it\/wp-json\/wp\/v2\/posts\/614984\/revisions"}],"wp:featuredmedia":[{"embeddable":true,"href":"https:\/\/www.europesays.com\/it\/wp-json\/wp\/v2\/media\/614985"}],"wp:attachment":[{"href":"https:\/\/www.europesays.com\/it\/wp-json\/wp\/v2\/media?parent=614984"}],"wp:term":[{"taxonomy":"category","embeddable":true,"href":"https:\/\/www.europesays.com\/it\/wp-json\/wp\/v2\/categories?post=614984"},{"taxonomy":"post_tag","embeddable":true,"href":"https:\/\/www.europesays.com\/it\/wp-json\/wp\/v2\/tags?post=614984"}],"curies":[{"name":"wp","href":"https:\/\/api.w.org\/{rel}","templated":true}]}}