{"id":615031,"date":"2026-08-03T03:53:29","date_gmt":"2026-08-03T03:53:29","guid":{"rendered":"https:\/\/www.europesays.com\/it\/615031\/"},"modified":"2026-08-03T03:53:29","modified_gmt":"2026-08-03T03:53:29","slug":"il-consorzio-agrario-entra-in-cai-nasce-un-nuovo-asse-per-lagricoltura-del-nord-est","status":"publish","type":"post","link":"https:\/\/www.europesays.com\/it\/615031\/","title":{"rendered":"Il consorzio agrario entra in CAI: nasce un nuovo asse per l&#8217;agricoltura del Nord-Est"},"content":{"rendered":"<p>Una svolta strategica destinata a ridisegnare il futuro dell&#8217;agricoltura nel territorio. Il Consorzio Agrario di Treviso e Belluno entra ufficialmente in Consorzi Agrari d&#8217;Italia (CAI), la principale piattaforma integrata dell&#8217;agroalimentare nazionale partecipata da B.F. S.p.A. (Bonifiche Ferraresi). Un&#8217;operazione che punta a rafforzare la competitivit\u00e0 delle imprese agricole locali, mettendo a disposizione nuovi servizi, tecnologie e strumenti per affrontare un mercato sempre pi\u00f9 complesso.<\/p>\n<p>L&#8217;accordo societario, approvato dall&#8217;assemblea dei soci e perfezionato il 29 luglio, segna l&#8217;ingresso nel gruppo anche del Consorzio Agrario del Friuli Venezia Giulia, con un apporto complessivo di circa 250 milioni di euro di volume d&#8217;affari. Per il Consorzio di Treviso e Belluno l&#8217;operazione prevede il conferimento a CAI del ramo d&#8217;azienda legato al core business \u2013 dalla commercializzazione dei prodotti alla fornitura di servizi e mezzi tecnici per l&#8217;agricoltura \u2013 insieme agli immobili strumentali, agli impianti, alle attrezzature, al personale e alle relative passivit\u00e0.<\/p>\n<p>In cambio del conferimento, il Consorzio trevigiano acquisir\u00e0 una partecipazione del 7,20% nel capitale di CAI S.p.A., diventandone uno degli azionisti di riferimento. L&#8217;integrazione entrer\u00e0 pienamente in vigore dal 1\u00b0 settembre 2026. L&#8217;operazione consentir\u00e0 di unire la storica presenza sul territorio del Consorzio Agrario di Treviso e Belluno con la capacit\u00e0 operativa del pi\u00f9 grande gruppo agroindustriale italiano, che sviluppa un valore della produzione aggregato di circa 1,7 miliardi di euro. Per gli agricoltori delle due province si tradurr\u00e0 nell&#8217;accesso a nuovi servizi e tecnologie, dall&#8217;Agricoltura 4.0 ai contratti di protezione delle produzioni, passando per soluzioni innovative a basso impatto ambientale e un&#8217;assistenza tecnica ancora pi\u00f9 qualificata garantita da una rete di circa 150 tra dipendenti, tecnici, agronomi, veterinari e consulenti.<\/p>\n<p>\u00abIl cambiamento richiede scelte capaci di adattarsi ai nuovi scenari mantenendo la competitivit\u00e0. Non cambiare significa rischiare di arretrare\u00bb, sottolinea il presidente del Consorzio Agrario di Treviso e Belluno, Giorgio Polegato. \u00abIl nostro impegno deve guardare avanti, pensando anche alle future generazioni. L&#8217;adesione a CAI arriva in un momento cruciale, nel quale solo la forza della cooperazione, la dimensione e la qualit\u00e0 dei servizi possono garantire redditivit\u00e0 e competitivit\u00e0 alle imprese agricole\u00bb.<\/p>\n<p>Polegato evidenzia anche il valore mutualistico dell&#8217;operazione. \u00abNon si tratta di una cessione, ma di un conferimento del ramo operativo in cambio di una partecipazione significativa nella societ\u00e0. Portiamo in CAI il patrimonio di competenze costruito in tanti anni, in particolare nei servizi dedicati alle imprese vitivinicole, e riceviamo in cambio la possibilit\u00e0 di accedere a maggiori investimenti, a una logistica pi\u00f9 efficiente, alla ricerca e alle tecnologie innovative. Tutto questo si tradurr\u00e0 in prodotti e servizi sempre pi\u00f9 avanzati per i nostri soci e clienti\u00bb.<\/p>\n<p>Secondo il presidente, la scelta rappresenta una strategia di lungo periodo. \u00abEntrare in CAI significa offrire nuove opportunit\u00e0 di crescita alle aziende agricole del territorio, valorizzandone l&#8217;identit\u00e0 e rafforzando la capacit\u00e0 di difendere il Made in Italy dalle pressioni speculative. \u00c8 una decisione che guarda al futuro, senza perdere il legame con le comunit\u00e0 e con la storia del nostro Consorzio\u00bb.<\/p>\n<p>Con l&#8217;ingresso nel sistema CAI, il Consorzio Agrario di Treviso e Belluno apre dunque una nuova fase del proprio percorso, puntando a coniugare radicamento territoriale e dimensione nazionale per accompagnare le imprese agricole nelle sfide dei prossimi anni.<\/p>\n","protected":false},"excerpt":{"rendered":"Una svolta strategica destinata a ridisegnare il futuro dell&#8217;agricoltura nel territorio. Il Consorzio Agrario di Treviso e Belluno&hellip;\n","protected":false},"author":3,"featured_media":615032,"comment_status":"","ping_status":"","sticky":false,"template":"","format":"standard","meta":{"footnotes":"","_share_on_mastodon":"0"},"categories":[172],"tags":[178,177,338998,338997,4974,1537,90,89,7473,442],"class_list":["post-615031","post","type-post","status-publish","format-standard","has-post-thumbnail","category-affari","tag-affari","tag-business","tag-consorzi-agrari-ditalia","tag-consorzio-agrario","tag-entrata","tag-it","tag-italia","tag-italy","tag-piattaforma","tag-treviso"],"share_on_mastodon":{"url":"https:\/\/pubeurope.com\/@it\/117029556014201091","error":""},"_links":{"self":[{"href":"https:\/\/www.europesays.com\/it\/wp-json\/wp\/v2\/posts\/615031","targetHints":{"allow":["GET"]}}],"collection":[{"href":"https:\/\/www.europesays.com\/it\/wp-json\/wp\/v2\/posts"}],"about":[{"href":"https:\/\/www.europesays.com\/it\/wp-json\/wp\/v2\/types\/post"}],"author":[{"embeddable":true,"href":"https:\/\/www.europesays.com\/it\/wp-json\/wp\/v2\/users\/3"}],"replies":[{"embeddable":true,"href":"https:\/\/www.europesays.com\/it\/wp-json\/wp\/v2\/comments?post=615031"}],"version-history":[{"count":0,"href":"https:\/\/www.europesays.com\/it\/wp-json\/wp\/v2\/posts\/615031\/revisions"}],"wp:featuredmedia":[{"embeddable":true,"href":"https:\/\/www.europesays.com\/it\/wp-json\/wp\/v2\/media\/615032"}],"wp:attachment":[{"href":"https:\/\/www.europesays.com\/it\/wp-json\/wp\/v2\/media?parent=615031"}],"wp:term":[{"taxonomy":"category","embeddable":true,"href":"https:\/\/www.europesays.com\/it\/wp-json\/wp\/v2\/categories?post=615031"},{"taxonomy":"post_tag","embeddable":true,"href":"https:\/\/www.europesays.com\/it\/wp-json\/wp\/v2\/tags?post=615031"}],"curies":[{"name":"wp","href":"https:\/\/api.w.org\/{rel}","templated":true}]}}