{"id":615157,"date":"2026-08-03T06:36:20","date_gmt":"2026-08-03T06:36:20","guid":{"rendered":"https:\/\/www.europesays.com\/it\/615157\/"},"modified":"2026-08-03T06:36:20","modified_gmt":"2026-08-03T06:36:20","slug":"le-ferie-dei-big-della-regione-il-viaggio-piu-emozionante-dellestate-il-sindaco-de-toni-torna-nellorfanotrofio-dove-adotto-i-figli","status":"publish","type":"post","link":"https:\/\/www.europesays.com\/it\/615157\/","title":{"rendered":"Le ferie dei big della regione, il viaggio pi\u00f9 emozionante dell&#8217;estate: il sindaco De Toni torna nell&#8217;orfanotrofio dove adott\u00f2 i figli"},"content":{"rendered":"<p>LE <a href=\"https:\/\/www.ilgazzettino.it\/t\/vacanze\" rel=\"nofollow noopener\" target=\"_blank\">VACANZE<\/a> &#8211; L\u2019<a href=\"https:\/\/www.ilgazzettino.it\/t\/estate\" rel=\"nofollow noopener\" target=\"_blank\">estate<\/a> \u00e8 scattata per la politica e il gotha regionale, tra bilanci e provvedimenti dell\u2019ultima ora tutti (o quasi) sono pronti a godersi un po\u2019 di meritato relax. Il ministro per i Rapporti con il Parlamento, <a href=\"https:\/\/www.ilgazzettino.it\/t\/luca-ciriani\" rel=\"nofollow noopener\" target=\"_blank\">Luca Ciriani<\/a> nonostante l\u2019agenda fitta d\u2019impegni ha deciso di ritagliarsi qualche giorno con la famiglia a Lignano. Il presidente della Regione Fvg <a href=\"https:\/\/www.ilgazzettino.it\/t\/massimiliano-fedriga\" rel=\"nofollow noopener\" target=\"_blank\">Massimiliano Fedriga<\/a> si diriger\u00e0 al mare e poi sulle montagne del Friuli Venezia Giulia, con una pausa in famiglia a Grado e a Tarvisio.<\/p>\n<p>    &#13;<\/p>\n<p>APPROFONDIMENTI<\/p>\n<p>&#13;<\/p>\n<p>                            &#13;<br \/>\n                                            &#13;<br \/>\n                            <a href=\"https:\/\/www.ilgazzettino.it\/nordest\/treviso\/vacanze_mete_preferite_giappone_corea_del_sud-9686705.html\" rel=\"nofollow noopener\" target=\"_blank\">&#13;<br \/>\n                                                                <img decoding=\"async\" src=\"https:\/\/www.europesays.com\/it\/wp-content\/uploads\/2026\/08\/9686705_02192139_ita_4_.jpg\"\/>&#13;<br \/>\n                            <\/a>&#13;<br \/>\n                        &#13;<br \/>\n                                        &#13;<\/p>\n<p>        &#13;<\/p>\n<p>Gli sposi <\/p>\n<p>Il sindaco di Pordenone Alessandro Basso con pochissimi giorni di riposo si promette di lavorare il meno possibile, anche se sappiamo che sar\u00e0 un\u2019utopia. Un politico, in estate, ha grandi responsabilit\u00e0 verso la comunit\u00e0, proprio come quelle verso i propri cari. Insieme a Loris Bazzo approder\u00e0 nella sua amatissima Lignano: \u00abIl mio buen ritiro \u2013 racconta \u2013 \u00e8 con i miei amici del cuore e ci saranno anche i nostri cani. Cos\u00ec siamo vicini ai nonni e allo stesso tempo possiamo staccare la spina facendo anche qualche giro in barca, non mancher\u00e0 il marted\u00ec italiano al \u201cCharlie\u201d per fare due risate\u00bb. E a casa Basso-Bazzo la tavola sar\u00e0 da mille e una notte, visto che Alessandro \u00e8 uno chef provetto con due mani d\u2019oro. \u00abHo anche qualche pesciolino da cucinare \u2013 rivela \u2013 e il piano cottura di Lignano si presta per le conserve\u00bb. Ad attenderlo a Lignano ci sar\u00e0 anche la cucina super accessoriata del testimone di nozze e amico del cuore Ernesto Tubaro, che per l\u2019allestimento ha lasciato carta bianca proprio all\u2019esperto gourmet pordenonese, uomo di Lettere e di Bilanci.\u00a0<\/p>\n<p> All&#8217;estero <\/p>\n<p>Cambiando regione e latitudine, le rotte dei big regionali sono tutte da scoprire. A met\u00e0 agosto il consigliere d\u2019opposizione del Pd, Nicola Conficoni prender\u00e0 il treno Pordenone-Milano per poi volare in Sudafrica con un gruppo di Avventura nel Mondo, pronto a vivere il safari al Kruger, la Garden Route e Citt\u00e0 del Capo. \u00abDi sicuro andr\u00f2 a vedere la prigione di Mandela\u00bb, ha ricordato Conficoni che nel suo curriculum di viaggiatore seriale vanta gi\u00e0 Cina, Vietnam, Laos, Cambogia (Indocina), Birmania, Uzbekistan (Via della Seta), Iran, Istanbul e Cappadocia, Marocco e Namibia, Islanda, Messico, Brasile, Per\u00f9 e Bolivia, Patagonia, isole Lofoten e Norvegia.\u00a0<\/p>\n<p>Il vescovo <\/p>\n<p>Chi unisce la valigia alla fede e alla diplomazia \u00e8 il vescovo Giuseppe Pellegrini, reduce da un bellissimo viaggio in Polonia per riabbracciare un vecchio amico prete e da cinque giorni in Marocco per blindare gli accordi con la diocesi di Rabat in vista della missione che vedr\u00e0 impegnata una giovane diocesana a novembre. Non mancher\u00e0 poi la tappa spirituale a Lourdes per accompagnare i malati e pregare per i pordenonesi, mentre in patria fa la spola tra la citt\u00e0 e la sua dimora al Piancavallo per un po\u2019 di fresco a contatto con la natura.<\/p>\n<p>I sindaci <\/p>\n<p>Viaggio dell\u2019anima per il sindaco di Udine Felice De Toni, che far\u00e0 tappa a Danzica in Polonia, sul Mar Baltico, per rivisitare l\u2019orfanatrofio in cui oltre vent\u2019anni fa ha adottato i suoi figli, due fratellini oggi trentenni. Il tutto condito da qualche weekend nella pittoresca Caorle. Il collega di Trieste Roberto Dipiazza punta invece dritto sul blu del mare della Sardegna.<\/p>\n<p>I big <\/p>\n<p>Relax patinato per Michelangelo Agrusti, presidente di Confindustria Alto Adriatico, che si godr\u00e0 la sua splendida dimora con piscina a sfioro a Casarsa della Delizia, localit\u00e0 affettuosamente ribattezzata \u201cbeach\u201d.\u00a0<br \/>In trincea a preparare i grandi eventi settembrini resta Renato Pujatti, presidente della Fiera di Pordenone, concentrato anche sulla storica azienda di famiglia, la Creazioni Mirella srl (attiva dal 1959 nella produzione di zaini, borse da viaggio e buffetteria per l&#8217;esercito), di cui \u00e8 presidente e amministratore delegato. Per lui solo una breve puntatina a Ferragosto, a Piancavallo o Lignano a seconda del meteo.\u00a0<br \/>Sulla scia dei racconti di Patrick Leigh Fermor e Claudio Magris, il direttore artistico di \u201cPordenonelegge\u201d, Gian Mario Villalta partir\u00e0 con i libri in spalla verso Zagabria, Novi Sad, Belgrado e le Porte di Ferro sul Danubio. Mitja Gialuz, timoniere della Societ\u00e0 Velica di Barcola e Grignano e mente della Barcolana, far\u00e0 rotta in Dalmazia (Silba e Olib) senza disdegnare la quiete della Val Badia. Tuffo nei sapori di Sicilia per Marco Consalvo, presidente dell\u2019Autorit\u00e0 di Sistema Portuale del Mare Adriatico Orientale, mentre Donata Vianelli, rettrice dell\u2019Universit\u00e0 di Trieste, voler\u00e0 ad Alicante con la trib\u00f9 di famiglia e amici proprio nella settimana dell\u2019eclissi totale.\u00a0<br \/>Chiude il parterre Antonella Nonino, regina della grappa, che ha gi\u00e0 fatto il pieno di sole ed eleganza tra Bibione, Lignano e Zara.\u00a0<\/p>\n","protected":false},"excerpt":{"rendered":"LE VACANZE &#8211; L\u2019estate \u00e8 scattata per la politica e il gotha regionale, tra bilanci e provvedimenti dell\u2019ultima&hellip;\n","protected":false},"author":3,"featured_media":615158,"comment_status":"","ping_status":"","sticky":false,"template":"","format":"standard","meta":{"footnotes":"","_share_on_mastodon":"0"},"categories":[160],"tags":[14,164,165,1533,323123,77202,166,7,15,11,167,12,168,2644,161,162,163],"class_list":["post-615157","post","type-post","status-publish","format-standard","has-post-thumbnail","category-mondo","tag-cronaca","tag-dal-mondo","tag-dalmondo","tag-estate","tag-luca-ciriani","tag-massimiliano-fedriga","tag-mondo","tag-news","tag-notizie","tag-ultime-notizie","tag-ultime-notizie-di-mondo","tag-ultimenotizie","tag-ultimenotiziedimondo","tag-vacanze","tag-world","tag-world-news","tag-worldnews"],"share_on_mastodon":{"url":"https:\/\/pubeurope.com\/@it\/117030196985274143","error":""},"_links":{"self":[{"href":"https:\/\/www.europesays.com\/it\/wp-json\/wp\/v2\/posts\/615157","targetHints":{"allow":["GET"]}}],"collection":[{"href":"https:\/\/www.europesays.com\/it\/wp-json\/wp\/v2\/posts"}],"about":[{"href":"https:\/\/www.europesays.com\/it\/wp-json\/wp\/v2\/types\/post"}],"author":[{"embeddable":true,"href":"https:\/\/www.europesays.com\/it\/wp-json\/wp\/v2\/users\/3"}],"replies":[{"embeddable":true,"href":"https:\/\/www.europesays.com\/it\/wp-json\/wp\/v2\/comments?post=615157"}],"version-history":[{"count":0,"href":"https:\/\/www.europesays.com\/it\/wp-json\/wp\/v2\/posts\/615157\/revisions"}],"wp:featuredmedia":[{"embeddable":true,"href":"https:\/\/www.europesays.com\/it\/wp-json\/wp\/v2\/media\/615158"}],"wp:attachment":[{"href":"https:\/\/www.europesays.com\/it\/wp-json\/wp\/v2\/media?parent=615157"}],"wp:term":[{"taxonomy":"category","embeddable":true,"href":"https:\/\/www.europesays.com\/it\/wp-json\/wp\/v2\/categories?post=615157"},{"taxonomy":"post_tag","embeddable":true,"href":"https:\/\/www.europesays.com\/it\/wp-json\/wp\/v2\/tags?post=615157"}],"curies":[{"name":"wp","href":"https:\/\/api.w.org\/{rel}","templated":true}]}}