{"id":615371,"date":"2026-08-03T10:02:20","date_gmt":"2026-08-03T10:02:20","guid":{"rendered":"https:\/\/www.europesays.com\/it\/615371\/"},"modified":"2026-08-03T10:02:20","modified_gmt":"2026-08-03T10:02:20","slug":"antonio-gerardi-sono-diventato-attore-per-una-lite-in-un-parcheggio-poi-1992-mi-ha-aperto-una-porta-gigante-non-mi-invitavano-ai-compleanni-perche-ero-il-figlio-del-custode-quella-voglia-di","status":"publish","type":"post","link":"https:\/\/www.europesays.com\/it\/615371\/","title":{"rendered":"Antonio Gerardi: \u00abSono diventato attore per una lite in un parcheggio, poi 1992 mi ha aperto una porta gigante. Non mi invitavano ai compleanni perch\u00e9 ero il figlio del custode: quella voglia di riscatto l&#8217;ho messa nel mio Di Pietro\u00bb"},"content":{"rendered":"<p><strong>Che effetto le fa tornare in Basilicata?<\/strong><br \/>\u00ab\u00c8 sempre bello tornare a casa, soprattutto quando torni in una situazione come questa, in un posto bellissimo. Ritrovo amici di cinquant\u2019anni fa, di quando eravamo ragazzini e non avevamo neanche i soldi per piangere. Poi ognuno ha fatto la propria strada: chi \u00e8 diventato politico, chi imprenditore, chi editore\u00bb.<\/p>\n<p><strong>Che rapporto ha oggi con questa terra?<\/strong><br \/>\u00abOnestamente, da quando sono morti tutti, vengo in Basilicata e per un po\u2019 sto male. Sono morti mia madre, mio padre e mio fratello. Quando torno si accendono tutti i ricordi, tutte le lampadine, non sto per nulla bene\u00bb.<\/p>\n<p><strong>Che cosa \u00e8 successo alla sua famiglia?<\/strong><br \/>\u00ab\u00c8 morto mio fratello e si \u00e8 portato appresso mia madre e mio padre. \u00c8 come se non volessero spegnersi da soli\u00bb.<\/p>\n<p><strong>Perch\u00e9 ha questa sensazione?<\/strong><br \/>\u00abMio padre era malato e il medico che lo curava un giorno mi fece vedere i suoi valori. Mi disse: \u201cGuarda, tuo padre entrava a maggio del 2003 con questi valori, gli facevo la terapia e usciva con questi altri\u201d. Entrava con valori brutti e dopo la terapia miglioravano\u00bb.<\/p>\n<p><strong>E poi?<\/strong><br \/>\u00abDopo la morte di mio fratello entrava con determinati valori, faceva la terapia e non cambiava pi\u00f9 niente. Io, da ignorante, pensavo: magari si \u00e8 abituato alla terapia, forse bisogna cambiarla. E invece il medico mi guard\u00f2 come per dire: pensaci un attimo. Quello che fino a quel momento lo aveva tenuto in vita non faceva pi\u00f9 niente. Pensa che fa la testa\u00bb.<\/p>\n<p><strong>Ha mai pensato di tornare a vivere qui?<\/strong><br \/>\u00abCon i miei filgi che crescono a Roma e il mio lavoro \u00e8 sicuramente difficile. So che l\u2019essere umano, andando avanti con gli anni, tende a tornare da dove \u00e8 partito. Io quella spinta non ce l\u2019ho, perch\u00e9 qui non c\u2019\u00e8 pi\u00f9 nessuno\u00bb.<\/p>\n<p><strong>Com\u2019\u00e8 stato crescere qui?<\/strong><br \/>\u00abAmo la Basilicata. Questa \u00e8 una terra povera e per certi versi \u00e8 difficile crescerci, bisogna apprezzarla\u00bb.<\/p>\n<p><strong>Lei ha sentito il bisogno di cambiare.<\/strong><br \/>\u00abQuando sei grande pu\u00f2 anche andare bene, ma un giovane ha bisogno di vivere, ha bisogno di andare a vedere come \u00e8 fatto il mondo, senza scordarsi le proprie origini\u00bb.<\/p>\n<p><strong>Negli ultimi anni per\u00f2 \u00e8 cambiato il modo in cui il resto d\u2019Italia guarda questa regione?<\/strong><br \/>\u00abS\u00ec. Pensa a Matera: oggi la amo perch\u00e9 ci arrivano turisti da tutto il mondo, anche grazie al cinema e al fatto che sia diventata Capitale europea della cultura. Poi \u00e8 bellissima. Quando trovi un punto da cui guardare i Sassi sembra veramente che il Signore si sia messo l\u00ec a disegnarli\u00bb.<\/p>\n<p><strong>E Basilicata Coast to Coast che ruolo ha avuto?<\/strong><br \/>\u00abEnorme. Io, per esempio, non sapevo che oggi ci fosse gente che rif\u00e0 quel percorso anche a cavallo. L\u2019ho scoperto dopo. Quando fai un film non sei consapevole della sua grandezza\u00bb.<\/p>\n<p><strong>In Basilicata incass\u00f2 pi\u00f9 soldi di Avatar. Ve lo ricordate ancora?<\/strong><br \/>\u00abRocco Papaleo scherza sempre su questa cosa: \u201cHo fatto pi\u00f9 soldi di Cameron\u201d. Pi\u00f9 di James Cameron\u00bb.<\/p>\n","protected":false},"excerpt":{"rendered":"Che effetto le fa tornare in Basilicata?\u00ab\u00c8 sempre bello tornare a casa, soprattutto quando torni in una situazione&hellip;\n","protected":false},"author":3,"featured_media":615372,"comment_status":"","ping_status":"","sticky":false,"template":"","format":"standard","meta":{"footnotes":"","_share_on_mastodon":"0"},"categories":[1451],"tags":[1621,1620,640,203,204,1537,90,89,2936,45973,318170,6124],"class_list":["post-615371","post","type-post","status-publish","format-standard","has-post-thumbnail","category-celebrita","tag-celebrita","tag-celebrities","tag-cinema","tag-entertainment","tag-intrattenimento","tag-it","tag-italia","tag-italy","tag-show","tag-splitscreenimageleftfullbleed","tag-tv-e-serie","tag-web"],"share_on_mastodon":{"url":"https:\/\/pubeurope.com\/@it\/117031006940255060","error":""},"_links":{"self":[{"href":"https:\/\/www.europesays.com\/it\/wp-json\/wp\/v2\/posts\/615371","targetHints":{"allow":["GET"]}}],"collection":[{"href":"https:\/\/www.europesays.com\/it\/wp-json\/wp\/v2\/posts"}],"about":[{"href":"https:\/\/www.europesays.com\/it\/wp-json\/wp\/v2\/types\/post"}],"author":[{"embeddable":true,"href":"https:\/\/www.europesays.com\/it\/wp-json\/wp\/v2\/users\/3"}],"replies":[{"embeddable":true,"href":"https:\/\/www.europesays.com\/it\/wp-json\/wp\/v2\/comments?post=615371"}],"version-history":[{"count":0,"href":"https:\/\/www.europesays.com\/it\/wp-json\/wp\/v2\/posts\/615371\/revisions"}],"wp:featuredmedia":[{"embeddable":true,"href":"https:\/\/www.europesays.com\/it\/wp-json\/wp\/v2\/media\/615372"}],"wp:attachment":[{"href":"https:\/\/www.europesays.com\/it\/wp-json\/wp\/v2\/media?parent=615371"}],"wp:term":[{"taxonomy":"category","embeddable":true,"href":"https:\/\/www.europesays.com\/it\/wp-json\/wp\/v2\/categories?post=615371"},{"taxonomy":"post_tag","embeddable":true,"href":"https:\/\/www.europesays.com\/it\/wp-json\/wp\/v2\/tags?post=615371"}],"curies":[{"name":"wp","href":"https:\/\/api.w.org\/{rel}","templated":true}]}}