{"id":615401,"date":"2026-08-03T10:29:15","date_gmt":"2026-08-03T10:29:15","guid":{"rendered":"https:\/\/www.europesays.com\/it\/615401\/"},"modified":"2026-08-03T10:29:15","modified_gmt":"2026-08-03T10:29:15","slug":"barbie-margot-robbie-e-ryan-gosling-vogliono-uno-cachet-piu-alto-e-il-sequel-si-blocca","status":"publish","type":"post","link":"https:\/\/www.europesays.com\/it\/615401\/","title":{"rendered":"Barbie, Margot Robbie e Ryan Gosling vogliono uno cachet pi\u00f9 alto e il sequel si blocca"},"content":{"rendered":"<p><strong>Il secondo capitolo di Barbie \u00e8 appeso a un filo<\/strong>.<\/p>\n<p>Secondo quanto riportato dal New York Times, l&#8217;amministratore delegato di Warner Bros. Discovery <strong>David Zaslav non avrebbe dato il via libera ai nuovi compensi richiesti dai due protagonisti<\/strong>, <a title=\"Cime tempestose, Margot Robbie danza sul set sulle note del classico di Kate Bush. VIDEO\" href=\"https:\/\/tg24.sky.it\/spettacolo\/cinema\/2026\/02\/17\/margot-robbie-cime-tempestose\" rel=\"nofollow noopener\" target=\"_blank\">Margot Robbie<\/a> e <a title=\"Ryan Gosling \u00e8 Ghost Rider: il nuovo film Marvel diretto da Shawn Levy arriver\u00e0 nel 2028\" data-intcmp=\"skytg24_foglia articolo_interlink_text\" href=\"https:\/\/tg24.sky.it\/spettacolo\/2026\/07\/26\/ryan-gosling-ghost-rider\" rel=\"nofollow noopener\" target=\"_blank\">Ryan Gosling<\/a>. E, con la scadenza di dicembre che si avvicina, i diritti sul marchio rischiano di tornare nelle mani di Mattel.<\/p>\n<p>Il nodo dei compensi<\/p>\n<p>A poco pi\u00f9 di due anni dall&#8217;uscita del film che ha ridipinto di rosa il box office mondiale, il sequel di Barbie sembra essersi arenato. Non per mancanza di idee o di entusiasmo creativo, ma per una questione economica. <strong>Le trattative sui cachet dei protagonisti sono in stallo da mesi,<\/strong> e il progetto che tutti sembravano voler realizzare \u00e8 finito in un limbo dalla scadenza sempre pi\u00f9 vicina.<\/p>\n<p>\u00a0<\/p>\n<p>Al centro della disputa ci sono i nuovi accordi economici. Stando alle indiscrezioni raccolte dal quotidiano statunitense, Zaslav avrebbe frenato di fronte alla richiesta di contratti pi\u00f9 ricchi, comprensivi di una <strong>quota sui profitti del film<\/strong>, avanzata sia per Robbie sia per Gosling. L&#8217;attore, candidato all&#8217;Oscar come miglior attore non protagonista per il ruolo di Ken, punterebbe a portare il proprio compenso fino a <strong>venti milioni di dollari.<\/strong><\/p>\n<p>\u00a0<\/p>\n<p>Il problema nasce da una particolarit\u00e0 contrattuale: <strong>nessuno dei due interpreti aveva firmato un accordo per pi\u00f9 pellicole, ma soltanto per il primo film<\/strong>. Questo significa che per un eventuale seguito le condizioni vanno rinegoziate da zero. Nel corso degli ultimi tre anni lo studio avrebbe formulato circa sei proposte; l&#8217;agenzia CAA, che rappresenta gli attori insieme alla regista Greta Gerwig e allo sceneggiatore Noah Baumbach, avrebbe respinto l&#8217;ultima offerta, tra le pi\u00f9 alte messe sul piatto, senza avanzare una controproposta. Secondo alcune fonti, il vertice della societ\u00e0 avrebbe definito le richieste semplicemente &#8220;troppo generose&#8221;.<\/p>\n<p>\u00a0<\/p>\n<p>Dal canto suo, Warner Bros. respinge la ricostruzione di un&#8217;intesa raggiunta e poi ritirata. &#8220;Non \u00e8 mai esistito un quadro concordato che sia stato approvato e poi rimesso in discussione&#8221;, ha precisato un portavoce dello studio.<\/p>\n<p>\t\t \tLa corsa contro il tempo<\/p>\n<p>A rendere la situazione ancora pi\u00f9 delicata \u00e8 il fattore tempo. <strong>Warner Bros. avrebbe tempo fino a dicembre per avviare lo sviluppo di un seguito<\/strong>: superata quella soglia, i<strong> diritti sul personaggio tornerebbero a Mattel<\/strong>, l&#8217;azienda proprietaria della celebre bambola. In quel caso il colosso del giocattolo potrebbe rilanciare il franchise da capo, con un cast, una regia e una direzione creativa completamente diversi.<\/p>\n<p>\u00a0<\/p>\n<p>Sullo sfondo resta un successo difficile da eguagliare: uscito nel 2023, Barbie ha superato il miliardo e quattrocento milioni di dollari al botteghino e ha collezionato otto candidature agli Oscar, consacrando definitivamente Gerwig, Robbie e Gosling.<\/p>\n<p>\u00a0<\/p>\n<p>La regista sarebbe pronta a mettersi al lavoro sulla sceneggiatura ma, insieme a Baumbach, avrebbe scelto di non svelare l&#8217;idea alla base del sequel finch\u00e9 non ci sar\u00e0 un accordo firmato. Un braccio di ferro che, per ora, tiene il seguito pi\u00f9 atteso di Hollywood in una lunga fase di attesa.<\/p>\n<p>\t\t\t<a class=\"c-inline-card j-inline-card c-inline-card--with-image\" href=\"https:\/\/tg24.sky.it\/spettacolo\/2026\/02\/15\/ken-barbie-compleanno\" rel=\"follow nofollow noopener\" data-intcmp=\"skytg24_articolo_approfondimenti_inline\" target=\"_blank\"><\/p>\n<p>\t\t\t         <img decoding=\"async\" crossorigin=\"anonymous\" alt=\"\"  loading=\"lazy\"  src=\"https:\/\/www.europesays.com\/it\/wp-content\/uploads\/2026\/08\/Immagine_2026-02-15_145813.png\"\/><\/p>\n<p>\n\t\t\t         Approfondimento<br \/>\n\t\t\t         Ken, eterno fidanzato di Barbie, compie 65 anni\n\t\t\t      <\/p>\n<p>\t\t\t<\/a><\/p>\n","protected":false},"excerpt":{"rendered":"Il secondo capitolo di Barbie \u00e8 appeso a un filo. Secondo quanto riportato dal New York Times, l&#8217;amministratore&hellip;\n","protected":false},"author":3,"featured_media":615402,"comment_status":"","ping_status":"","sticky":false,"template":"","format":"standard","meta":{"footnotes":"","_share_on_mastodon":"0"},"categories":[1451],"tags":[17058,1621,1620,203,204,1537,90,89],"class_list":["post-615401","post","type-post","status-publish","format-standard","has-post-thumbnail","category-celebrita","tag-barbie","tag-celebrita","tag-celebrities","tag-entertainment","tag-intrattenimento","tag-it","tag-italia","tag-italy"],"share_on_mastodon":{"url":"","error":""},"_links":{"self":[{"href":"https:\/\/www.europesays.com\/it\/wp-json\/wp\/v2\/posts\/615401","targetHints":{"allow":["GET"]}}],"collection":[{"href":"https:\/\/www.europesays.com\/it\/wp-json\/wp\/v2\/posts"}],"about":[{"href":"https:\/\/www.europesays.com\/it\/wp-json\/wp\/v2\/types\/post"}],"author":[{"embeddable":true,"href":"https:\/\/www.europesays.com\/it\/wp-json\/wp\/v2\/users\/3"}],"replies":[{"embeddable":true,"href":"https:\/\/www.europesays.com\/it\/wp-json\/wp\/v2\/comments?post=615401"}],"version-history":[{"count":0,"href":"https:\/\/www.europesays.com\/it\/wp-json\/wp\/v2\/posts\/615401\/revisions"}],"wp:featuredmedia":[{"embeddable":true,"href":"https:\/\/www.europesays.com\/it\/wp-json\/wp\/v2\/media\/615402"}],"wp:attachment":[{"href":"https:\/\/www.europesays.com\/it\/wp-json\/wp\/v2\/media?parent=615401"}],"wp:term":[{"taxonomy":"category","embeddable":true,"href":"https:\/\/www.europesays.com\/it\/wp-json\/wp\/v2\/categories?post=615401"},{"taxonomy":"post_tag","embeddable":true,"href":"https:\/\/www.europesays.com\/it\/wp-json\/wp\/v2\/tags?post=615401"}],"curies":[{"name":"wp","href":"https:\/\/api.w.org\/{rel}","templated":true}]}}