{"id":615502,"date":"2026-08-03T11:50:15","date_gmt":"2026-08-03T11:50:15","guid":{"rendered":"https:\/\/www.europesays.com\/it\/615502\/"},"modified":"2026-08-03T11:50:15","modified_gmt":"2026-08-03T11:50:15","slug":"anna-falchi-alla-mia-eta-essere-innamorati-lo-trovo-un-lusso-un-regalo-divino-mamma-e-stata-una-maestra-per-me","status":"publish","type":"post","link":"https:\/\/www.europesays.com\/it\/615502\/","title":{"rendered":"Anna Falchi: \u00abAlla mia et\u00e0 essere innamorati lo trovo un lusso, un regalo divino. Mamma \u00e8 stata una maestra per me\u00bb"},"content":{"rendered":"<p>&#13;<br \/>\n                               &#13;<br \/>\n                                                &#13;<br \/>\n                &#13;<\/p>\n<p>\u00abSono spontanea, dico quello che penso. Non sono falsa e credo che questo il pubblico lo apprezzi\u00bb. <strong><a href=\"https:\/\/www.leggo.it\/t\/anna-falchi\" rel=\"nofollow noopener\" target=\"_blank\">Anna Falchi<\/a><\/strong> \u00e8 schietta durante l&#8217;intervista al settimanale <a href=\"https:\/\/www.leggo.it\/t\/chi\" rel=\"nofollow noopener\" target=\"_blank\">Chi<\/a>, rilasciata nella cornice del &#8220;Cinema Film &amp; Series&#8221; a Castellamare del Golfo, attraverso la quale racconta i suoi nuovi progetti televisivi, spiega come coniuga il lavoro\u00a0con la crescita di sua figlia e confida il legame che ha con sua madre. Senza, per\u00f2, dimenticare l&#8217;amore, ammettendo che per stare con lei ci vuole\u00a0\u00abun certo carattere\u00bb.<\/p>\n<p>&#13;<br \/>\n&#13;<br \/>\nLa televisione&#13;<br \/>\n&#13;<\/p>\n<p>\u00abHo iniziato da attrice, ma mi riesce meglio la conduttrice\u00bb, continua Anna Falchi. Proprio il suo volto torner\u00e0 in televisione, prima con &#8220;Un&#8217;estate italiana&#8221; &#8211; in onda tutte le domeniche di agosto e la prima di settembre &#8211; e poi con &#8220;<a href=\"https:\/\/www.leggo.it\/t\/i-fatti-vostri\" rel=\"nofollow noopener\" target=\"_blank\">I fatti vostri<\/a>&#8220;.\u00a0\u00abCon Fabrizio Rocca torniamo dopo due anni, sono contenta perch\u00e9 ho la fortuna di lavorare con un amico &#8211; dichiara &#8211; il punto di forza della trasmissione \u00e8 proprio la spontaneit\u00e0\u00a0dei nostri ospiti, \u00e8 un salotto molto informale e le persone si aprono, raccontano i loro ricordi legati all\u2019estate, dall\u2019infanzia ai primi amori. Sono tutti brillanti, hanno voglia di raccontarsi\u00bb. E alla domanda se sente di star sostituendo Mara Venier risponde:\u00a0\u00abNon vengo a sostituire Venier assolutamente, non sono sua competitor, la mia \u00e8 una trasmissione semplice, di svago e compagnia estiva\u00bb.<\/p>\n<p>&#13;<br \/>\n&#13;<br \/>\nLa bellezza&#13;<br \/>\n&#13;<\/p>\n<p>Nonostante il successo, Falchi racconta come non sia stato semplice entrare a far parte di questo mondo:\u00a0\u00abLa mia carriera \u00e8 stata altalenante, non \u00e8 stato facile imporsi in questo lavoro ed essere credibile. Mi viene sempre rinfacciato di essere stata una sex symbol, su quello ho avuto molto pi\u00f9 pregiudizio che sulla vita privata. Ancora oggi pubblicano le mie foto sexy del passato, mi rinfacciano i calendari. <\/p>\n<p>Magari ho esagerato a esporre il mio corpo, ma era un\u2019altra epoca, \u00e8 giusto anche crescere professionalmente senza che si vada sempre a ripescare il passato\u00bb.&#13;<br \/>\n&#13;<\/p>\n<p>Ma oggi ha un buon rapporto con la bellezza:\u00a0\u00abVedo i segni del tempo che avanzano. Mi prendo cura di me con diligenza e costanza come ho sempre fatto\u00bb.<\/p>\n<p>&#13;<br \/>\n&#13;<br \/>\nUna vita da mamma&#13;<br \/>\n&#13;<\/p>\n<p>Dietro alle telecamere, la conduttrice si concentra specialmente su <strong>Alyssa: la figlia 15enne<\/strong> avuta dalla relazione con l&#8217;imprenditore Denny Montesi. Per lei crescerla \u00e8\u00a0\u00abcostruttivo.\u00a0Costruiamo costantemente un nuovo rapporto, l\u2019importante \u00e8 sempre il dialogo. Qualche scaramuccia ci sta, poi ci si chiede scusa a vicenda e tutto torna come prima\u00bb. Anche perch\u00e9 le due si somigliano:\u00a0\u00ab\u00c8 esuberante e socievole come me, le piace chiacchierare con tutti.\u00a0Facciamo tanti weekend insieme, andremo a breve a Palma de Mallorca, ci ritagliamo questi giorni solo nostri in cui ci divertiamo. Poi adesso ci prepariamo insieme, ci scambiamo i trucchi, i vestiti, ridiamo un sacco\u00bb.<\/p>\n<p>&#13;<br \/>\n&#13;<\/p>\n<p>Anna Falchi \u00e8 una figura presente per sua figlia, come sua madre lo \u00e8 stato per lei:\u00a0\u00abMia madre \u00e8 stata la mia maestra, una donna molto saggia.\u00a0Nonostante io sia mediterranea, estroversa, espansiva e pi\u00f9 sentimentalona, lei riesce a darmi quella certezza di affrontare le cose con il suo sangue freddo tipicamente nordico\u00bb.<\/p>\n<p>&#13;<br \/>\n&#13;<br \/>\nL&#8217;amore&#13;<br \/>\n&#13;<\/p>\n<p>Oltre al lavoro, a soddisfare la vita di Anna Falchi \u00e8 l&#8217;<a href=\"https:\/\/www.leggo.it\/t\/amore\" rel=\"nofollow noopener\" target=\"_blank\">amore<\/a>. La sua relazione con <strong><a href=\"https:\/\/www.leggo.it\/t\/andrea-crippa\" rel=\"nofollow noopener\" target=\"_blank\">Andrea Crippa<\/a><\/strong>, deputato della Lega, sembra andare a gonfie vele.\u00a0\u00abAlla\u00a0mia et\u00e0 essere innamorati lo trovo un lusso, un regalo divino\u00bb, dichiara prima di spiegare il suo tipo di uomo:\u00a0\u00abNon uso strategie in amore.\u00a0Pi\u00f9 che di influenti parlerei di personalit\u00e0 con carattere: per tenermi testa ci vuole carattere\u00bb.<\/p>\n<p>                                &#13;<br \/>\n                &#13;<br \/>\n&#13;<br \/>\n                Ultimo aggiornamento: luned\u00ec 3 agosto 2026, 11:10&#13;<br \/>\n                <br \/>&#13;<br \/>\n                &#13;<br \/>\n                  &#13;<br \/>\n                    &#13;<br \/>\n                        \u00a9 RIPRODUZIONE RISERVATA&#13;<\/p>\n<p>&#13;<\/p>\n<p>                    &#13;<\/p>\n","protected":false},"excerpt":{"rendered":"&#13; &#13; &#13; &#13; \u00abSono spontanea, dico quello che penso. Non sono falsa e credo che questo il&hellip;\n","protected":false},"author":3,"featured_media":615503,"comment_status":"","ping_status":"","sticky":false,"template":"","format":"standard","meta":{"footnotes":"","_share_on_mastodon":"0"},"categories":[1451],"tags":[339275,43906,1621,1620,203,204,1537,90,89],"class_list":["post-615502","post","type-post","status-publish","format-standard","has-post-thumbnail","category-celebrita","tag-andrea-crippa","tag-anna-falchi","tag-celebrita","tag-celebrities","tag-entertainment","tag-intrattenimento","tag-it","tag-italia","tag-italy"],"share_on_mastodon":{"url":"https:\/\/pubeurope.com\/@it\/117031431758103851","error":""},"_links":{"self":[{"href":"https:\/\/www.europesays.com\/it\/wp-json\/wp\/v2\/posts\/615502","targetHints":{"allow":["GET"]}}],"collection":[{"href":"https:\/\/www.europesays.com\/it\/wp-json\/wp\/v2\/posts"}],"about":[{"href":"https:\/\/www.europesays.com\/it\/wp-json\/wp\/v2\/types\/post"}],"author":[{"embeddable":true,"href":"https:\/\/www.europesays.com\/it\/wp-json\/wp\/v2\/users\/3"}],"replies":[{"embeddable":true,"href":"https:\/\/www.europesays.com\/it\/wp-json\/wp\/v2\/comments?post=615502"}],"version-history":[{"count":0,"href":"https:\/\/www.europesays.com\/it\/wp-json\/wp\/v2\/posts\/615502\/revisions"}],"wp:featuredmedia":[{"embeddable":true,"href":"https:\/\/www.europesays.com\/it\/wp-json\/wp\/v2\/media\/615503"}],"wp:attachment":[{"href":"https:\/\/www.europesays.com\/it\/wp-json\/wp\/v2\/media?parent=615502"}],"wp:term":[{"taxonomy":"category","embeddable":true,"href":"https:\/\/www.europesays.com\/it\/wp-json\/wp\/v2\/categories?post=615502"},{"taxonomy":"post_tag","embeddable":true,"href":"https:\/\/www.europesays.com\/it\/wp-json\/wp\/v2\/tags?post=615502"}],"curies":[{"name":"wp","href":"https:\/\/api.w.org\/{rel}","templated":true}]}}