{"id":616013,"date":"2026-08-03T18:30:23","date_gmt":"2026-08-03T18:30:23","guid":{"rendered":"https:\/\/www.europesays.com\/it\/616013\/"},"modified":"2026-08-03T18:30:23","modified_gmt":"2026-08-03T18:30:23","slug":"uci-il-presidente-david-lappartient-approva-i-controlli-antidoping-notturni-un-segnale-per-tutto-il-gruppo","status":"publish","type":"post","link":"https:\/\/www.europesays.com\/it\/616013\/","title":{"rendered":"UCI, il presidente David Lappartient approva i controlli antidoping notturni: &#8220;Un segnale per tutto il gruppo&#8221;"},"content":{"rendered":"<p>\t\t\t\t\t<a href=\"https:\/\/cyclingpro.net\/spaziociclismo\/altro\/scopri-lapp-ufficiale-di-spaziociclismo\/\" title=\"\" rel=\"nofollow noopener\" target=\"_blank\"><br \/>\n\t\t\t\t\t\t<img loading=\"lazy\" decoding=\"async\" src=\"https:\/\/www.europesays.com\/it\/wp-content\/uploads\/2025\/09\/1758060682_662_Banner-App-SpazioCiclismo.png\" alt=\"\" width=\"728\" height=\"91\"\/><br \/>\n\t\t\t\t\t<\/a><\/p>\n<p>I controlli antidoping effettuati nell\u2019arco del <strong>Tour de France 2026<\/strong> hanno scosso il mondo del ciclismo. Non per quello che riguarda i risultati \u2013 al momento non \u00e8 stato comunicato nulla in merito \u2013 ma per le modalit\u00e0 con cui gli esami sono stati effettuati. In particolare, i due vincitori degli ultimi 7 Tour (compreso quello appena finito), <a href=\"https:\/\/cyclingpro.net\/spaziociclismo\/tour-2026\/tour-de-france-2026-vingegaard-e-pogacar-svegliati-dallantidoping-alle-2-e-5-per-un-controllo-a-sorpresa-scoppia-la-polemica\/\" target=\"_blank\" rel=\"noopener nofollow\">Jonas Vingegaard e Tadej Poga\u010dar hanno ricevuto la visita degli ispettori dell\u2019ITA (Agenzia Internazionale per i Test) nel bel mezzo della notte fra le tappe 14 e 15<\/a>, peraltro due delle pi\u00f9 dure della Grande Boucle appena conclusasi.<\/p>\n<p> <a href=\"https:\/\/cyclingpro.net\/spaziociclismo\/abbonati\/\" rel=\"nofollow noopener\" target=\"_blank\"><img decoding=\"async\" src=\"https:\/\/www.europesays.com\/it\/wp-content\/uploads\/2026\/07\/Banner-AdFree-SpazioCiclismo.png\"\/><\/a><\/p>\n<p>Ad aggiungere carico alle discussioni che hanno seguito l\u2019accaduto, c\u2019\u00e8 stato poi l\u2019incidente di gara capitato giusto qualche ora dopo a Vingegaard, finito a terra in una curva e costretto al ritiro. Da pi\u00f9 parti si \u00e8 infatti sostenuto che il riposo interrotto e tutto quel che pu\u00f2 conseguire in termini di stress abbia potuto influire sulle condizioni psicofisiche del danese in sella.<\/p>\n<p>Sul tema \u00e8 arrivato ora il punto di vista \u201cufficiale\u201d dell\u2019<strong>Unione Ciclistica Internazionale<\/strong>, per bocca del suo presidente, il francese <strong>David Lappartient<\/strong>: \u201cInnanzitutto possiamo dire che il recente Tour de France \u00e8 stato pulitissimo \u2013 le parole del massimo dirigente dell\u2019UCI in un\u2019intervista concessa a <a href=\"https:\/\/www.theguardian.com\/sport\/2026\/aug\/02\/uci-president-backs-night-time-drug-testing-after-tour-de-france-controversy\" target=\"_blank\" rel=\"noopener nofollow\">The Guardian<\/a> \u2013 <strong>L\u2019Agenzia Internazionale per i Test (ITA) non fa mai comunicati su esami negativi, ma solo quando c\u2019\u00e8 qualche positivit\u00e0. E di comunicati non ne sono arrivati, quindi sembra che nel Tour non ci fosse nulla di illecito<\/strong>\u201c.<\/p>\n<p>E i controlli notturni? \u201cNon pensiamo che sia giusto farlo tutte le notti \u2013 il commento di Lappartient \u2013 E infatti le ore in cui normalmente vengono fatti i controlli non sono quelle della notte. <strong>Per\u00f2, sosteniamo l\u2019operato dell\u2019ITA se loro ritengono di dover fare dei test specifici, perch\u00e9, ad esempio, sappiamo che le microdosi di EPO le puoi trovare solo 6-7 ore dopo rispetto all\u2019immissione nell\u2019organismo.<\/strong> Per i corridori, il fatto che l\u2019ITA possa arrivare in qualsiasi momento deve rimanere comunque un timore\u201d.<\/p>\n<p class=\"dcr-1s160rg\">Il predidente dell\u2019UCI aggiunge: \u201cNel ciclismo ci sono sempre sospetti, a causa del passato di questo sport. Conosco tutto quello che \u00e8 stato fatto nella lotta al doping e so che i controlli notturni sono uno strumento in questa lotta, che per\u00f2 non va usato tutti i giorni. Bisogna utilizzarlo in via eccezionale. <strong>E il suo uso non \u00e8 dato dal sospetto nei confronti di alcun corridore, ma va visto come un messaggio generale al gruppo<\/strong>\u201c:<\/p>\n","protected":false},"excerpt":{"rendered":"I controlli antidoping effettuati nell\u2019arco del Tour de France 2026 hanno scosso il mondo del ciclismo. Non per&hellip;\n","protected":false},"author":3,"featured_media":616014,"comment_status":"","ping_status":"","sticky":false,"template":"","format":"standard","meta":{"footnotes":"","_share_on_mastodon":"0"},"categories":[1456],"tags":[1824,1825,1537,90,89,245,244,26869,3148],"class_list":["post-616013","post","type-post","status-publish","format-standard","has-post-thumbnail","category-ciclismo","tag-ciclismo","tag-cycling","tag-it","tag-italia","tag-italy","tag-sport","tag-sports","tag-tour-de-france-2026","tag-uci"],"share_on_mastodon":{"url":"https:\/\/pubeurope.com\/@it\/117033005194221184","error":""},"_links":{"self":[{"href":"https:\/\/www.europesays.com\/it\/wp-json\/wp\/v2\/posts\/616013","targetHints":{"allow":["GET"]}}],"collection":[{"href":"https:\/\/www.europesays.com\/it\/wp-json\/wp\/v2\/posts"}],"about":[{"href":"https:\/\/www.europesays.com\/it\/wp-json\/wp\/v2\/types\/post"}],"author":[{"embeddable":true,"href":"https:\/\/www.europesays.com\/it\/wp-json\/wp\/v2\/users\/3"}],"replies":[{"embeddable":true,"href":"https:\/\/www.europesays.com\/it\/wp-json\/wp\/v2\/comments?post=616013"}],"version-history":[{"count":0,"href":"https:\/\/www.europesays.com\/it\/wp-json\/wp\/v2\/posts\/616013\/revisions"}],"wp:featuredmedia":[{"embeddable":true,"href":"https:\/\/www.europesays.com\/it\/wp-json\/wp\/v2\/media\/616014"}],"wp:attachment":[{"href":"https:\/\/www.europesays.com\/it\/wp-json\/wp\/v2\/media?parent=616013"}],"wp:term":[{"taxonomy":"category","embeddable":true,"href":"https:\/\/www.europesays.com\/it\/wp-json\/wp\/v2\/categories?post=616013"},{"taxonomy":"post_tag","embeddable":true,"href":"https:\/\/www.europesays.com\/it\/wp-json\/wp\/v2\/tags?post=616013"}],"curies":[{"name":"wp","href":"https:\/\/api.w.org\/{rel}","templated":true}]}}